{"id":167466,"date":"2025-06-11T06:02:09","date_gmt":"2025-06-11T06:02:09","guid":{"rendered":"https:\/\/www.europesays.com\/fr\/167466\/"},"modified":"2025-06-11T06:02:09","modified_gmt":"2025-06-11T06:02:09","slug":"la-celebre-fresque-rue-de-molsheim-va-bientot-etre-remplacee","status":"publish","type":"post","link":"https:\/\/www.europesays.com\/fr\/167466\/","title":{"rendered":"la c\u00e9l\u00e8bre fresque rue de Molsheim va bient\u00f4t \u00eatre remplac\u00e9e"},"content":{"rendered":"<p>            Par<br \/>\n        <strong><br \/>\n            <a href=\"https:\/\/actu.fr\/auteur\/margot-fournie\" title=\"Consulter tous les articles de Margot Fournie\" rel=\"nofollow noopener\" target=\"_blank\">Margot Fournie<\/a><br \/>\n        <\/strong><\/p>\n<p>        Publi\u00e9 le<\/p>\n<p>            11 juin 2025 \u00e0 7h14        <\/p>\n<p>Depuis 2020, on peut admirer, d\u00e9ploy\u00e9e sur 224\u00a0m2, une <strong>fresque monumentale<\/strong> sur un immeuble appartenant au groupe Vivialys, situ\u00e9 au 37 rue de Molsheim dans le <a href=\"https:\/\/actu.fr\/grand-est\/strasbourg_67482\/strasbourg-la-salle-de-spectacle-la-laiterie-va-connaitre-d-importants-travaux-pour-changer-de-dimension_60878840.html\" rel=\"nofollow noopener\" target=\"_blank\">quartier de la Laiterie<\/a>, \u00e0 <a href=\"https:\/\/actu.fr\/strasbourg\/\" rel=\"nofollow noopener\" target=\"_blank\">Strasbourg<\/a>.<\/p>\n<p class=\" wall-content\">Elle a \u00e9t\u00e9 renouvel\u00e9e en 2022 par un <a href=\"https:\/\/actu.fr\/grand-est\/strasbourg_67482\/strasbourg-cette-fresque-monumentale-et-connue-de-tous-a-ete-remplacee-voici-par-quoi_54616223.html\" rel=\"nofollow noopener\" target=\"_blank\">artiste br\u00e9silien Alex Senna<\/a>. Elle s\u2019appr\u00eate \u00e0 l\u2019\u00eatre de nouveau.<\/p>\n<p>Une nouvelle fresque sur le th\u00e8me libert\u00e9, \u00e9galit\u00e9, fraternit\u00e9<\/p>\n<p class=\" wall-content\">Une nouvelle fresque sera d\u00e9voil\u00e9e le 26\u00a0juin, \u00e0 11h. L\u2019\u0153uvre pr\u00e9sent\u00e9e explorera la <strong>th\u00e9matique libert\u00e9, \u00e9galit\u00e9, fraternit\u00e9<\/strong>.<\/p>\n<p class=\" wall-content\">Elle a \u00e9t\u00e9 choisie parmi <strong>31 propositions<\/strong> faites par des \u00e9tudiants et des jeunes dipl\u00f4m\u00e9s de la <strong>Haute \u00e9cole des arts du Rhin<\/strong>.<\/p>\n<p class=\" wall-content\">Suivez toute l\u2019actualit\u00e9 de vos villes et m\u00e9dias favoris en vous inscrivant \u00e0 <a href=\"https:\/\/moncompte.actu.fr\" title=\"D\u00e9couvez Mon Actu\" rel=\"nofollow noopener\" data-trk=\"{&quot;cta&quot;:{&quot;action&quot;:&quot;https:\\\/\\\/moncompte.actu.fr&quot;,&quot;category&quot;:&quot;mon compte&quot;,&quot;from&quot;:&quot;article footer&quot;,&quot;name&quot;:&quot;Mon actu&quot;,&quot;type&quot;:&quot;cta&quot;}}\" target=\"_blank\">Mon Actu<\/a>.<\/p>\n","protected":false},"excerpt":{"rendered":"Par Margot Fournie Publi\u00e9 le 11 juin 2025 \u00e0 7h14 Depuis 2020, on peut admirer, d\u00e9ploy\u00e9e sur 224\u00a0m2,&hellip;\n","protected":false},"author":2,"featured_media":167467,"comment_status":"","ping_status":"","sticky":false,"template":"","format":"standard","meta":{"footnotes":""},"categories":[2820],"tags":[1111,11,1777,674,1011,27,775,1652,12,25,640,7189],"class_list":{"0":"post-167466","1":"post","2":"type-post","3":"status-publish","4":"format-standard","5":"has-post-thumbnail","7":"category-strasbourg","8":"tag-actu","9":"tag-actualites","10":"tag-eu","11":"tag-europe","12":"tag-fr","13":"tag-france","14":"tag-grand-est","15":"tag-loisirs-culture","16":"tag-news","17":"tag-republique-francaise","18":"tag-strasbourg","19":"tag-street-art"},"share_on_mastodon":{"url":"https:\/\/pubeurope.com\/@fr\/114663217323048461","error":""},"_links":{"self":[{"href":"https:\/\/www.europesays.com\/fr\/wp-json\/wp\/v2\/posts\/167466","targetHints":{"allow":["GET"]}}],"collection":[{"href":"https:\/\/www.europesays.com\/fr\/wp-json\/wp\/v2\/posts"}],"about":[{"href":"https:\/\/www.europesays.com\/fr\/wp-json\/wp\/v2\/types\/post"}],"author":[{"embeddable":true,"href":"https:\/\/www.europesays.com\/fr\/wp-json\/wp\/v2\/users\/2"}],"replies":[{"embeddable":true,"href":"https:\/\/www.europesays.com\/fr\/wp-json\/wp\/v2\/comments?post=167466"}],"version-history":[{"count":0,"href":"https:\/\/www.europesays.com\/fr\/wp-json\/wp\/v2\/posts\/167466\/revisions"}],"wp:featuredmedia":[{"embeddable":true,"href":"https:\/\/www.europesays.com\/fr\/wp-json\/wp\/v2\/media\/167467"}],"wp:attachment":[{"href":"https:\/\/www.europesays.com\/fr\/wp-json\/wp\/v2\/media?parent=167466"}],"wp:term":[{"taxonomy":"category","embeddable":true,"href":"https:\/\/www.europesays.com\/fr\/wp-json\/wp\/v2\/categories?post=167466"},{"taxonomy":"post_tag","embeddable":true,"href":"https:\/\/www.europesays.com\/fr\/wp-json\/wp\/v2\/tags?post=167466"}],"curies":[{"name":"wp","href":"https:\/\/api.w.org\/{rel}","templated":true}]}}