{"id":167468,"date":"2025-06-11T06:03:37","date_gmt":"2025-06-11T06:03:37","guid":{"rendered":"https:\/\/www.europesays.com\/fr\/167468\/"},"modified":"2025-06-11T06:03:37","modified_gmt":"2025-06-11T06:03:37","slug":"florian-kobryn-devient-le-premier-elu-de-la-france-insoumise-a-la-collectivite-dalsace","status":"publish","type":"post","link":"https:\/\/www.europesays.com\/fr\/167468\/","title":{"rendered":"Florian Kobryn devient le premier \u00e9lu de La France insoumise \u00e0 la Collectivit\u00e9 d&rsquo;Alsace"},"content":{"rendered":"<p class=\"wp-block-post-excerpt__excerpt\">Conseiller d\u2019opposition de la Collectivit\u00e9 europ\u00e9enne d\u2019Alsace, Florian Kobryn a d\u00e9cid\u00e9 de s\u2019affilier \u00e0 La France insoumise. Auparavant non encart\u00e9, il devient le premier \u00e9lu du mouvement au sein du D\u00e9partement. <\/p>\n<p class=\"font-sans\">\n\t\t\tCet article est en acc\u00e8s libre. Pour soutenir Rue89 Strasbourg,<br \/>\n\t\t\t<a class=\"underline\" href=\"https:\/\/www.rue89strasbourg.com\/abonnement\" target=\"_blank\" rel=\"noopener\">abonnez-vous<\/a>.\n\t\t<\/p>\n<p>Roni Gocer<\/p>\n<p>Publi\u00e9 le 10 juin 2025\u00a0\u00a0\u00b7\u00a0\u00a0<\/p>\n<p>Imprim\u00e9 le 11 juin 2025 \u00e0 07h49\u00a0\u00a0\u00b7\u00a0\u00a0<\/p>\n<p>Modifi\u00e9 le 10 juin 2025\u00a0\u00a0\u00b7\u00a0\u00a0<\/p>\n<p>\t\t\t\t\t1\u00a0minute\n<\/p>\n<p>Florian Kobryn a \u00e9t\u00e9 <a href=\"https:\/\/www.rue89strasbourg.com\/collectivite-alsace-quatre-elus-gauche-division-333630\" target=\"_blank\" rel=\"noreferrer noopener\">pr\u00e9sident du groupe d\u2019opposition de gauche pendant quatre ans<\/a> au sein de la Collectivit\u00e9 europ\u00e9enne d\u2019Alsace. Il a quitt\u00e9 ce m\u00eame groupe <a href=\"https:\/\/www.rue89strasbourg.com\/florian-kobryn-quitte-le-groupe-dopposition-a-la-collectivite-dalsace-339140\" target=\"_blank\" rel=\"noreferrer noopener\">en avril<\/a> \u00e0 la suite de tensions internes, provoquant sa disparition. Il annonce lundi 10 juin rejoindre La France insoumise (LFI). L\u2019ancien \u00e9lu issu de la soci\u00e9t\u00e9 civile, employ\u00e9 du Th\u00e9\u00e2tre national de Strasbourg, n\u2019\u00e9tait pas encore affili\u00e9 \u00e0 un parti. Dans un communiqu\u00e9 envoy\u00e9 \u00e0 Rue89 Strasbourg, Florian Kobryn explique son choix\u00a0:<\/p>\n<blockquote class=\"wp-block-quote is-layout-flow wp-block-quote-is-layout-flow\">\n<p>\u00ab\u00a0Ce mouvement a particip\u00e9 \u00e0 construire mon \u00e9ducation politique, mes engagements et mes convictions. C\u2019est donc avec fiert\u00e9 que je poursuivrai, aux c\u00f4t\u00e9s du collectif insoumis, les combats que je porte d\u00e9j\u00e0 dans une d\u00e9marche r\u00e9solument collective, ancr\u00e9e dans le territoire alsacien, et porteuse d\u2019un projet radical.\u00a0\u00bb<\/p>\n<\/blockquote>\n<p><a href=\"https:\/\/www.rue89strasbourg.com\/abonnement\" target=\"_blank\" rel=\"noopener\"><img loading=\"lazy\" decoding=\"async\" width=\"970\" height=\"250\" src=\"https:\/\/www.europesays.com\/fr\/wp-content\/uploads\/2025\/05\/bannie\u0300re-autopromo-2025-desktop-1.gif\" alt=\"\" class=\"wp-image-343590\" style=\"width:792px\"\/><\/a><\/p>\n<p><a href=\"https:\/\/www.rue89strasbourg.com\/abonnement\" target=\"_blank\" rel=\"noopener\"><img loading=\"lazy\" decoding=\"async\" width=\"300\" height=\"300\" src=\"https:\/\/www.europesays.com\/fr\/wp-content\/uploads\/2025\/05\/bannieres@2x.png\" alt=\"\" class=\"wp-image-341656\"  \/><\/a><\/p>\n<p>Exp\u00e9rience d\u2019\u00e9lu <\/p>\n<p>Par rapport aux autres partis de gauche, le mouvement insoumis souffre en Alsace d\u2019un d\u00e9ficit de figures m\u00e9diatiques et d\u2019un manque d\u2019implantation au sein des instances politiques locales. L\u2019\u00e9lu insoumis le plus connu est Emmanuel Fernandes, d\u00e9put\u00e9 de la 2e circonscription du Bas-Rhin depuis 2022.<\/p>\n<p>\u00ab\u00a0Pour que le mouvement r\u00e9ussisse, il faudra une mobilisation \u00e0 tous les \u00e9chelons pour avoir une proposition politique forte et coh\u00e9rente. Mon objectif sera de partager mon exp\u00e9rience d\u2019\u00e9lu local\u00a0\u00bb, assure Florian Kobryn par t\u00e9l\u00e9phone. En plus de son mandat au D\u00e9partement, il s\u2019engagera dans le groupe d\u2019action de La France insoumise du quartier de la Krutenau. \u00c0 un an des \u00e9lections municipales, alors <a href=\"https:\/\/www.rue89strasbourg.com\/fernandes-insoumis-bousculer-municipales-strasbourg-330872\" target=\"_blank\" rel=\"noreferrer noopener\">que LFI souhaite peser \u00e0 Strasbourg<\/a>, son ralliement devrait \u00eatre appr\u00e9ci\u00e9 par le mouvement de gauche radicale.<\/p>\n","protected":false},"excerpt":{"rendered":"Conseiller d\u2019opposition de la Collectivit\u00e9 europ\u00e9enne d\u2019Alsace, Florian Kobryn a d\u00e9cid\u00e9 de s\u2019affilier \u00e0 La France insoumise. Auparavant&hellip;\n","protected":false},"author":2,"featured_media":6285,"comment_status":"","ping_status":"","sticky":false,"template":"","format":"standard","meta":{"footnotes":""},"categories":[2820],"tags":[1111,11,3677,1777,674,3678,1011,27,775,12,316,25,640],"class_list":{"0":"post-167468","1":"post","2":"type-post","3":"status-publish","4":"format-standard","5":"has-post-thumbnail","7":"category-strasbourg","8":"tag-actu","9":"tag-actualites","10":"tag-collectivite-europeenne-dalsace","11":"tag-eu","12":"tag-europe","13":"tag-florian-kobryn","14":"tag-fr","15":"tag-france","16":"tag-grand-est","17":"tag-news","18":"tag-politique","19":"tag-republique-francaise","20":"tag-strasbourg"},"share_on_mastodon":{"url":"https:\/\/pubeurope.com\/@fr\/114663221139784839","error":""},"_links":{"self":[{"href":"https:\/\/www.europesays.com\/fr\/wp-json\/wp\/v2\/posts\/167468","targetHints":{"allow":["GET"]}}],"collection":[{"href":"https:\/\/www.europesays.com\/fr\/wp-json\/wp\/v2\/posts"}],"about":[{"href":"https:\/\/www.europesays.com\/fr\/wp-json\/wp\/v2\/types\/post"}],"author":[{"embeddable":true,"href":"https:\/\/www.europesays.com\/fr\/wp-json\/wp\/v2\/users\/2"}],"replies":[{"embeddable":true,"href":"https:\/\/www.europesays.com\/fr\/wp-json\/wp\/v2\/comments?post=167468"}],"version-history":[{"count":0,"href":"https:\/\/www.europesays.com\/fr\/wp-json\/wp\/v2\/posts\/167468\/revisions"}],"wp:featuredmedia":[{"embeddable":true,"href":"https:\/\/www.europesays.com\/fr\/wp-json\/wp\/v2\/media\/6285"}],"wp:attachment":[{"href":"https:\/\/www.europesays.com\/fr\/wp-json\/wp\/v2\/media?parent=167468"}],"wp:term":[{"taxonomy":"category","embeddable":true,"href":"https:\/\/www.europesays.com\/fr\/wp-json\/wp\/v2\/categories?post=167468"},{"taxonomy":"post_tag","embeddable":true,"href":"https:\/\/www.europesays.com\/fr\/wp-json\/wp\/v2\/tags?post=167468"}],"curies":[{"name":"wp","href":"https:\/\/api.w.org\/{rel}","templated":true}]}}