{"id":167469,"date":"2025-06-11T06:04:09","date_gmt":"2025-06-11T06:04:09","guid":{"rendered":"https:\/\/www.europesays.com\/fr\/167469\/"},"modified":"2025-06-11T06:04:09","modified_gmt":"2025-06-11T06:04:09","slug":"nuisances-sonores-a-nice-les-quartiers-sunissent-et-annoncent-une-action-en-justice-collective","status":"publish","type":"post","link":"https:\/\/www.europesays.com\/fr\/167469\/","title":{"rendered":"Nuisances sonores \u00e0 Nice: les quartiers s\u2019unissent et annoncent \u00ab\u00a0une action en justice collective\u00a0\u00bb"},"content":{"rendered":"<p>Musique \u00e0 fond, rire et discussions jusqu\u2019\u00e0 2h:<a href=\"https:\/\/www.nicematin.com\/vie-locale\/des-resonances-importantes-pour-les-voisins-le-rooftop-du-mama-shelter-bientot-couvert-afin-de-limiter-les-nuisances-sonores-985871\" rel=\"nofollow noopener\" target=\"_blank\"> les habitants des quartiers particuli\u00e8rement touch\u00e9s par les nuisances sonores<\/a> n\u2019en peuvent plus. \u00ab\u00a0On ne peut pas dormir, cela fait 15 ans que je demande le droit \u00e0 dormir\u00a0\u00bb, raconte Mich\u00e8le. \u00ab\u00a0C\u2019est comme si la musique \u00e9tait chez moi\u00a0\u00bb, se plaint D\u00e9borah.<\/p>\n<p>Ils vivent rue Bonaparte ou encore rue de l\u2019H\u00f4tel des Postes \u00e0 Nice et ils ont d\u00e9cid\u00e9 d\u2019unir leurs forces face \u00e0 cette probl\u00e9matique. Ils ont d\u00e9pos\u00e9 des plaintes, sont en lien, au quotidien avec les forces de l\u2019ordre ou la municipalit\u00e9. \u00ab\u00a0En se r\u00e9unissant tous ensemble, l\u2019objectif, c\u2019est d\u2019avoir plus d\u2019impact\u00a0\u00bb, explique un membre de la nouvelle coalition pr\u00e9sent\u00e9e la semaine derni\u00e8re. \u00ab\u00a0Nous voulons mener une action collective en justice\u00a0\u00bb.<\/p>\n<p>Des plaignants victimes de violences<\/p>\n<p>Les habitants ont eu le droit \u00e0 des actes de vandalisme. \u00ab\u00a0Certains ont subi des repr\u00e9sailles, surtout rue Bonaparte\u00a0\u00bb, d\u00e9plore le membre du collectif. Serrures coll\u00e9es, jet de seau d\u2019eau sale au visage, roues de v\u00e9lo crev\u00e9es \u00e0 coups de couteau: la r\u00e9volte de ces r\u00e9sidents semble d\u00e9plaire \u00e0 certains. R\u00e9cemment, une mise en demeure par la Ville de Nice a \u00e9t\u00e9 obtenue par le collectif.<\/p>\n","protected":false},"excerpt":{"rendered":"Musique \u00e0 fond, rire et discussions jusqu\u2019\u00e0 2h: les habitants des quartiers particuli\u00e8rement touch\u00e9s par les nuisances sonores&hellip;\n","protected":false},"author":2,"featured_media":167470,"comment_status":"","ping_status":"","sticky":false,"template":"","format":"standard","meta":{"footnotes":""},"categories":[2819],"tags":[1111,11,1777,674,1011,27,12,2401,882,25,3366],"class_list":{"0":"post-167469","1":"post","2":"type-post","3":"status-publish","4":"format-standard","5":"has-post-thumbnail","7":"category-nice","8":"tag-actu","9":"tag-actualites","10":"tag-eu","11":"tag-europe","12":"tag-fr","13":"tag-france","14":"tag-news","15":"tag-nice","16":"tag-provence-alpes-cote-dazur","17":"tag-republique-francaise","18":"tag-vie-locale"},"share_on_mastodon":{"url":"https:\/\/pubeurope.com\/@fr\/114663225048659590","error":""},"_links":{"self":[{"href":"https:\/\/www.europesays.com\/fr\/wp-json\/wp\/v2\/posts\/167469","targetHints":{"allow":["GET"]}}],"collection":[{"href":"https:\/\/www.europesays.com\/fr\/wp-json\/wp\/v2\/posts"}],"about":[{"href":"https:\/\/www.europesays.com\/fr\/wp-json\/wp\/v2\/types\/post"}],"author":[{"embeddable":true,"href":"https:\/\/www.europesays.com\/fr\/wp-json\/wp\/v2\/users\/2"}],"replies":[{"embeddable":true,"href":"https:\/\/www.europesays.com\/fr\/wp-json\/wp\/v2\/comments?post=167469"}],"version-history":[{"count":0,"href":"https:\/\/www.europesays.com\/fr\/wp-json\/wp\/v2\/posts\/167469\/revisions"}],"wp:featuredmedia":[{"embeddable":true,"href":"https:\/\/www.europesays.com\/fr\/wp-json\/wp\/v2\/media\/167470"}],"wp:attachment":[{"href":"https:\/\/www.europesays.com\/fr\/wp-json\/wp\/v2\/media?parent=167469"}],"wp:term":[{"taxonomy":"category","embeddable":true,"href":"https:\/\/www.europesays.com\/fr\/wp-json\/wp\/v2\/categories?post=167469"},{"taxonomy":"post_tag","embeddable":true,"href":"https:\/\/www.europesays.com\/fr\/wp-json\/wp\/v2\/tags?post=167469"}],"curies":[{"name":"wp","href":"https:\/\/api.w.org\/{rel}","templated":true}]}}