{"id":167471,"date":"2025-06-11T06:05:09","date_gmt":"2025-06-11T06:05:09","guid":{"rendered":"https:\/\/www.europesays.com\/fr\/167471\/"},"modified":"2025-06-11T06:05:09","modified_gmt":"2025-06-11T06:05:09","slug":"la-construction-dun-metro-entre-nice-et-monaco-jugee-difficile-par-le-ministre-des-transports","status":"publish","type":"post","link":"https:\/\/www.europesays.com\/fr\/167471\/","title":{"rendered":"La construction d\u2019un m\u00e9tro entre Nice et Monaco jug\u00e9e \u00abdifficile\u00bb par le ministre des Transports"},"content":{"rendered":"<p>Le projet d\u2019un m\u00e9tro pour se rendre depuis Nice dans la principaut\u00e9 de Monaco est \u00e9voqu\u00e9 depuis quelques ann\u00e9es afin de d\u00e9sengorger le trafic routier et ferroviaire.<\/p>\n<p class=\"fig-paragraph\">Longtemps \u00e9voqu\u00e9 mais jamais concr\u00e9tis\u00e9,\u00a0<a href=\"http:\/\/www.lefigaro.fr\/actualite-france\/a-nice-christian-estrosi-plaide-pour-la-creation-d-un-metro-et-d-un-rer-dans-la-metropole-20221202\" data-fig-type=\"Article\" data-gtm-custom-categorie=\"navigation\" data-gtm-custom-action=\"crossclick\" data-gtm-custom-label=\"Contextuel\" data-gtm-event=\"customEventSPE\" data-fig-domain=\"LEFIGARO\" rel=\"nofollow noopener\" target=\"_blank\">le projet d\u2019un m\u00e9tro entre Nice et Monaco<\/a>\u00a0a presque \u00e9t\u00e9 enterr\u00e9 par le ministre des Transports fran\u00e7ais,\u00a0<a href=\"http:\/\/www.lefigaro.fr\/societes\/philippe-tabarot-c-est-le-retour-de-l-etat-au-coeur-de-la-gestion-des-autoroutes-20250314\" data-fig-type=\"Article\" data-gtm-custom-categorie=\"navigation\" data-gtm-custom-action=\"crossclick\" data-gtm-custom-label=\"Contextuel\" data-gtm-event=\"customEventSPE\" data-fig-domain=\"LEFIGARO\" rel=\"nofollow noopener\" target=\"_blank\">Philippe Tabarot<\/a>. Apr\u00e8s avoir \u00e9chang\u00e9 avec le gouvernement mon\u00e9gasque sur ce sujet, ce dernier a indiqu\u00e9 dans un entretien accord\u00e9 au quotidien r\u00e9gional Nice-Matin que cela lui semblait \u00abdifficile\u00bb. Le ministre a ainsi \u00e9voqu\u00e9 \u00able cadre financier actuel\u00bb mais aussi les \u00abproc\u00e9dures \u00e0 mettre en place pour mener \u00e0 bien un projet d\u2019infrastructure aussi important\u00bb, faisant \u00e9cho\u00a0<a href=\"http:\/\/www.lefigaro.fr\/actualite-france\/entre-justice-et-politique-l-invraisemblable-feuilleton-de-l-autoroute-a69-20250521\" data-fig-type=\"Article\" data-gtm-custom-categorie=\"navigation\" data-gtm-custom-action=\"crossclick\" data-gtm-custom-label=\"Contextuel\" data-gtm-event=\"customEventSPE\" data-fig-domain=\"LEFIGARO\" rel=\"nofollow noopener\" target=\"_blank\">au complexe chantier de l\u2019autoroute A69<\/a>.<\/p>\n<p class=\"fig-paragraph\">En 2022, le pr\u00e9sident-maire de la m\u00e9tropole de Nice,\u00a0<a href=\"http:\/\/www.lefigaro.fr\/nice\/municipales-2026-a-un-an-des-elections-christian-estrosi-deja-en-mode-campagne-a-nice-20250328\" data-fig-type=\"NewsFlash\" data-gtm-custom-categorie=\"navigation\" data-gtm-custom-action=\"crossclick\" data-gtm-custom-label=\"Contextuel\" data-gtm-event=\"customEventSPE\" data-fig-domain=\"LEFIGARO\" rel=\"nofollow noopener\" target=\"_blank\">Christian Estrosi<\/a>, avait d\u00e9fendu l\u2019id\u00e9e d\u2019un m\u00e9tro long d\u2019une petite dizaine de kilom\u00e8tres pour relier Nice et Monaco, afin de d\u00e9sengorger le trafic routier et ferroviaire. Pr\u00e8s de 65.000 personnes travaillent dans le micro-\u00c9tat de deux kilom\u00e8tres carr\u00e9s,\u00a0<a href=\"http:\/\/www.lefigaro.fr\/nice\/monaco-entre-difficultes-pour-se-loger-et-se-deplacer-le-marche-du-travail-reste-attractif-20240219\" data-fig-type=\"NewsFlash\" data-gtm-custom-categorie=\"navigation\" data-gtm-custom-action=\"crossclick\" data-gtm-custom-label=\"Contextuel\" data-gtm-event=\"customEventSPE\" data-fig-domain=\"LEFIGARO\" rel=\"nofollow noopener\" target=\"_blank\">dont 60% de Fran\u00e7ais<\/a>, mais tr\u00e8s peu habitent dans\u00a0<a href=\"http:\/\/www.lefigaro.fr\/politique\/emmanuel-macron-attendu-a-monaco-ce-samedi-pour-une-visite-d-etat-sous-le-signe-des-oceans-20250607\" data-fig-type=\"NewsFlash\" data-gtm-custom-categorie=\"navigation\" data-gtm-custom-action=\"crossclick\" data-gtm-custom-label=\"Contextuel\" data-gtm-event=\"customEventSPE\" data-fig-domain=\"LEFIGARO\" rel=\"nofollow noopener\" target=\"_blank\">la Principaut\u00e9<\/a>\u00a0o\u00f9 les prix des logements\u00a0<a href=\"http:\/\/www.lefigaro.fr\/nice\/a-monaco-les-prix-de-l-immobilier-explosent-apres-la-livraison-du-luxueux-quartier-gagne-sur-la-mer-20250213\" data-fig-type=\"NewsFlash\" data-gtm-custom-categorie=\"navigation\" data-gtm-custom-action=\"crossclick\" data-gtm-custom-label=\"Contextuel\" data-gtm-event=\"customEventSPE\" data-fig-domain=\"LEFIGARO\" rel=\"nofollow noopener\" target=\"_blank\">sont exorbitants<\/a>.<\/p>\n<p>\u00abEnsemble de solutions\u00bb<\/p>\n<p class=\"fig-paragraph\">Cons\u00e9quence, de nombreuses personnes prennent leur voiture ou le train, mais la principale route d\u2019acc\u00e8s et les rames sont quotidiennement bond\u00e9es. La construction d\u2019un m\u00e9tro avait alors \u00e9t\u00e9 \u00e9voqu\u00e9e, et en octobre dernier, Monaco a m\u00eame lanc\u00e9 un appel \u00e0 candidature pour\u00a0<a href=\"http:\/\/www.lefigaro.fr\/nice\/pour-desengorger-l-acces-a-monaco-un-projet-de-metro-a-1-2-milliard-d-euros-sur-la-table-20241015\" data-fig-type=\"NewsFlash\" data-gtm-custom-categorie=\"navigation\" data-gtm-custom-action=\"crossclick\" data-gtm-custom-label=\"Contextuel\" data-gtm-event=\"customEventSPE\" data-fig-domain=\"LEFIGARO\" rel=\"nofollow noopener\" target=\"_blank\">un projet \u00e0 plus d\u2019un milliard d\u2019euros<\/a>\u00a0entre un parking relais \u00e0 \u00c8ze et le centre de la Principaut\u00e9.<\/p>\n<p class=\"fig-paragraph\">\u00abJe crois davantage \u00e0 un ensemble de solutions qu\u2019\u00e0 un grand projet qui r\u00e9glerait tous les probl\u00e8mes de mobilit\u00e9 entre Nice et Monaco\u00bb, a expliqu\u00e9 le ministre Philippe Tabarot, par ailleurs s\u00e9nateur dans les Alpes-Maritimes et qui conna\u00eet donc bien les enjeux du territoire.<\/p>\n<p class=\"fig-paragraph\">Il continue ainsi de d\u00e9fendre le ferroviaire et l\u2019id\u00e9e d\u2019un \u00abRER m\u00e9tropolitain\u00bb\u00a0: depuis le 16 d\u00e9cembre, des trains relient officiellement\u00a0<a href=\"http:\/\/www.lefigaro.fr\/nice\/sur-la-cote-d-azur-desormais-des-trains-toutes-les-15-minutes-pour-relier-cannes-nice-et-menton-20241215\" data-fig-type=\"NewsFlash\" data-gtm-custom-categorie=\"navigation\" data-gtm-custom-action=\"crossclick\" data-gtm-custom-label=\"Contextuel\" data-gtm-event=\"customEventSPE\" data-fig-domain=\"LEFIGARO\" rel=\"nofollow noopener\" target=\"_blank\">toutes les quinze minutes<\/a>\u00a0Cannes \u00e0 Menton, en passant \u00e9videmment par Nice et Monaco. \u00abL\u2019augmentation de l\u2019offre de pr\u00e8s de 30%, les travaux li\u00e9s \u00e0 la ligne nouvelle et ceux r\u00e9alis\u00e9s en gare de Monaco vont permettre d\u2019am\u00e9liorer le service\u00bb, a-t-il encore assur\u00e9.<\/p>\n","protected":false},"excerpt":{"rendered":"Le projet d\u2019un m\u00e9tro pour se rendre depuis Nice dans la principaut\u00e9 de Monaco est \u00e9voqu\u00e9 depuis quelques&hellip;\n","protected":false},"author":2,"featured_media":167472,"comment_status":"","ping_status":"","sticky":false,"template":"","format":"standard","meta":{"footnotes":""},"categories":[2819],"tags":[1111,11,2898,2829,2971,2972,2973,2974,1777,674,2975,1011,27,2969,2970,2987,2980,4047,3127,12,2401,2897,2976,2977,2978,2985,2986,2979,2981,2982,2983,2984,2991,2992,2993,2994,2996,2997,2998,2999,3000,3001,3002,2995,3003,3004,3005,3007,2268,882,25,2988,2989,2990,2968,800,3006],"class_list":{"0":"post-167471","1":"post","2":"type-post","3":"status-publish","4":"format-standard","5":"has-post-thumbnail","7":"category-nice","8":"tag-actu","9":"tag-actualites","10":"tag-alpes-maritimes","11":"tag-baumettes","12":"tag-carabacel","13":"tag-caucade","14":"tag-cimiez","15":"tag-cremat","16":"tag-eu","17":"tag-europe","18":"tag-fabron","19":"tag-fr","20":"tag-france","21":"tag-larenas","22":"tag-lariane","23":"tag-le-ray","24":"tag-lingostiere","25":"tag-metro","26":"tag-monaco","27":"tag-news","28":"tag-nice","29":"tag-nice-cote-dazur","30":"tag-nice-gairaut","31":"tag-nice-gambetta","32":"tag-nice-jean-medecin","33":"tag-nice-le-piol","34":"tag-nice-le-port","35":"tag-nice-liberation","36":"tag-nice-magnan","37":"tag-nice-mantega-mont-boron","38":"tag-nice-pasteur","39":"tag-nice-pessicart","40":"tag-nice-rue-de-france","41":"tag-nice-saint-antoine","42":"tag-nice-saint-augustin","43":"tag-nice-saint-isidore","44":"tag-nice-saint-maurice","45":"tag-nice-saint-pancrace","46":"tag-nice-saint-philippe","47":"tag-nice-saint-pierre-de-feric","48":"tag-nice-saint-roch","49":"tag-nice-saint-roman-de-bellet","50":"tag-nice-saint-sylvestre","51":"tag-nice-sainte-marguerite","52":"tag-nice-thiers","53":"tag-nice-ventabrun","54":"tag-nice-vernier","55":"tag-nice-vinaigrier","56":"tag-ogc-nice","57":"tag-provence-alpes-cote-dazur","58":"tag-republique-francaise","59":"tag-rimiez","60":"tag-riquier","61":"tag-roquebilliere","62":"tag-sud-est","63":"tag-transports","64":"tag-vieux-nice"},"share_on_mastodon":{"url":"","error":"Validation failed: Text character limit of 500 exceeded"},"_links":{"self":[{"href":"https:\/\/www.europesays.com\/fr\/wp-json\/wp\/v2\/posts\/167471","targetHints":{"allow":["GET"]}}],"collection":[{"href":"https:\/\/www.europesays.com\/fr\/wp-json\/wp\/v2\/posts"}],"about":[{"href":"https:\/\/www.europesays.com\/fr\/wp-json\/wp\/v2\/types\/post"}],"author":[{"embeddable":true,"href":"https:\/\/www.europesays.com\/fr\/wp-json\/wp\/v2\/users\/2"}],"replies":[{"embeddable":true,"href":"https:\/\/www.europesays.com\/fr\/wp-json\/wp\/v2\/comments?post=167471"}],"version-history":[{"count":0,"href":"https:\/\/www.europesays.com\/fr\/wp-json\/wp\/v2\/posts\/167471\/revisions"}],"wp:featuredmedia":[{"embeddable":true,"href":"https:\/\/www.europesays.com\/fr\/wp-json\/wp\/v2\/media\/167472"}],"wp:attachment":[{"href":"https:\/\/www.europesays.com\/fr\/wp-json\/wp\/v2\/media?parent=167471"}],"wp:term":[{"taxonomy":"category","embeddable":true,"href":"https:\/\/www.europesays.com\/fr\/wp-json\/wp\/v2\/categories?post=167471"},{"taxonomy":"post_tag","embeddable":true,"href":"https:\/\/www.europesays.com\/fr\/wp-json\/wp\/v2\/tags?post=167471"}],"curies":[{"name":"wp","href":"https:\/\/api.w.org\/{rel}","templated":true}]}}