{"id":167475,"date":"2025-06-11T06:07:15","date_gmt":"2025-06-11T06:07:15","guid":{"rendered":"https:\/\/www.europesays.com\/fr\/167475\/"},"modified":"2025-06-11T06:07:15","modified_gmt":"2025-06-11T06:07:15","slug":"une-boulangerie-reconnue-va-sinstaller-au-marche-des-arts","status":"publish","type":"post","link":"https:\/\/www.europesays.com\/fr\/167475\/","title":{"rendered":"une boulangerie reconnue va s&rsquo;installer au March\u00e9 des Arts"},"content":{"rendered":"<p>            Par<br \/>\n        <strong><br \/>\n            <a href=\"https:\/\/actu.fr\/auteur\/tristan-mahe-actu-fr\" title=\"Consulter tous les articles de Tristan Mah\u00e9\" target=\"_blank\" rel=\"noopener\">Tristan Mah\u00e9<\/a><br \/>\n        <\/strong><\/p>\n<p>        Publi\u00e9 le<\/p>\n<p>            11 juin 2025 \u00e0 7h30        <\/p>\n<p>\u00ab\u2009Le go\u00fbt de l\u2019essentiel\u2009\u00bb\u2009: c\u2019est le slogan de la boulangerie \u00ab<a href=\"https:\/\/www.instagram.com\/chez_fred_nantes\/\" target=\"_blank\" rel=\"noopener\">\u2009Chez Fred<\/a>\u2009\u00bb, qui va s\u2019installer, pour le plus grand bonheur des amateurs de p\u00e2tisseries et de pain <strong>au <a href=\"https:\/\/www.marchedesarts.fr\/\" target=\"_blank\" rel=\"noopener\">March\u00e9 des Arts de Nantes<\/a> d\u00e8s septembre<\/strong>.<\/p>\n<p class=\" wall-content\">Ouvert depuis d\u00e9j\u00e0 novembre\u00a02024, le March\u00e9 des Arts accueille <strong>19 artisans et commer\u00e7ants<\/strong>.<\/p>\n<p>Une enseigne d\u00e9j\u00e0 connue<\/p>\n<p class=\" wall-content\">D\u00e9j\u00e0 bien install\u00e9e au 65 rue de la Pierre \u00e0 <a href=\"https:\/\/actu.fr\/pays-de-la-loire\/bouguenais_44020\" target=\"_blank\" rel=\"noopener\"><strong>Bouguenais<\/strong><\/a>, la boulangerie \u00ab\u2009Chez Fred\u2009\u00bb est mitoyenne \u00e0 sa boucherie-charcuterie pour satisfaire m\u00eame les fans de viande.<\/p>\n<p class=\" wall-content\">Le commerce est ouvert du lundi au samedi de 7\u2009h \u00e0 20\u2009h, tandis que son \u00e9choppe au March\u00e9 des Arts respectera les horaires du march\u00e9, soit <strong>de 8\u2009h \u00e0 13\u2009h, au 6, boulevard de la Prairie-au-Duc<\/strong>.<\/p>\n<p class=\" wall-content\">Suivez toute l\u2019actualit\u00e9 de vos villes et m\u00e9dias favoris en vous inscrivant \u00e0 <a href=\"https:\/\/moncompte.actu.fr\" title=\"D\u00e9couvez Mon Actu\" rel=\"nofollow noopener\" data-trk=\"{&quot;cta&quot;:{&quot;action&quot;:&quot;https:\\\/\\\/moncompte.actu.fr&quot;,&quot;category&quot;:&quot;mon compte&quot;,&quot;from&quot;:&quot;article footer&quot;,&quot;name&quot;:&quot;Mon actu&quot;,&quot;type&quot;:&quot;cta&quot;}}\" target=\"_blank\">Mon Actu<\/a>.<\/p>\n<p>                    <script async src=\"\/\/www.instagram.com\/embed.js\"><\/script><\/p>\n","protected":false},"excerpt":{"rendered":"Par Tristan Mah\u00e9 Publi\u00e9 le 11 juin 2025 \u00e0 7h30 \u00ab\u2009Le go\u00fbt de l\u2019essentiel\u2009\u00bb\u2009: c\u2019est le slogan de&hellip;\n","protected":false},"author":2,"featured_media":167476,"comment_status":"","ping_status":"","sticky":false,"template":"","format":"standard","meta":{"footnotes":""},"categories":[2818],"tags":[1111,11,215,1777,674,1011,27,2089,766,12,3147,2636,25,104],"class_list":{"0":"post-167475","1":"post","2":"type-post","3":"status-publish","4":"format-standard","5":"has-post-thumbnail","7":"category-nantes","8":"tag-actu","9":"tag-actualites","10":"tag-commerce","11":"tag-eu","12":"tag-europe","13":"tag-fr","14":"tag-france","15":"tag-marche","16":"tag-nantes","17":"tag-news","18":"tag-nouveaux-commerces","19":"tag-pays-de-la-loire","20":"tag-republique-francaise","21":"tag-societe"},"share_on_mastodon":{"url":"https:\/\/pubeurope.com\/@fr\/114663236920798750","error":""},"_links":{"self":[{"href":"https:\/\/www.europesays.com\/fr\/wp-json\/wp\/v2\/posts\/167475","targetHints":{"allow":["GET"]}}],"collection":[{"href":"https:\/\/www.europesays.com\/fr\/wp-json\/wp\/v2\/posts"}],"about":[{"href":"https:\/\/www.europesays.com\/fr\/wp-json\/wp\/v2\/types\/post"}],"author":[{"embeddable":true,"href":"https:\/\/www.europesays.com\/fr\/wp-json\/wp\/v2\/users\/2"}],"replies":[{"embeddable":true,"href":"https:\/\/www.europesays.com\/fr\/wp-json\/wp\/v2\/comments?post=167475"}],"version-history":[{"count":0,"href":"https:\/\/www.europesays.com\/fr\/wp-json\/wp\/v2\/posts\/167475\/revisions"}],"wp:featuredmedia":[{"embeddable":true,"href":"https:\/\/www.europesays.com\/fr\/wp-json\/wp\/v2\/media\/167476"}],"wp:attachment":[{"href":"https:\/\/www.europesays.com\/fr\/wp-json\/wp\/v2\/media?parent=167475"}],"wp:term":[{"taxonomy":"category","embeddable":true,"href":"https:\/\/www.europesays.com\/fr\/wp-json\/wp\/v2\/categories?post=167475"},{"taxonomy":"post_tag","embeddable":true,"href":"https:\/\/www.europesays.com\/fr\/wp-json\/wp\/v2\/tags?post=167475"}],"curies":[{"name":"wp","href":"https:\/\/api.w.org\/{rel}","templated":true}]}}