{"id":16748,"date":"2025-04-11T07:38:09","date_gmt":"2025-04-11T07:38:09","guid":{"rendered":"https:\/\/www.europesays.com\/fr\/16748\/"},"modified":"2025-04-11T07:38:09","modified_gmt":"2025-04-11T07:38:09","slug":"les-joggers-sont-nombreux-a-le-faire-mais-cracher-par-terre-est-il-permis","status":"publish","type":"post","link":"https:\/\/www.europesays.com\/fr\/16748\/","title":{"rendered":"Les joggers sont nombreux \u00e0 le faire, mais cracher par terre est-il permis ?"},"content":{"rendered":"<p><strong>question\/REPONSE &#8211; Comportement jug\u00e9 d\u00e9go\u00fbtant et risquant de propager des maladies, cracher \u00e0 terre est-il autoris\u00e9 ? \u00ab 20 Minutes \u00bb r\u00e9pond \u00e0 quelques jours du marathon de Paris<\/strong><\/p>\n<p>A quelques jours du <a href=\"https:\/\/www.20minutes.fr\/sport\/marathon_de_paris\/4027826-20230331-marathon-paris-2023-courir-42-195-km-team-building-ideal-entreprise\" rel=\"nofollow noopener\" target=\"_blank\" data-ylk=\"slk:marathon de Paris;elm:context_link;itc:0;sec:content-canvas\" class=\"link \">marathon de Paris<\/a>, le 13 avril, la tension monte. Non pas \u00e0 propos de la motivation des 55.000 participants pr\u00eats \u00e0 avaler les 42,195 kilom\u00e8tres de l\u2019embl\u00e9matique course. Mais \u00e0 cause du comportement de certains coureurs qui ont l\u2019habitude\u2026 de cracher \u00e0 terre. \u00ab Dans mon quartier, il y a souvent des crachats \u00e0 terre, en plus des crottes de chien. C\u2019est vraiment d\u00e9gueulasse, j\u2019ai toujours peur de marcher dedans et de ramener \u00e7a \u00e0 l\u2019appartement \u00bb, s\u2019\u00e9meut Clarisse, habitante au sud de Paris.<\/p>\n<p>Car cracher quand on court, c\u2019est tout une probl\u00e9matique. Avec l\u2019effort, la production de mucus dans les voies respiratoires augmente. D\u2019o\u00f9 l\u2019envie de se racler la gorge\u2026 et de cracher ces s\u00e9cr\u00e9tions. Si l\u2019on est un peu malade, ces derni\u00e8res peuvent devenir plus abondantes, changer de couleur ou de texture. Des modifications, pr\u00e9cise <a href=\"https:\/\/www.santemagazine.fr\/sante\/maladies\/maladies-infectieuses\/maladies-virales\/jai-souvent-des-glaires-dans-la-gorge-comment-men-debarrasser-964109\" rel=\"nofollow noopener\" target=\"_blank\" data-ylk=\"slk:Sant\u00e9 Magazine;elm:context_link;itc:0;sec:content-canvas\" class=\"link \">Sant\u00e9 Magazine<\/a>, \u00ab g\u00e9n\u00e9ralement li\u00e9es \u00e0 une infection virale ou bact\u00e9rienne. Les glaires peuvent alors \u00eatre plus ou moins \u00e9paisses et visqueuses et prendre une couleur plut\u00f4t verd\u00e2tre ou jaun\u00e2tre. \u00bb.<\/p>\n<p>Quatorze mois de prison ferme pour des crachats<\/p>\n<p>Mais alors, ce comportement jug\u00e9 g\u00eanant, incivil, et risquant de transmettre des maladies est-il autoris\u00e9 ? La r\u00e9ponse d\u00e9pend de l\u2019endroit o\u00f9 atterrira l\u2019expectoration. Rappelons que cracher sur quelqu\u2019un, et a fortiori sur les forces de l\u2019ordre, n\u2019est pas permis. En 2023, un habitant de Kourou, en Guyane, qui avait crach\u00e9 sur des gendarmes en se vantant d\u2019\u00eatre atteint par le Covid-19, a \u00e9t\u00e9 jug\u00e9 po(&#8230;)<\/p>\n<p><a href=\"https:\/\/www.20minutes.fr\/societe\/4145742-20250411-marathon-paris-2025-joggers-nombreux-faire-cracher-terre-permis\" rel=\"nofollow noopener\" target=\"_blank\" data-ylk=\"slk:Lire la suite sur 20minutes;elm:context_link;itc:0;sec:content-canvas\" class=\"link \">Lire la suite sur 20minutes<\/a><\/p>\n<p>\u00c0 lire aussi :<br \/><a href=\"https:\/\/www.20minutes.fr\/faits_divers\/4121350-20241114-agen-femme-condamnee-avoir-insulte-crache-police\" rel=\"nofollow noopener\" target=\"_blank\" data-ylk=\"slk:Agen : Une femme condamn\u00e9e pour avoir insult\u00e9 et crach\u00e9 sur la police;elm:context_link;itc:0;sec:content-canvas\" class=\"link \">Agen : Une femme condamn\u00e9e pour avoir insult\u00e9 et crach\u00e9 sur la police<\/a><br \/><a href=\"https:\/\/www.20minutes.fr\/justice\/4070797-20240116-paris-excuse-regrette-maiwenn-condamnee-agression-edwy-plenel\" rel=\"nofollow noopener\" target=\"_blank\" data-ylk=\"slk:Paris : \u00ab Je ne m\u2019excuse pas et je ne regrette pas\u2026 \u00bb Ma\u00efwenn condamn\u00e9e pour l\u2019agression d\u2019Edwy Plenel;elm:context_link;itc:0;sec:content-canvas\" class=\"link \">Paris : \u00ab Je ne m\u2019excuse pas et je ne regrette pas\u2026 \u00bb Ma\u00efwenn condamn\u00e9e pour l\u2019agression d\u2019Edwy Plenel<\/a><\/p>\n","protected":false},"excerpt":{"rendered":"question\/REPONSE &#8211; Comportement jug\u00e9 d\u00e9go\u00fbtant et risquant de propager des maladies, cracher \u00e0 terre est-il autoris\u00e9 ? \u00ab&hellip;\n","protected":false},"author":2,"featured_media":16749,"comment_status":"","ping_status":"","sticky":false,"template":"","format":"standard","meta":{"footnotes":""},"categories":[1888],"tags":[1111,1928,11,1927,6843,1777,674,3160,1011,27,6463,12,1926,626,1925,25,4505],"class_list":{"0":"post-16748","1":"post","2":"type-post","3":"status-publish","4":"format-standard","5":"has-post-thumbnail","7":"category-paris","8":"tag-actu","9":"tag-actu-paris","10":"tag-actualites","11":"tag-actualites-paris","12":"tag-crottes-de-chien","13":"tag-eu","14":"tag-europe","15":"tag-forces-de-lordre","16":"tag-fr","17":"tag-france","18":"tag-marathon-de-paris","19":"tag-news","20":"tag-news-paris","21":"tag-paris","22":"tag-paris-news","23":"tag-republique-francaise","24":"tag-terre"},"share_on_mastodon":{"url":"https:\/\/pubeurope.com\/@fr\/114318193727657513","error":""},"_links":{"self":[{"href":"https:\/\/www.europesays.com\/fr\/wp-json\/wp\/v2\/posts\/16748","targetHints":{"allow":["GET"]}}],"collection":[{"href":"https:\/\/www.europesays.com\/fr\/wp-json\/wp\/v2\/posts"}],"about":[{"href":"https:\/\/www.europesays.com\/fr\/wp-json\/wp\/v2\/types\/post"}],"author":[{"embeddable":true,"href":"https:\/\/www.europesays.com\/fr\/wp-json\/wp\/v2\/users\/2"}],"replies":[{"embeddable":true,"href":"https:\/\/www.europesays.com\/fr\/wp-json\/wp\/v2\/comments?post=16748"}],"version-history":[{"count":0,"href":"https:\/\/www.europesays.com\/fr\/wp-json\/wp\/v2\/posts\/16748\/revisions"}],"wp:featuredmedia":[{"embeddable":true,"href":"https:\/\/www.europesays.com\/fr\/wp-json\/wp\/v2\/media\/16749"}],"wp:attachment":[{"href":"https:\/\/www.europesays.com\/fr\/wp-json\/wp\/v2\/media?parent=16748"}],"wp:term":[{"taxonomy":"category","embeddable":true,"href":"https:\/\/www.europesays.com\/fr\/wp-json\/wp\/v2\/categories?post=16748"},{"taxonomy":"post_tag","embeddable":true,"href":"https:\/\/www.europesays.com\/fr\/wp-json\/wp\/v2\/tags?post=16748"}],"curies":[{"name":"wp","href":"https:\/\/api.w.org\/{rel}","templated":true}]}}