{"id":167493,"date":"2025-06-11T06:16:08","date_gmt":"2025-06-11T06:16:08","guid":{"rendered":"https:\/\/www.europesays.com\/fr\/167493\/"},"modified":"2025-06-11T06:16:08","modified_gmt":"2025-06-11T06:16:08","slug":"un-maire-dune-commune-blesse-en-tentant-darreter-linstallation-de-gens-du-voyage-sur-son-stade","status":"publish","type":"post","link":"https:\/\/www.europesays.com\/fr\/167493\/","title":{"rendered":"un maire d\u2019une commune bless\u00e9 en tentant d\u2019arr\u00eater l\u2019installation de gens du voyage sur son stade"},"content":{"rendered":"<p itemprop=\"description\"><strong><strong>Le maire d\u2019Anthon a tout tent\u00e9 pour bloquer l\u2019arriv\u00e9e des gens du voyage dans sa commune.<\/strong><\/strong><\/p>\n<p class=\"x_MsoNormal\">Ce lundi apr\u00e8s-midi, pr\u00e8s de 200 caravanes sont introduit aux portes de la petite commune d\u2019Anthon en Is\u00e8re. Oppos\u00e9 \u00e0 l\u2019installation de ces derniers sur le terrain de football de son village, le maire, C\u00e9dric Camp, a tent\u00e9 de bloquer la venue des gens du voyage, en vain.<\/p>\n<p class=\"x_MsoNormal\">Ces derniers ont non seulement r\u00e9ussi \u00e0 s\u2019installer sur la pelouse du stade en fracturant la cl\u00f4ture, mais s\u2019en sont \u00e9galement pris physiquement \u00e0 l\u2019\u00e9lu m\u00e9content. Au sein de nos confr\u00e8res du Dauphin\u00e9 Lib\u00e9r\u00e9, le maire d\u2019Anthon a expliqu\u00e9 s&rsquo;\u00eatre allong\u00e9 sur le sol pour emp\u00eacher les caravanes de passer. Ce qui a pouss\u00e9 les gens du voyage \u00e0 se saisir de l&rsquo;\u00e9dile et \u00e0 le projeter plus loin. \u00ab\u00a0En tombant, je me suis \u00e9corch\u00e9 le bras et la main sur la cl\u00f4ture\u00a0\u00bb, se plaint C\u00e9dric Camp.<\/p>\n<p class=\"x_MsoNormal\">Le maire a un poignet foul\u00e9 et des contusions sur les c\u00f4tes. Le m\u00e9decin lui a prescrit 15 jours d\u2019incapacit\u00e9 totale de travail (ITT).<\/p>\n<p class=\"x_MsoNormal\">\u00c0 noter que ce n\u2019est pas la premi\u00e8re fois que le maire d\u2019Anthon fait face \u00e0 ce probl\u00e8me. En juin 2024, des gens du voyage avaient d\u00e9j\u00e0 tent\u00e9 de s\u2019installer sur le stade du village nord-is\u00e9rois.<\/p>\n","protected":false},"excerpt":{"rendered":"Le maire d\u2019Anthon a tout tent\u00e9 pour bloquer l\u2019arriv\u00e9e des gens du voyage dans sa commune. Ce lundi&hellip;\n","protected":false},"author":2,"featured_media":167494,"comment_status":"","ping_status":"","sticky":false,"template":"","format":"standard","meta":{"footnotes":""},"categories":[1889],"tags":[1111,11,2813,2190,2430,1109,251,1112,2811,1777,674,118,1011,27,1922,1110,1114,2428,2810,12,241,316,25,2812,517,800],"class_list":{"0":"post-167493","1":"post","2":"type-post","3":"status-publish","4":"format-standard","5":"has-post-thumbnail","7":"category-lyon","8":"tag-actu","9":"tag-actualites","10":"tag-article","11":"tag-asvel","12":"tag-auvergne-rhone-alpes","13":"tag-breves","14":"tag-culture","15":"tag-depeches","16":"tag-economique","17":"tag-eu","18":"tag-europe","19":"tag-faits-divers","20":"tag-fr","21":"tag-france","22":"tag-info","23":"tag-informations","24":"tag-infos","25":"tag-lyon","26":"tag-lyonmag","27":"tag-news","28":"tag-ol","29":"tag-politique","30":"tag-republique-francaise","31":"tag-sociale","32":"tag-sport","33":"tag-transports"},"share_on_mastodon":{"url":"https:\/\/pubeurope.com\/@fr\/114663272295245191","error":""},"_links":{"self":[{"href":"https:\/\/www.europesays.com\/fr\/wp-json\/wp\/v2\/posts\/167493","targetHints":{"allow":["GET"]}}],"collection":[{"href":"https:\/\/www.europesays.com\/fr\/wp-json\/wp\/v2\/posts"}],"about":[{"href":"https:\/\/www.europesays.com\/fr\/wp-json\/wp\/v2\/types\/post"}],"author":[{"embeddable":true,"href":"https:\/\/www.europesays.com\/fr\/wp-json\/wp\/v2\/users\/2"}],"replies":[{"embeddable":true,"href":"https:\/\/www.europesays.com\/fr\/wp-json\/wp\/v2\/comments?post=167493"}],"version-history":[{"count":0,"href":"https:\/\/www.europesays.com\/fr\/wp-json\/wp\/v2\/posts\/167493\/revisions"}],"wp:featuredmedia":[{"embeddable":true,"href":"https:\/\/www.europesays.com\/fr\/wp-json\/wp\/v2\/media\/167494"}],"wp:attachment":[{"href":"https:\/\/www.europesays.com\/fr\/wp-json\/wp\/v2\/media?parent=167493"}],"wp:term":[{"taxonomy":"category","embeddable":true,"href":"https:\/\/www.europesays.com\/fr\/wp-json\/wp\/v2\/categories?post=167493"},{"taxonomy":"post_tag","embeddable":true,"href":"https:\/\/www.europesays.com\/fr\/wp-json\/wp\/v2\/tags?post=167493"}],"curies":[{"name":"wp","href":"https:\/\/api.w.org\/{rel}","templated":true}]}}