{"id":167501,"date":"2025-06-11T06:20:09","date_gmt":"2025-06-11T06:20:09","guid":{"rendered":"https:\/\/www.europesays.com\/fr\/167501\/"},"modified":"2025-06-11T06:20:09","modified_gmt":"2025-06-11T06:20:09","slug":"comment-profiter-de-la-vasque-olympique-de-retour-aux-tuileries-a-paris-cet-ete","status":"publish","type":"post","link":"https:\/\/www.europesays.com\/fr\/167501\/","title":{"rendered":"comment profiter de la vasque olympique, de retour aux Tuileries \u00e0 Paris cet \u00e9t\u00e9"},"content":{"rendered":"<p>            Par<br \/>\n        <strong><br \/>\n            <a href=\"https:\/\/actu.fr\/auteur\/dorinegoth\" title=\"Consulter tous les articles de Dorine Goth\" target=\"_blank\" rel=\"noopener\">Dorine Goth<\/a><br \/>\n        <\/strong><\/p>\n<p>        Publi\u00e9 le<\/p>\n<p>            11 juin 2025 \u00e0 8h04        <\/p>\n<p>Pendant les JO de Paris 2024, son rayonnement avait presque \u00e9clips\u00e9 les performances des sportifs. Face \u00e0 l\u2019engouement populaire,<strong> <a href=\"https:\/\/actu.fr\/ile-de-france\/paris_75056\/une-grande-epopee-dans-la-tete-de-mathieu-lehanneur-createur-de-la-vasque-montgolfiere-des-jo_61462464.html\" target=\"_blank\" rel=\"noopener\">le ballon<\/a><\/strong> qui abritait la vasque olympique va faire <strong><a href=\"https:\/\/actu.fr\/ile-de-france\/paris_75056\/la-vasque-olympique-va-faire-son-retour-a-paris-ou-et-quand-l-admirer-a-nouveau-dans-la-capitale_62650072.html\" target=\"_blank\" rel=\"noopener\">son grand retour<\/a><\/strong> au <a href=\"https:\/\/actu.fr\/ile-de-france\/paris_75056\/jo-de-paris-2024-le-jardin-des-tuileries-accueillera-la-flamme-olympique_60871130.html\" target=\"_blank\" rel=\"noopener\">jardin des Tuileries<\/a> dans le 1er arrondissement de Paris.<\/p>\n<p>Retour le 21\u00a0juin<\/p>\n<p class=\" wall-content\">Le ballon, d\u00e9lest\u00e9 de son anneau flamme, retrouvera le ciel de Paris d\u00e8s le<strong> samedi 21\u00a0juin 2025<\/strong> et ce, jusqu\u2019au 14\u00a0septembre 2025.<\/p>\n<p class=\" wall-content\">L\u2019attraction sera \u00e0 terre et allum\u00e9e chaque jour, d\u00e8s <strong>10\u00a0heures<\/strong>. Ensuite, elle prendra son envol \u00e0 la fermeture au public du jardin \u00e0 partir de <strong>21\u00a0heures<\/strong> et pourra rester dans les airs jusqu\u2019\u00e0 1 heure du matin. \u00ab\u2009Sans d\u00e9passer trois heures de vol quotidiennement\u2009\u00bb, pr\u00e9cise la pr\u00e9fecture de police qui a d\u00e9livr\u00e9 officiellement, ce mardi 10\u00a0juin 2025 l\u2019autorisation. Ensuite, la vasque retournera au sol et restera<strong> \u00e9teinte de 1\u00a0heure \u00e0 10\u00a0heures<\/strong>, chaque nuit.<\/p>\n<p class=\" wall-content\"><a href=\"https:\/\/www.instagram.com\/reel\/C-YLhhvMAzN\/embed\" title=\"Ouvrir le lien sur Instagram\" target=\"_blank\" rel=\"noopener\">Visualiser le contenu sur Instagram<\/a><\/p>\n<p class=\" wall-content\">Cette fois-ci,<a href=\"https:\/\/actu.fr\/ile-de-france\/paris_75056\/retour-de-la-vasque-olympique-a-paris-des-billets-encore-disponibles-pour-admirer-la-nouvelle-attraction_61522328.html\" target=\"_blank\" rel=\"noopener\"><strong> plus besoin d\u2019inscription<\/strong><\/a> pour s\u2019en approcher en journ\u00e9e. Le ballon sera en acc\u00e8s libre et gratuit toute la journ\u00e9e. Il sera accessible aux horaires d\u2019ouverture du jardin, de 7\u00a0heures \u00e0 21\u00a0heures. Ensuite, <a href=\"https:\/\/actu.fr\/ile-de-france\/paris_75056\/jo-2024-les-meilleurs-spots-pour-admirer-la-vasque-olympique-dans-le-ciel-de-paris_61442824.html\" target=\"_blank\" rel=\"noopener\">plusieurs adresses<\/a> aux abords du jardin permettront d\u2019admirer son \u00e9l\u00e9vation dans le ciel.<\/p>\n<p class=\" wall-content\">Suivez toute l\u2019actualit\u00e9 de vos villes et m\u00e9dias favoris en vous inscrivant \u00e0 <a href=\"https:\/\/moncompte.actu.fr\" title=\"D\u00e9couvez Mon Actu\" rel=\"nofollow noopener\" data-trk=\"{&quot;cta&quot;:{&quot;action&quot;:&quot;https:\\\/\\\/moncompte.actu.fr&quot;,&quot;category&quot;:&quot;mon compte&quot;,&quot;from&quot;:&quot;article footer&quot;,&quot;name&quot;:&quot;Mon actu&quot;,&quot;type&quot;:&quot;cta&quot;}}\" target=\"_blank\">Mon Actu<\/a>.<\/p>\n<p>                    <script async src=\"\/\/www.instagram.com\/embed.js\"><\/script><\/p>\n","protected":false},"excerpt":{"rendered":"Par Dorine Goth Publi\u00e9 le 11 juin 2025 \u00e0 8h04 Pendant les JO de Paris 2024, son rayonnement&hellip;\n","protected":false},"author":2,"featured_media":167502,"comment_status":"","ping_status":"","sticky":false,"template":"","format":"standard","meta":{"footnotes":""},"categories":[1888],"tags":[1111,1928,11,1927,1777,674,1011,27,7941,1652,12,1926,626,1925,25],"class_list":{"0":"post-167501","1":"post","2":"type-post","3":"status-publish","4":"format-standard","5":"has-post-thumbnail","7":"category-paris","8":"tag-actu","9":"tag-actu-paris","10":"tag-actualites","11":"tag-actualites-paris","12":"tag-eu","13":"tag-europe","14":"tag-fr","15":"tag-france","16":"tag-jo-paris-2024","17":"tag-loisirs-culture","18":"tag-news","19":"tag-news-paris","20":"tag-paris","21":"tag-paris-news","22":"tag-republique-francaise"},"share_on_mastodon":{"url":"https:\/\/pubeurope.com\/@fr\/114663287847948965","error":""},"_links":{"self":[{"href":"https:\/\/www.europesays.com\/fr\/wp-json\/wp\/v2\/posts\/167501","targetHints":{"allow":["GET"]}}],"collection":[{"href":"https:\/\/www.europesays.com\/fr\/wp-json\/wp\/v2\/posts"}],"about":[{"href":"https:\/\/www.europesays.com\/fr\/wp-json\/wp\/v2\/types\/post"}],"author":[{"embeddable":true,"href":"https:\/\/www.europesays.com\/fr\/wp-json\/wp\/v2\/users\/2"}],"replies":[{"embeddable":true,"href":"https:\/\/www.europesays.com\/fr\/wp-json\/wp\/v2\/comments?post=167501"}],"version-history":[{"count":0,"href":"https:\/\/www.europesays.com\/fr\/wp-json\/wp\/v2\/posts\/167501\/revisions"}],"wp:featuredmedia":[{"embeddable":true,"href":"https:\/\/www.europesays.com\/fr\/wp-json\/wp\/v2\/media\/167502"}],"wp:attachment":[{"href":"https:\/\/www.europesays.com\/fr\/wp-json\/wp\/v2\/media?parent=167501"}],"wp:term":[{"taxonomy":"category","embeddable":true,"href":"https:\/\/www.europesays.com\/fr\/wp-json\/wp\/v2\/categories?post=167501"},{"taxonomy":"post_tag","embeddable":true,"href":"https:\/\/www.europesays.com\/fr\/wp-json\/wp\/v2\/tags?post=167501"}],"curies":[{"name":"wp","href":"https:\/\/api.w.org\/{rel}","templated":true}]}}