{"id":167517,"date":"2025-06-11T06:28:18","date_gmt":"2025-06-11T06:28:18","guid":{"rendered":"https:\/\/www.europesays.com\/fr\/167517\/"},"modified":"2025-06-11T06:28:18","modified_gmt":"2025-06-11T06:28:18","slug":"entretien-avec-friedrich-merz-chancelier-de-la-republique-federale-dallemagne","status":"publish","type":"post","link":"https:\/\/www.europesays.com\/fr\/167517\/","title":{"rendered":"Entretien avec Friedrich Merz, Chancelier de la R\u00e9publique f\u00e9d\u00e9rale d&rsquo;Allemagne."},"content":{"rendered":"<p><strong>Emmanuel MACRON<\/strong><\/p>\n<p>Cher Friedrich, c\u2019est un r\u00e9el plaisir pour moi de t&rsquo;accueillir \u00e0 Paris, en effet, accueillir le nouveau chancelier f\u00e9d\u00e9ral d&rsquo;Allemagne pour ouvrir une nouvelle page de la relation bilat\u00e9rale, de l&rsquo;amiti\u00e9 franco-allemande, mais aussi des grands projets europ\u00e9ens, est un moment important pour notre pays. Et donc, f\u00e9licitations pour l&rsquo;\u00e9lection d&rsquo;hier et merci d&rsquo;\u00eatre aujourd&rsquo;hui \u00e0 Paris pour ce premier voyage.<\/p>\n<p>62 ans apr\u00e8s le trait\u00e9 de l&rsquo;\u00c9lys\u00e9e, 6 ans apr\u00e8s le trait\u00e9 d&rsquo;Aix-la-Chapelle, donnant un nouvel \u00e9lan \u00e0 notre partenariat, c&rsquo;est au fond une amiti\u00e9 bien plus qu&rsquo;une coop\u00e9ration que nous voulons ancrer, et ce que nous avons appel\u00e9 ce r\u00e9flexe franco-allemand que nous voulons r\u00e9installer partout. Dans la tribune que nous avons aujourd&rsquo;hui publi\u00e9e ensemble, comme dans tous les travaux que nous avons \u00e9labor\u00e9s ces derni\u00e8res semaines, et surtout tout le travail qui nous attend dans les semaines et mois \u00e0 venir, nous souhaitons que l&rsquo;action se construise syst\u00e9matiquement ensemble. Nous voulons r\u00e9pondre ensemble aux d\u00e9fis que l&rsquo;Europe affronte. Nous voulons ensemble agir sur les sujets prioritaires \u00e0 nos yeux, la souverainet\u00e9, la s\u00e9curit\u00e9, la comp\u00e9titivit\u00e9.<\/p>\n<p>La premi\u00e8re de nos responsabilit\u00e9s, en effet, est la s\u00e9curit\u00e9 en Europe. Elle passe avant tout par notre soutien r\u00e9solu \u00e0 l&rsquo;Ukraine face \u00e0 l&rsquo;agressivit\u00e9. Avec l&rsquo;Allemagne, nous allons continuer \u00e0 travailler avec nos partenaires, avec les Am\u00e9ricains et toutes les nations volontaires pour parvenir \u00e0 un cessez-le-feu et cr\u00e9er les conditions d&rsquo;une paix juste et durable, fond\u00e9e sur des garanties de s\u00e9curit\u00e9 robustes pour l&rsquo;Ukraine. Et ensemble, nous devrons \u00e9galement continuer de tirer toutes les cons\u00e9quences de la menace syst\u00e9mique que la Russie fait peser sur notre s\u00e9curit\u00e9 europ\u00e9enne. Pour cela, nous continuerons d&rsquo;investir dans la d\u00e9fense. C&rsquo;est ce que nous faisons depuis 2017 en France avec une trajectoire de doublement de notre budget. Et je veux saluer la d\u00e9cision historique prise par l&rsquo;Allemagne apr\u00e8s la d\u00e9cision de 2022, celle historique prise il y a quelques semaines sous votre impulsion d&rsquo;investir massivement dans la d\u00e9fense, mais au-del\u00e0, dans le r\u00e9investissement dans les infrastructures pour d&rsquo;autres pays.<\/p>\n<p>Ce r\u00e9veil strat\u00e9gique pour la d\u00e9fense europ\u00e9enne, nous l&rsquo;acc\u00e9l\u00e9rons depuis le Conseil europ\u00e9en de mars, et ensemble, nous aurons \u00e0 rendre op\u00e9rationnel le plan propos\u00e9 par la Commission europ\u00e9enne, mobiliser des financements priv\u00e9s et publics pour des besoins capacitaires prioritaires, investir massivement dans notre base industrielle et technologique de d\u00e9fense europ\u00e9enne. Nous allons donc acc\u00e9l\u00e9rer nos programmes franco-allemands, d\u00e9velopper des capacit\u00e9s nouvelles et au-del\u00e0 des chars, avions de combat, missiles longue port\u00e9e, nous allons mettre en place un Conseil de d\u00e9fense et de s\u00e9curit\u00e9 franco-allemand qui se r\u00e9unira r\u00e9guli\u00e8rement pour apporter des r\u00e9ponses op\u00e9rationnelles \u00e0 nos d\u00e9fis strat\u00e9giques communs. Nous allons aussi coordonner nos travaux respectifs pour partager nos analyses et actualiser nos revues strat\u00e9giques nationales. Enfin, nous \u00e9tablirons un programme franco-allemand d&rsquo;innovation de d\u00e9fense pour permettre les innovations de rupture n\u00e9cessaires \u00e0 la guerre de demain.<\/p>\n<p>Ensuite, c&rsquo;est une Europe plus souveraine que nous voulons, comme je viens de le dire, mais \u00e9galement plus prosp\u00e8re et plus comp\u00e9titive et pour r\u00e9pondre aux d\u00e9fis de concurrence internationale qui nous sont pos\u00e9s, l\u00e0 aussi, nous voulons agir main dans la main. Cela vaut pour les droits de douane am\u00e9ricains, pour une r\u00e9ponse europ\u00e9enne unie et une issue \u00e9quilibr\u00e9e qui respectera nos int\u00e9r\u00eats. Cela justifie encore plus ce que nous avions d\u00e9cid\u00e9 en Europe sur notre propre agenda de comp\u00e9titivit\u00e9. Et l\u00e0, notre volont\u00e9 ensemble est d&rsquo;acc\u00e9l\u00e9rer la simplification dans beaucoup de domaines. Nous l&rsquo;avons dit, qu&rsquo;il s&rsquo;agisse de CSRD ou CS3D, de pouvoir \u00e9galement avoir une industrie plus comp\u00e9titive \u00e0 travers une politique \u00e9nerg\u00e9tique \u00e0 la fois d\u00e9carbon\u00e9e, mais \u00e9galement moins co\u00fbteuse.<\/p>\n<p>Pour assurer notre souverainet\u00e9 \u00e9nerg\u00e9tique dans le respect des choix nationaux, nous appelons \u00e0 mettre fin \u00e0 toutes les discriminations au niveau europ\u00e9en \u00e0 l&rsquo;\u00e9gard des \u00e9nergies bas-carbone, nucl\u00e9aires comme renouvelables. Nous voulons une vision d&rsquo;ensemble des march\u00e9s \u00e9nerg\u00e9tiques et un investissement au niveau europ\u00e9en dans nos r\u00e9seaux et infrastructures transfrontali\u00e8res. Tout nouvel objectif climatique n\u00e9cessitera des strat\u00e9gies cr\u00e9dibles et financ\u00e9es afin de garantir notre comp\u00e9titivit\u00e9 et \u00e9viter les fuites de carbone. Nous soutiendrons un agenda europ\u00e9en d&rsquo;investissement pour assurer notre comp\u00e9titivit\u00e9 et r\u00e9duire nos d\u00e9pendances strat\u00e9giques en mati\u00e8re d&rsquo;intelligence artificielle, de quantique, d&rsquo;\u00e9nergie propre, de biotechnologies, de spatial, de semi-conducteurs ou de d\u00e9fense. Avec l&rsquo;Allemagne, nous allons \u00e9tablir les feuilles de route pour des strat\u00e9gies conjointes dans ces domaines en mati\u00e8re de recherche, d&rsquo;investissement, mais aussi de simplification et de comp\u00e9titivit\u00e9. Et donc nous souhaitons, et nous allons d\u00e8s demain lancer ensemble plusieurs groupes de travaux tr\u00e8s concrets entre nos \u00e9quipes pour avancer dans ces domaines, rendre de part et d&rsquo;autre du Rhin nos industries plus comp\u00e9titives, renforcer les coop\u00e9rations, mais aussi pousser \u00e0 une acc\u00e9l\u00e9ration de la simplification de l&rsquo;agenda europ\u00e9en.<\/p>\n<p>Nous voulons acc\u00e9l\u00e9rer en Europe sur la cr\u00e9ation d&rsquo;une v\u00e9ritable union de l&rsquo;\u00e9pargne et de l&rsquo;investissement pour mobiliser l&rsquo;investissement priv\u00e9 et que l&rsquo;\u00e9pargne abondante en Europe soit mieux utilis\u00e9e pour servir nos grands objectifs strat\u00e9giques. Nous savons qu&rsquo;il faut investir, mais \u00e9galement donc simplifier et all\u00e9ger les charges r\u00e9glementaires. Beaucoup de choses ont \u00e9t\u00e9 dites dans le rapport de Mario Draghi, et c&rsquo;est une priorit\u00e9 que nous partageons avec le chancelier Merz. Cela suppose enfin de revoir le logiciel aussi de la politique commerciale, diversifier nos partenariats internationaux, nous d\u00e9boucher, d\u00e9risquer nos cha\u00eenes de valeur, promouvoir une concurrence loyale, prot\u00e9ger nos approvisionnements, nos technologies, nos secteurs strat\u00e9giques et sensibles et c&rsquo;est au c\u0153ur de la strat\u00e9gie de s\u00e9curit\u00e9 \u00e9conomique qui sera le n\u00f4tre.<\/p>\n<p>Enfin, avec Monsieur le Chancelier, nous partageons une conviction forte. Notre ambition pour l&rsquo;Europe n&rsquo;est possible que si l&rsquo;Allemagne et la France se coordonnent sur leurs r\u00e9formes \u00e9conomiques et sociales respectives pour faire converger nos mod\u00e8les. Sur l&rsquo;investissement, sur la d\u00e9fense, sur l&rsquo;\u00e9nergie, sur l&rsquo;espace, je l&rsquo;ai dit, nous allons travailler main dans la main sans na\u00efvet\u00e9, avec un objectif commun et un pilotage tr\u00e8s \u00e9troit entre nos \u00e9quipes et nous-m\u00eames. Et quand il y aura des choses qui peuvent \u00eatre des d\u00e9saccords, parce qu&rsquo;il peut y avoir des d\u00e9salignements d&rsquo;int\u00e9r\u00eats, et c&rsquo;est normal, parce que nous avons des acteurs qui sont en comp\u00e9tition, nous les r\u00e9glerons ensemble. Nous voulons aussi nous synchroniser, nous coordonner sur nos march\u00e9s du travail, notre fiscalit\u00e9, et nous renforcer mutuellement. Sur ces enjeux, nous voulons relancer ce r\u00e9flexe franco-allemand, et proposeront \u00e0 nos organisations patronales, syndicales, nos \u00e9conomistes, nos forces politiques de travailler ensemble pour mettre en \u0153uvre une feuille de route et d&rsquo;action commune.<\/p>\n<p>Sur les migrations, enfin, nous avons adopt\u00e9 au niveau europ\u00e9en le Pacte sur la migration et l\u2019asile, qui est un cadre efficace, qui doit \u00eatre mis en \u0153uvre sans attente. Et avec l&rsquo;Allemagne, nous voulons le faire de fa\u00e7on parfaitement harmonis\u00e9e et le compl\u00e9ter par un cadre europ\u00e9en robuste sur les retours. Nous sommes aussi attach\u00e9s au bon fonctionnement de l&rsquo;espace Schengen et nous agirons de fa\u00e7on coordonn\u00e9e pour en assurer le pilotage strat\u00e9gique. Mais l\u00e0 aussi, le renforcement de la protection de nos fronti\u00e8res, la coop\u00e9ration en la mati\u00e8re est un objectif tr\u00e8s important pour nous deux.<\/p>\n<p>Voil\u00e0, mesdames et messieurs, ce que je voulais dire ici. Monsieur le Chancelier, cher Friedrich, je me r\u00e9jouis de l&rsquo;ambition que nous avons d\u00e9cid\u00e9e de porter ensemble et de ce r\u00e9flexe commun. Je me r\u00e9jouis que vous nous fassiez l&rsquo;honneur de commencer votre mandat ici, \u00e0 Paris, et je sais aussi, nous venons de d\u00e9cider, que nous aurons l&rsquo;honneur, \u00e0 l&rsquo;\u00e9t\u00e9, de pouvoir ainsi r\u00e9unir, tirant toutes les cons\u00e9quences concr\u00e8tes du travail \u00e0 marche forc\u00e9e que nous allons lancer d\u00e8s demain, de tenir le premier Conseil des ministres franco-allemand, dont nous avons act\u00e9 le principe, et il permettra de d\u00e9cliner in concreto les fruits de cette feuille de route que nous avons travaill\u00e9e ensemble, des annonces d&rsquo;aujourd&rsquo;hui, et surtout par le bon travail de nos \u00e9quipes et de nos ministres. Merci d&rsquo;\u00eatre l\u00e0. Merci de ce que nous avons d\u00e9j\u00e0 act\u00e9 et d\u00e9cid\u00e9, et merci surtout du travail immense qui nous reste \u00e0 faire dans des temps \u00f4 combien historiques. Je suis tr\u00e8s heureux que nous ayons l&rsquo;opportunit\u00e9 de le faire ensemble.<\/p>\n<p>Merci, Monsieur le Chancelier, cher Friedrich.<\/p>\n<p><strong>Journaliste <\/strong><\/p>\n<p>Merci monsieur le Chancelier f\u00e9d\u00e9ral, Monsieur le Pr\u00e9sident. D\u00e9j\u00e0, avant votre nomination, Monsieur le Chancelier, vous avez d\u00e9j\u00e0 commenc\u00e9 avec votre concertation avec le pr\u00e9sident fran\u00e7ais. Est-ce que vous pouvez nous dire dans quel domaine ce r\u00e9flexe franco-allemand \u00e9voqu\u00e9 par le Pr\u00e9sident ne fonctionnait pas encore assez bien. Alors, qu&rsquo;en est-il de l&rsquo;accord de libre-\u00e9change avec les \u00c9tats du Mercosur ? Et qu&rsquo;en est-il de la disposition \u00e9galement \u00e0 une r\u00e9ponse commune \u00e0 cette politique erratique en mati\u00e8re de droit de douane du pr\u00e9sident Trump.<\/p>\n<p>Et deuxi\u00e8me question, le pacte de stabilit\u00e9. Ursula von der Leyen a fait une exception pour les d\u00e9penses de d\u00e9fense. Est-ce que l&rsquo;Allemagne pr\u00e9sente maintenant une position plus souple par rapport aux d\u00e9penses de d\u00e9fense\u00a0?<\/p>\n<p><strong>Emmanuel MACRON<\/strong><\/p>\n<p>Sur les deux sujets qui reposent sur la strat\u00e9gie \u00e9conomique que notre Europe doit conduire, on aurait tort de penser que les dogmes d&rsquo;hier sont valables dans un monde o\u00f9 tout se transforme. C&rsquo;est pourquoi nous sommes totalement d&rsquo;accord pour dire que l&rsquo;Union europ\u00e9enne doit continuer de b\u00e2tir une diversification commerciale. Et il faut le faire en ayant en t\u00eate tr\u00e8s clairement nos int\u00e9r\u00eats et en \u00e9tant convaincus que nous avons une \u00e9conomie comp\u00e9titive et dont on veut renforcer la comp\u00e9titivit\u00e9.<\/p>\n<p>Sur les accords commerciaux qui sont en train d&rsquo;\u00eatre discut\u00e9s, ceux \u00e0 venir comme ceux qui ont pu donner lieu \u00e0 des prises de position de la France comme le Mercosur, j&rsquo;essaie d&rsquo;\u00eatre coh\u00e9rent avec cela. Nous sommes pour les accords commerciaux s&rsquo;ils prot\u00e8gent les producteurs europ\u00e9ens, et leur assurent une \u00e9galit\u00e9 de traitement et de conditions d&rsquo;op\u00e9ration. C&rsquo;est pourquoi, par exemple, nous avons d\u00e9fendu le CETA et l&rsquo;accord avec le Canada, parce que, tout en ouvrant beaucoup nos \u00e9conomies, il assurait des clauses de sauvegarde, et surtout \u00e9tait coh\u00e9rent entre des conditions qu&rsquo;on impose \u00e0 nos producteurs et qu&rsquo;on veut voir respect\u00e9es par les producteurs de pays tiers, ce qui est logique. Quelle \u00e9conomie serait l&rsquo;Europe si elle disait : j&rsquo;accrois chaque jour les exigences sur mes producteurs et j&rsquo;ouvre chaque jour davantage \u00e0 des producteurs qui ne les respectent pas. Je peux vous dire que nous aurions l&rsquo;\u00e9conomie la plus d\u00e9carbon\u00e9e du monde dans les 10 ans parce que nous n&rsquo;aurions plus d&rsquo;\u00e9conomie de producteurs. Ce n&rsquo;est pas ce qu&rsquo;on souhaite, on est totalement en ligne. Et donc on veut avoir une synchronisation, donc on veut \u00e0 la fois simplifier notre agenda r\u00e9gulier et avoir diversifi\u00e9 nos partenariats \u00e9conomiques. Et donc moi, je suis convaincu que sur les grands accords commerciaux, on trouvera les accords qui permettent justement la juste pr\u00e9servation des conditions de travail, de l&rsquo;\u00e9quit\u00e9, en fait, pour nos producteurs, des mesures de sauvegarde en particulier qui \u00e9vitent que des march\u00e9s soient d\u00e9stabilis\u00e9s, comme on a su le faire avec le Canada. Et je suis convaincu qu&rsquo;ensemble, par le travail qu&rsquo;on m\u00e8nera, on saura trouver les bons accords. Ensuite, sur ce contexte, il faut \u00eatre clair, il y a quand m\u00eame un d\u00e9r\u00e8glement aujourd&rsquo;hui tr\u00e8s profond des politiques commerciales, mon\u00e9taires et d&rsquo;investissement et des politiques qui s&rsquo;ensuivent sur le plan budg\u00e9taire. Nous aurons \u00e0 avoir une discussion dans les formats appropri\u00e9s. Le G7, \u00e9videmment, est un forum normalement principalement d\u00e9di\u00e9 \u00e0 \u00e7a, mais le G7 et le G20 devront nous conduire \u00e0 l&rsquo;\u00e9voquer. Mais notre Europe et nos \u00e9conomies devront s&rsquo;adapter \u00e0 cela. Et donc il est clair que nous avons un cadre, que nous savons de toute fa\u00e7on que nos finances publiques doivent \u00eatre retenues pour des raisons aussi de march\u00e9 de cr\u00e9dibilit\u00e9, je dirais ind\u00e9pendamment de toutes les contraintes juridiques, mais je pense qu&rsquo;on aurait tort de penser qu&rsquo;on peut avoir, l\u00e0 aussi, une politique mon\u00e9taire et au fond des \u00e9l\u00e9ments de guide qui soient uniquement pens\u00e9s dans les ann\u00e9es 90. Et je pense que dans les d\u00e9fis qui seront les n\u00f4tres, on a totalement repens\u00e9 nos grands fondamentaux pour retrouver aussi une discussion internationale \u00e0 la fois apais\u00e9e et qui soit bonne pour la prosp\u00e9rit\u00e9 europ\u00e9enne. Car aujourd&rsquo;hui, entre les tarifs, les politiques qui sont conduites, les \u00c9tats-Unis d&rsquo;Am\u00e9rique prennent des d\u00e9cisions qui viennent bousculer tout cela. Ceci \u00e9tant dit, je suis convaincu pour ma part que nous avons besoin de davantage d&rsquo;investissements publics europ\u00e9ens. Ce sera au c\u0153ur des discussions pour le prochain cadre financier pluriannuel. Nous avons besoin, sur les grands sujets, d&rsquo;investir davantage. Il y a des flexibilit\u00e9s qui ont \u00e9t\u00e9 trouv\u00e9es, le chancelier l&rsquo;a redit, et je partage totalement son avis sur les questions de d\u00e9fense, mais ceci ne nous exon\u00e8re pas, par ailleurs, d&rsquo;un s\u00e9rieux qui est la condition de la cr\u00e9dibilit\u00e9. Nous voulons en m\u00eame temps mobiliser davantage de financement priv\u00e9 et c&rsquo;est pourquoi aussi, si nous voulons faire face \u00e0 ces d\u00e9fis sur le climat, sur la d\u00e9fense et autres, le march\u00e9 de capitaux unique, cette union, au fond, de l&rsquo;\u00e9pargne et du financement, est un \u00e9l\u00e9ment cl\u00e9 de la strat\u00e9gie.<\/p>\n<p><strong>Journaliste <\/strong><\/p>\n<p>Monsieur le Chancelier, Monsieur le Pr\u00e9sident, vous avez \u00e9voqu\u00e9 votre volont\u00e9 de travailler \u00e9troitement sur l&rsquo;Ukraine. Concr\u00e8tement, est-ce que cela peut se traduire notamment par une visite ensemble \u00e0 Kiev, potentiellement prochainement\u202f? Et Monsieur le Chancelier, sur les garanties de s\u00e9curit\u00e9 apport\u00e9es \u00e0 l&rsquo;Ukraine. L&rsquo;Allemagne exclut-elle d&rsquo;envoyer des soldats en Ukraine dans le cadre d&rsquo;une force de r\u00e9assurance\u202f? Et si tel \u00e9tait le cas, comment contribueriez-vous \u00e0 des garanties de s\u00e9curit\u00e9 ?<\/p>\n<p><strong>Emmanuel MACRON<\/strong><\/p>\n<p>Je confirme que nous nous coordonnons tr\u00e8s \u00e9troitement avec Monsieur le Chancelier et ses \u00e9quipes sur ce sujet. Je partage totalement la mani\u00e8re d&rsquo;appr\u00e9hender la situation. Il n&rsquo;y a qu&rsquo;une question aujourd&rsquo;hui \u00e0 laquelle on doit avoir une r\u00e9ponse : est-ce que la Russie est pr\u00eate \u00e0 un cessez-le-feu d&rsquo;au moins 30 jours pour construire dans ce contexte une paix robuste et durable\u202f? C&rsquo;est la seule question. Les autres r\u00e9ponses viendront successivement. Mais il faut sortir du processus o\u00f9, en quelque sorte, nous serions, nous, somm\u00e9s de constamment donner de la visibilit\u00e9 \u00e0 quelqu&rsquo;un qui n&rsquo;en donne aucune au reste du monde et qui, depuis trois ans, a men\u00e9 cette guerre d&rsquo;agression. Et donc, au-del\u00e0 des trois jours promis qui ne seront sans doute pas respect\u00e9s comme les pr\u00e9c\u00e9dents, est-ce qu&rsquo;enfin le pr\u00e9sident russe est s\u00e9rieux\u202f? Est-ce qu&rsquo;enfin, il d\u00e9cide de respecter sa parole et en particulier celle qu&rsquo;il a donn\u00e9e dans ses discussions avec l&rsquo;administration am\u00e9ricaine\u202f? C&rsquo;est \u00e7a ce qui nous importe. Et en tout cas, nous, nous serons l\u00e0 pour accompagner ce cessez-le-feu de 30 jours et b\u00e2tir une paix robuste et durable en prenant nos responsabilit\u00e9s et nous nous coordonnons tr\u00e8s \u00e9troitement.<\/p>\n<p><strong>Journaliste<\/strong><\/p>\n<p>Monsieur le Chancelier f\u00e9d\u00e9ral, vous avez \u00e9voqu\u00e9 la coop\u00e9ration de d\u00e9fense. Le Pr\u00e9sident fran\u00e7ais a offert d&rsquo;ouvrir l&rsquo;acc\u00e8s aux armes nucl\u00e9aires fran\u00e7ais pour la d\u00e9fense de l&rsquo;Europe. Est-ce que vous \u00eates pr\u00eat \u00e0 en parler, \u00e0 en n\u00e9gocier\u202f? Est-ce que vous avez peut-\u00eatre d\u00e9j\u00e0 trouv\u00e9 un accord l\u00e0-dessus\u202f? Et monsieur le Pr\u00e9sident, quel serait le r\u00f4le de l&rsquo;Allemagne dans un projet de ce type et quelle devrait \u00eatre la vitesse pour aller de l&rsquo;avant dans un tel projet\u202f? Et encore une question, le chancelier f\u00e9d\u00e9ral a dit \u00e0 plusieurs reprises \u00e0 livrer des armes de type Taurus \u00e0 l&rsquo;Ukraine. La France est donc un alli\u00e9 qui a d\u00e9j\u00e0 livr\u00e9 d&rsquo;armes similaires en Ukraine. Est-ce que vous souhaitez que l&rsquo;Allemagne fasse la m\u00eame chose ?<\/p>\n<p><strong>Emmanuel MACRON<\/strong><\/p>\n<p>Deux mots. Le premier, pour dire que depuis plusieurs ann\u00e9es, nous \u0153uvrons pour renforcer ce qu&rsquo;on a appel\u00e9 le pilier europ\u00e9en de l&rsquo;OTAN qui n&rsquo;est pas une diminution de l&rsquo;OTAN, au contraire, mais qui est une plus grande prise de responsabilit\u00e9 pour eux-m\u00eames des Europ\u00e9ens. C&rsquo;est exactement l&rsquo;esprit que vient de d\u00e9crire monsieur le Chancelier, c&rsquo;est-\u00e0-dire consid\u00e9rer que nous, Europ\u00e9ens, devons mieux nous organiser, mais que ce n&rsquo;est pas une remise en cause des alliances historiques. C&rsquo;est aussi n\u00e9anmoins les cons\u00e9quences qu&rsquo;on doit tirer de r\u00e9veils successifs\u00a0: Syrie, Afghanistan, ce qui est en train de se passer. Et nous aurions tort, nous, Europ\u00e9ens, de ne pas regarder que ces mouvements de l&rsquo;histoire disent quelque chose aussi de priorit\u00e9 g\u00e9opolitique aujourd&rsquo;hui de nos alli\u00e9s am\u00e9ricains. Et donc nous devons prendre nos responsabilit\u00e9s. C&rsquo;est le sens de ce pilier europ\u00e9en. Et dans ce cadre, il est tout \u00e0 fait naturel que tous les sujets soient discut\u00e9s, y compris celui de la dissuasion nucl\u00e9aire, avec nos histoires, nos sp\u00e9cificit\u00e9s. Et pour ce qui est de la France, celle d&rsquo;\u00eatre un \u00c9tat dot\u00e9, ind\u00e9pendant, pleinement autonome dans ses capacit\u00e9s et ses diff\u00e9rentes composantes. Et donc c&rsquo;est normal, quand on veut agir en confiance, de dire qu&rsquo;on est pr\u00eat \u00e0 ouvrir cette discussion, ce que j&rsquo;ai fait. Et donc maintenant, \u00e7a va \u00eatre le travail, en effet, de nos ministres, de nos \u00e9quipes, puis de nous-m\u00eames, et \u00e7a va prendre du temps, mais \u00e7a va se faire dans cet esprit qui est un esprit de prise de responsabilit\u00e9 des Europ\u00e9ens, mais dans le cadre historique et strat\u00e9gique qui sont les n\u00f4tres.<\/p>\n<p>Ensuite, vous m&rsquo;avez pos\u00e9 la question sur les Taurus, et je vais vous r\u00e9pondre de la mani\u00e8re la plus directe et coh\u00e9rente possible. Je souhaite que nos pays soient les plus coordonn\u00e9s avec tous les alli\u00e9s qui soutiennent l&rsquo;Ukraine, qu&rsquo;on le fasse aussi longtemps que n\u00e9cessaire, qu&rsquo;on puisse le faire en \u00e9tant transparent entre nous et avec les Ukrainiens, qu&rsquo;on r\u00e9ponde \u00e0 leurs besoins, mais qu&rsquo;on en dise le moins possible, parce que cette ambigu\u00eft\u00e9 est bonne pour la protection des Ukrainiens. Et donc, il appartient au chancelier de prendre les bonnes d\u00e9cisions pour son pays, en conscience et souverainet\u00e9, mais j&rsquo;approuve sa volont\u00e9 de recr\u00e9er de l&rsquo;ambigu\u00eft\u00e9 strat\u00e9gique dans ce contexte, parce que nous serions fous de donner les cat\u00e9gories d&rsquo;armes, les dates de livraison et les mod\u00e8les, \u00e0 chaque conf\u00e9rence de presse, parce qu&rsquo;il se peut que l&rsquo;arm\u00e9e russe \u00e9coute les r\u00e9ponses \u00e0 vos questions et parfois vos questions aussi.<\/p>\n<p><strong>Journaliste<\/strong><\/p>\n<p>Une question \u00e0 propos Monsieur Merz et Monsieur Macron de ce que Monsieur le Chancelier vient de dire, c&rsquo;est-\u00e0-dire qu&rsquo;il souhaitait la mise en place d&rsquo;un cessez-le-feu durable en Ukraine avec une supervision sous l&rsquo;\u00e9gide des \u00c9tats-Unis. C&rsquo;est quelque chose qu&rsquo;on n&rsquo;a pas forc\u00e9ment entendu en France. Je voulais savoir si c&rsquo;\u00e9tait aussi une demande fran\u00e7aise, une demande commune de vous deux. Merci.<\/p>\n<p>Et puis \u00e0 propos de ce qui se passe en ce moment dans la bande de Gaza et du plan de conqu\u00eate pr\u00e9sent\u00e9 par les Isra\u00e9liens, le plan de conqu\u00eate total, donc le plus large possible de la bande de Gaza, je voulais avoir vos r\u00e9actions, Monsieur le Chancelier, Monsieur le Pr\u00e9sident, et savoir quelle pouvait \u00eatre la r\u00e9action des Europ\u00e9ens sur ce sujet. Je crois que le gouvernement n\u00e9erlandais, notamment, se pose la question de remettre en cause l&rsquo;accord d&rsquo;association avec Isra\u00ebl. Est-ce que c&rsquo;est une piste qui vous semble possible d&rsquo;\u00e9tudier ?<\/p>\n<p><strong>Emmanuel MACRON<\/strong><\/p>\n<p>Nous soutenons l&rsquo;implication am\u00e9ricaine dans un processus de cessez-le-feu et son r\u00f4le essentiel dans la supervision. C&rsquo;est le sens, d&rsquo;ailleurs, du travail que nous avions men\u00e9 avec nos amis britanniques en vue de l&rsquo;accord qui a \u00e9t\u00e9 formalis\u00e9 \u00e0 Djeddah par les Ukrainiens sur la proposition am\u00e9ricaine. Et c&rsquo;est pour \u00e7a que, d&rsquo;ailleurs, nous avons constamment veill\u00e9 \u00e0 engager l&rsquo;administration am\u00e9ricaine dans ce travail sur le cessez-le-feu, puis sur la construction d&rsquo;une paix robuste et durable. Et donc je pense que c&rsquo;est un \u00e9l\u00e9ment important \u00e0 la fois pour la cr\u00e9dibilit\u00e9, la soutenabilit\u00e9 de ce cessez-le-feu et pour que, justement, les choses avancent dans la bonne direction. Les Europ\u00e9ens ont leur r\u00f4le \u00e0 jouer \u00e0 leurs c\u00f4t\u00e9s. Nous prendrons nos responsabilit\u00e9s \u00e0 la fois dans la supervision de ce cessez-le-feu \u00e0 leurs c\u00f4t\u00e9s et dans la pr\u00e9paration d&rsquo;une paix juste et durable. Pour ce qui est de la bande de Gaza, et que vous avez rappel\u00e9, nous avons depuis le d\u00e9but une position tr\u00e8s claire. Nous avons \u00e9t\u00e9 aux c\u00f4t\u00e9s d&rsquo;Isra\u00ebl le 7 octobre et condamn\u00e9 l&rsquo;attaque terroriste du Hamas. Nous nous battons sans rel\u00e2che pour la lib\u00e9ration de tous les otages, mais aussi parce qu&rsquo;Isra\u00ebl est une d\u00e9mocratie et parce que nous avons les principes qui sont les n\u00f4tres et parce que nous ne saurions avoir de double standard et \u00eatre si engag\u00e9s en Ukraine aux principes du droit des peuples \u00e0 disposer de leur propre territoire et d&rsquo;avoir leur souverainet\u00e9, nous ne saurions pas avoir de double standard quand il s&rsquo;agit de Gaza. Et donc lutter contre un groupe terroriste qu&rsquo;est le Hamas, oui, mais ne respecter aucune r\u00e8gle humanitaire et maintenir la situation \u00e0 Gaza, non. Et cette situation est inacceptable, de m\u00eame que les d\u00e9placements forc\u00e9s de population sont une r\u00e9ponse inacceptable. Et donc c&rsquo;est pourquoi, tout en continuant d&rsquo;agir, d&rsquo;avoir ce dialogue permanent que j&rsquo;ai avec le premier ministre Netanyahou depuis le premier jour, nous appelons d&rsquo;abord \u00e0 une reprise des acc\u00e8s humanitaires dans la bande de Gaza, interrompus depuis le d\u00e9but mars.<\/p>\n<p>Et nous sommes en train d&rsquo;entrer dans une zone que nous n&rsquo;avons jamais connue depuis octobre 2023, jamais. Jamais aussi longtemps, des populations n&rsquo;ont \u00e9t\u00e9 loin des soins, en incapacit\u00e9 de sortir des bless\u00e9s, loin de la nourriture, des m\u00e9dicaments et de l&rsquo;eau. Et donc la situation est la plus critique que nous n&rsquo;ayons jamais connue \u00e0 Gaza, la plus critique. Et donc l&rsquo;urgence, c&rsquo;est la reprise des acc\u00e8s humanitaires et du soin. Ensuite, c&rsquo;est la lib\u00e9ration de tous les otages, la d\u00e9militarisation du Hamas et la reprise d&rsquo;un processus politique qui est le seul qui permet de b\u00e2tir un d\u00e9bouch\u00e9, le seul. Et c&rsquo;est tout le travail que nous menons en particulier avec l&rsquo;Arabie saoudite pour parvenir \u00e0 des syst\u00e8mes de reconnaissance r\u00e9ciproques et surtout b\u00e2tir une architecture de s\u00e9curit\u00e9 qui reconnaisse le droit l\u00e9gitime du peuple palestinien \u00e0 disposer d&rsquo;un \u00c9tat, qui reconnaisse l&rsquo;existence et le droit l\u00e9gitime d&rsquo;Isra\u00ebl \u00e0 vivre en paix, en s\u00e9curit\u00e9 et la r\u00e9gion, et qui cr\u00e9\u00e9 les conditions r\u00e9ciproques de tous les partenaires dans la r\u00e9gion de le faire. Donc l&rsquo;urgence, c&rsquo;est en tout cas \u00e0 l&rsquo;humanitaire aujourd&rsquo;hui, et c&rsquo;est ce que nous continuerons de faire.<\/p>\n<p>Merci beaucoup, Mesdames et Messieurs, pour votre attention et merci infiniment, Monsieur le Chancelier. Merci beaucoup.<\/p>\n","protected":false},"excerpt":{"rendered":"Emmanuel MACRON Cher Friedrich, c\u2019est un r\u00e9el plaisir pour moi de t&rsquo;accueillir \u00e0 Paris, en effet, accueillir le&hellip;\n","protected":false},"author":2,"featured_media":167518,"comment_status":"","ping_status":"","sticky":false,"template":"","format":"standard","meta":{"footnotes":""},"categories":[1587],"tags":[11,672,2813,1804,8654,1805,1803,1777,674,1801,14,12,1802,364],"class_list":{"0":"post-167517","1":"post","2":"type-post","3":"status-publish","4":"format-standard","5":"has-post-thumbnail","7":"category-allemagne","8":"tag-actualites","9":"tag-allemagne","10":"tag-article","11":"tag-bundesrepublik-deutschland","12":"tag-couple-franco-allemand","13":"tag-de","14":"tag-deutschland","15":"tag-eu","16":"tag-europe","17":"tag-germany","18":"tag-international","19":"tag-news","20":"tag-republique-federale-dallemagne","21":"tag-union-europeenne"},"share_on_mastodon":{"url":"https:\/\/pubeurope.com\/@fr\/114663319524036191","error":""},"_links":{"self":[{"href":"https:\/\/www.europesays.com\/fr\/wp-json\/wp\/v2\/posts\/167517","targetHints":{"allow":["GET"]}}],"collection":[{"href":"https:\/\/www.europesays.com\/fr\/wp-json\/wp\/v2\/posts"}],"about":[{"href":"https:\/\/www.europesays.com\/fr\/wp-json\/wp\/v2\/types\/post"}],"author":[{"embeddable":true,"href":"https:\/\/www.europesays.com\/fr\/wp-json\/wp\/v2\/users\/2"}],"replies":[{"embeddable":true,"href":"https:\/\/www.europesays.com\/fr\/wp-json\/wp\/v2\/comments?post=167517"}],"version-history":[{"count":0,"href":"https:\/\/www.europesays.com\/fr\/wp-json\/wp\/v2\/posts\/167517\/revisions"}],"wp:featuredmedia":[{"embeddable":true,"href":"https:\/\/www.europesays.com\/fr\/wp-json\/wp\/v2\/media\/167518"}],"wp:attachment":[{"href":"https:\/\/www.europesays.com\/fr\/wp-json\/wp\/v2\/media?parent=167517"}],"wp:term":[{"taxonomy":"category","embeddable":true,"href":"https:\/\/www.europesays.com\/fr\/wp-json\/wp\/v2\/categories?post=167517"},{"taxonomy":"post_tag","embeddable":true,"href":"https:\/\/www.europesays.com\/fr\/wp-json\/wp\/v2\/tags?post=167517"}],"curies":[{"name":"wp","href":"https:\/\/api.w.org\/{rel}","templated":true}]}}