{"id":167543,"date":"2025-06-11T06:45:21","date_gmt":"2025-06-11T06:45:21","guid":{"rendered":"https:\/\/www.europesays.com\/fr\/167543\/"},"modified":"2025-06-11T06:45:21","modified_gmt":"2025-06-11T06:45:21","slug":"mais-pourquoi-lui-ces-mediatheques-de-seine-et-marne-valorisent-les-livres-interdits-par-donald-trump","status":"publish","type":"post","link":"https:\/\/www.europesays.com\/fr\/167543\/","title":{"rendered":"\u00ab\u00a0Mais pourquoi lui\u00a0?\u00a0\u00bb\u00a0: ces m\u00e9diath\u00e8ques de Seine-et-Marne valorisent les livres interdits par Donald Trump"},"content":{"rendered":"<p class=\"paragraph text_align_left\">Devant le stand, il marque une pause, puis \u00e9carquille les yeux. \u00ab Les Trois mousquetaires sont <a href=\"https:\/\/www.leparisien.fr\/international\/etats-unis\/ces-livres-bannis-des-bibliotheques-americaines-02-06-2024-DC4XAZDYR5ATVO26DCURJSSJDE.php\" target=\"_self\" rel=\"nofollow noopener\">bannis<\/a> ? Mais pourquoi lui ? \u00bb, s\u2019\u00e9tonne Bruno, h\u00e9b\u00e9t\u00e9. Comme de nombreux usagers de la m\u00e9diath\u00e8que Fran\u00e7ois-Mitterrand de Pontault-Combault (Seine-et-Marne), ce sexag\u00e9naire \u00e9tait pass\u00e9 devant le pr\u00e9sentoir exposant les livres interdits par l\u2019administration Trump aux \u00c9tats-Unis sans en r\u00e9aliser le th\u00e8me. \u00ab Tellement ces bouquins (lui) semblaient familiers. \u00bb<\/p>\n<p class=\"paragraph text_align_left\">Les quatorze m\u00e9diath\u00e8ques de l\u2019agglom\u00e9ration Paris-Vall\u00e9e de la Marne ont d\u00e9cid\u00e9 de mettre en lumi\u00e8re quelques-uns des 10 000 ouvrages censur\u00e9s dans des institutions publiques de certains \u00c9tats am\u00e9ricains en raison de la politique tr\u00e8s conservatrice men\u00e9e <a href=\"https:\/\/www.leparisien.fr\/international\/etats-unis\/donald-trump\/\" target=\"_self\" rel=\"nofollow noopener\">par Donald Trump<\/a>. Elles ont toutes am\u00e9nag\u00e9 un pr\u00e9sentoir avec quelques r\u00e9f\u00e9rences de cette liste et ont \u00e9tabli une campagne d\u2019affichage pour sensibiliser le public.<\/p>\n","protected":false},"excerpt":{"rendered":"Devant le stand, il marque une pause, puis \u00e9carquille les yeux. \u00ab Les Trois mousquetaires sont bannis ?&hellip;\n","protected":false},"author":2,"featured_media":167544,"comment_status":"","ping_status":"","sticky":false,"template":"","format":"standard","meta":{"footnotes":""},"categories":[1357],"tags":[1379,872,58,59,1011,27,1380,1944,1937],"class_list":{"0":"post-167543","1":"post","2":"type-post","3":"status-publish","4":"format-standard","5":"has-post-thumbnail","7":"category-livres","8":"tag-books","9":"tag-culture-et-loisirs","10":"tag-divertissement","11":"tag-entertainment","12":"tag-fr","13":"tag-france","14":"tag-livres","15":"tag-ma-ville","16":"tag-seine-et-marne"},"share_on_mastodon":{"url":"https:\/\/pubeurope.com\/@fr\/114663386251404713","error":""},"_links":{"self":[{"href":"https:\/\/www.europesays.com\/fr\/wp-json\/wp\/v2\/posts\/167543","targetHints":{"allow":["GET"]}}],"collection":[{"href":"https:\/\/www.europesays.com\/fr\/wp-json\/wp\/v2\/posts"}],"about":[{"href":"https:\/\/www.europesays.com\/fr\/wp-json\/wp\/v2\/types\/post"}],"author":[{"embeddable":true,"href":"https:\/\/www.europesays.com\/fr\/wp-json\/wp\/v2\/users\/2"}],"replies":[{"embeddable":true,"href":"https:\/\/www.europesays.com\/fr\/wp-json\/wp\/v2\/comments?post=167543"}],"version-history":[{"count":0,"href":"https:\/\/www.europesays.com\/fr\/wp-json\/wp\/v2\/posts\/167543\/revisions"}],"wp:featuredmedia":[{"embeddable":true,"href":"https:\/\/www.europesays.com\/fr\/wp-json\/wp\/v2\/media\/167544"}],"wp:attachment":[{"href":"https:\/\/www.europesays.com\/fr\/wp-json\/wp\/v2\/media?parent=167543"}],"wp:term":[{"taxonomy":"category","embeddable":true,"href":"https:\/\/www.europesays.com\/fr\/wp-json\/wp\/v2\/categories?post=167543"},{"taxonomy":"post_tag","embeddable":true,"href":"https:\/\/www.europesays.com\/fr\/wp-json\/wp\/v2\/tags?post=167543"}],"curies":[{"name":"wp","href":"https:\/\/api.w.org\/{rel}","templated":true}]}}