{"id":167545,"date":"2025-06-11T06:46:09","date_gmt":"2025-06-11T06:46:09","guid":{"rendered":"https:\/\/www.europesays.com\/fr\/167545\/"},"modified":"2025-06-11T06:46:09","modified_gmt":"2025-06-11T06:46:09","slug":"valerie-benaim-absente-deurope-1-apres-ses-problemes-de-sante-lannonce-inquietante-de-cyril-hanouna","status":"publish","type":"post","link":"https:\/\/www.europesays.com\/fr\/167545\/","title":{"rendered":"Val\u00e9rie Bena\u00efm absente d\u2019Europe 1 : apr\u00e8s ses probl\u00e8mes de sant\u00e9, l\u2019annonce inqui\u00e9tante de Cyril Hanouna"},"content":{"rendered":"<p data-start=\"270\" data-end=\"763\">Ce mardi 10 juin, les auditeurs<br \/>\nd\u2019Europe 1 ont rapidement remarqu\u00e9 une <strong>absence<\/strong> de<br \/>\ntaille dans On marche sur la<br \/>\nt\u00eate : celle de <strong>Val\u00e9rie B\u00e9na\u00efm<\/strong>. \u00c0 l\u2019antenne,<br \/>\n<a href=\"https:\/\/www.closermag.fr\/people\/cyril-hanouna-a-la-defaite-mauvaise-et-cest-encore-emmanuel-macron-qui-en-prend-pour-son-grade-3553309\" target=\"_blank\" rel=\"noopener\"><br \/>\nCyril Hanouna<\/a> a pris soin d\u2019expliquer la situation d\u00e8s le d\u00e9but<br \/>\nde l\u2019\u00e9mission. \u201c<strong>Val\u00e9rie a eu un petit probl\u00e8me, mais ce<br \/>\nn\u00a0\u00bbest rien de grave<\/strong>.\u2019\u2019 a-t-il confi\u00e9, avant de<br \/>\npr\u00e9ciser qu\u2019elle se reposait. Pour assurer l\u2019\u00e9mission, <a href=\"https:\/\/www.closermag.fr\/people\/pascale-de-la-tour-du-pin-en-couple-cette-animatrice-qui-lui-a-presente-son-nouveau-compagnon-3411552#item=1\" target=\"_blank\" rel=\"noopener\"><br \/>\nPascale de La Tour du Pin<\/a> a \u00e9t\u00e9 appel\u00e9e en<br \/>\n<strong>urgence<\/strong> et s\u2019est montr\u00e9e ravie de<br \/>\n<strong>rejoindre temporairement l\u2019\u00e9quipe.<\/strong><\/p>\n<p data-start=\"765\" data-end=\"1142\">L\u2019animation de On marche sur la t\u00eate, diffus\u00e9e chaque<br \/>\njour sur Europe 1, m\u00e9lange <strong>d\u00e9bats, actualit\u00e9 et<br \/>\nhumour.<\/strong> Cyril Hanouna y est entour\u00e9 de ses<br \/>\n<strong>chroniqueurs<\/strong> habituels. Mais l\u2019absence de <a href=\"https:\/\/www.closermag.fr\/people\/plus-de-sexualite-valerie-benaim-et-cyril-hanouna-dans-la-5e-dimension-impossible-de-suivre-sur-europe-1-3535159\" target=\"_blank\" rel=\"noopener\"><br \/>\nVal\u00e9rie B\u00e9na\u00efm<\/a>, figure importante, a cr\u00e9\u00e9 une onde<br \/>\n<strong>d\u2019inqui\u00e9tude<\/strong>.<\/p>\n<p>Val\u00e9rie B\u00e9na\u00efm au repos avant<br \/>\nun retour sur W9<\/p>\n<p data-start=\"1201\" data-end=\"1675\">Chroniqueuse embl\u00e9matique de<br \/>\nTouche pas \u00e0 mon poste,<br \/>\nVal\u00e9rie B\u00e9na\u00efm reste une <strong>personnalit\u00e9<br \/>\nincontournable<\/strong> dans l\u2019univers de Cyril Hanouna. Elle doit<br \/>\nd\u2019ailleurs faire partie de sa nouvelle <strong>aventure<\/strong> de<br \/>\nt\u00e9l\u00e9 pr\u00e9vue pour la rentr\u00e9e Tout beau, tout 9, sur W9. Ce programme reprendra<br \/>\nl\u2019esprit de TPMP avec une \u00e9quipe quasi identique. <strong>Val\u00e9rie<br \/>\nB\u00e9na\u00efm, G\u00e9raldine Maillet<\/strong> ou encore <strong>Raymond<br \/>\nAabou<\/strong> seront de la partie.<\/p>\n<p data-start=\"1677\" data-end=\"2073\">Connue pour sa<br \/>\n<strong>bienveillance<\/strong> et sa <strong>discr\u00e9tion<\/strong>,<br \/>\nVal\u00e9rie B\u00e9na\u00efm n\u2019a pas encore pris la parole publiquement.<br \/>\nCependant, sa <strong>pr\u00e9sence<\/strong> annonc\u00e9e dans les<br \/>\n<strong>futurs projets<\/strong> de l\u2019animateur laisse esp\u00e9rer<br \/>\nqu\u2019elle reviendra rapidement. En attendant, ses coll\u00e8gues<br \/>\ncontinuent de lui adresser des <strong>messages bienveillants \u00e0<br \/>\nl\u2019antenne.<\/strong> \u201c<strong>Elle se repose, on l\u2019embrasse tr\u00e8s<br \/>\nfort.<\/strong>\u2019\u2019<\/p>\n<p>Cyril<br \/>\nHanouna multiplie les projets malgr\u00e9 les revers<\/p>\n<p data-start=\"2133\" data-end=\"2530\">Cyril Hanouna n\u2019en finit<br \/>\n<strong>pas de rebondir.<\/strong> Apr\u00e8s la <strong>suspension de<br \/>\nTPMP avec la fermeture<br \/>\nde C8<\/strong> sur la TNT, l\u2019animateur-producteur revient sur<br \/>\nplusieurs fronts : <strong>t\u00e9l\u00e9 avec W9, mais aussi radio.<\/strong><br \/>\nIl sera prochainement \u00e0 la t\u00eate d\u2019une nouvelle \u00e9mission sur<br \/>\n<strong data-start=\"2370\" data-end=\"2383\">Fun Radio<\/strong>,<br \/>\nTout beau, tout Fun.<\/p>\n<p>Jusqu\u2019\u00e0 fin juin, il continue \u00e9galement On marche sur la t\u00eate sur Europe 1, sa<br \/>\nquotidienne de fin de journ\u00e9e. Malgr\u00e9 les temp\u00eates, Cyril Hanouna<br \/>\nreste une <strong>figure centrale du paysage audiovisuel<br \/>\nfran\u00e7ais<\/strong>. Et <strong>Val\u00e9rie B\u00e9na\u00efm<\/strong> devrait bien<br \/>\nrevenir \u00e0 la <strong>rentr\u00e9e<\/strong> \u00e0 ses c\u00f4t\u00e9s.<\/p>\n","protected":false},"excerpt":{"rendered":"Ce mardi 10 juin, les auditeurs d\u2019Europe 1 ont rapidement remarqu\u00e9 une absence de taille dans On marche&hellip;\n","protected":false},"author":2,"featured_media":167546,"comment_status":"","ping_status":"","sticky":false,"template":"","format":"standard","meta":{"footnotes":""},"categories":[1356],"tags":[548,1083,58,59,1011,27,252,1364,551],"class_list":{"0":"post-167545","1":"post","2":"type-post","3":"status-publish","4":"format-standard","5":"has-post-thumbnail","7":"category-television","8":"tag-article-simple","9":"tag-cyril-hanouna","10":"tag-divertissement","11":"tag-entertainment","12":"tag-fr","13":"tag-france","14":"tag-television","15":"tag-tv","16":"tag-valerie-benaim"},"share_on_mastodon":{"url":"https:\/\/pubeurope.com\/@fr\/114663390127986905","error":""},"_links":{"self":[{"href":"https:\/\/www.europesays.com\/fr\/wp-json\/wp\/v2\/posts\/167545","targetHints":{"allow":["GET"]}}],"collection":[{"href":"https:\/\/www.europesays.com\/fr\/wp-json\/wp\/v2\/posts"}],"about":[{"href":"https:\/\/www.europesays.com\/fr\/wp-json\/wp\/v2\/types\/post"}],"author":[{"embeddable":true,"href":"https:\/\/www.europesays.com\/fr\/wp-json\/wp\/v2\/users\/2"}],"replies":[{"embeddable":true,"href":"https:\/\/www.europesays.com\/fr\/wp-json\/wp\/v2\/comments?post=167545"}],"version-history":[{"count":0,"href":"https:\/\/www.europesays.com\/fr\/wp-json\/wp\/v2\/posts\/167545\/revisions"}],"wp:featuredmedia":[{"embeddable":true,"href":"https:\/\/www.europesays.com\/fr\/wp-json\/wp\/v2\/media\/167546"}],"wp:attachment":[{"href":"https:\/\/www.europesays.com\/fr\/wp-json\/wp\/v2\/media?parent=167545"}],"wp:term":[{"taxonomy":"category","embeddable":true,"href":"https:\/\/www.europesays.com\/fr\/wp-json\/wp\/v2\/categories?post=167545"},{"taxonomy":"post_tag","embeddable":true,"href":"https:\/\/www.europesays.com\/fr\/wp-json\/wp\/v2\/tags?post=167545"}],"curies":[{"name":"wp","href":"https:\/\/api.w.org\/{rel}","templated":true}]}}