{"id":167564,"date":"2025-06-11T06:56:09","date_gmt":"2025-06-11T06:56:09","guid":{"rendered":"https:\/\/www.europesays.com\/fr\/167564\/"},"modified":"2025-06-11T06:56:09","modified_gmt":"2025-06-11T06:56:09","slug":"elisabeth-borne-annonce-une-minute-de-silence-dans-tous-les-etablissements-scolaires-jeudi-midi","status":"publish","type":"post","link":"https:\/\/www.europesays.com\/fr\/167564\/","title":{"rendered":"\u00c9lisabeth Borne annonce une minute de silence dans tous les \u00e9tablissements scolaires jeudi midi"},"content":{"rendered":"<p>La ministre de l\u2019\u00c9ducation nationale, qui s\u2019est rendue mardi en Haute-Marne apr\u00e8s la mort de M\u00e9lanie G. attaqu\u00e9e au couteau par un \u00e9l\u00e8ve de 14 ans, indique \u00e9galement renforcer les effectifs en infirmiers, en assistants de service social et en psychologues en milieu scolaire.<\/p>\n<p class=\"fig-paragraph\">Une minute de silence va \u00eatre observ\u00e9e jeudi \u00e0 midi dans tous les \u00e9tablissements scolaires en France apr\u00e8s le\u00a0<a href=\"http:\/\/www.lefigaro.fr\/actualite-france\/guillaume-tabard-surveillante-tuee-a-nogent-un-drame-qui-n-est-pas-qu-un-fait-divers-20250610\" target=\"_blank\" data-fig-type=\"Article\" rel=\"noopener nofollow\" data-gtm-custom-categorie=\"navigation\" data-gtm-custom-action=\"crossclick\" data-gtm-custom-label=\"Contextuel\" data-gtm-event=\"customEventSPE\" data-fig-domain=\"LEFIGARO\">drame survenu mercredi \u00e0 Nogent<\/a>. La ministre de l\u2019\u00c9ducation nationale\u00a0<a href=\"http:\/\/www.lefigaro.fr\/actualite-france\/elisabeth-borne-veut-encourager-l-annee-de-cesure-apres-le-bac-20250604\" target=\"_blank\" data-fig-type=\"Article\" rel=\"noopener nofollow\" data-gtm-custom-categorie=\"navigation\" data-gtm-custom-action=\"crossclick\" data-gtm-custom-label=\"Contextuel\" data-gtm-event=\"customEventSPE\" data-fig-domain=\"LEFIGARO\">\u00c9lisabeth Borne<\/a>\u00a0en fait l\u2019annonce ce mercredi sur France inter, apr\u00e8s le d\u00e9c\u00e8s de M\u00e9lanie G., 31 ans, surveillante du coll\u00e8ge Fran\u00e7oise-Dolto en Haute-Marne, qui a succomb\u00e9 \u00e0 ses blessures apr\u00e8s avoir \u00e9t\u00e9 attaqu\u00e9e au couteau par un \u00e9l\u00e8ve de 14 ans en marge d\u2019un contr\u00f4le des sacs.<\/p>\n<p class=\"fig-paragraph\">Ce dernier, r\u00e9put\u00e9 \u00abperturbateur\u00bb, \u00e9tait inconnu de la justice. \u00abDemain \u00e0 midi, une minute de silence sera observ\u00e9e dans tous les \u00e9tablissements\u00bb, a d\u00e9clar\u00e9 la ministre, qui s\u2019est rendue hier sur les lieux o\u00f9 elle a rencontr\u00e9 la famille de la victime.<\/p>\n<p>\u00abUne vigilance sur les profils avec des difficult\u00e9s psychologiques\u00bb<\/p>\n<p class=\"fig-paragraph\">\u00c9lisabeth Borne a \u00e9galement redit sa d\u00e9termination \u00e0 \u00abprot\u00e9ger l\u2019\u00e9cole et celles et ceux qui la font vivre\u00bb. \u00abMalheureusement, on ne peut pas organiser des fouilles tous les jours devant tous les \u00e9tablissements\u00bb, a-t-elle d\u00e9clar\u00e9. \u00c0 Nogent, l\u2019\u00e9l\u00e8ve a justement sorti son arme en pr\u00e9sence des forces de l\u2019ordre qui proc\u00e9daient \u00e0 un contr\u00f4le des sacs, dans le cadre de la circulaire Borne-Retailleau. Celle-ci, sortie fin mars \u00e0 l\u2019adresse des pr\u00e9fets, leur ordonnait de proc\u00e9der \u00e0 des \u00abfouilles al\u00e9atoires\u00bb pour \u00e9viter les ports d\u2019armes blanches dans les \u00e9tablissements scolaires.<\/p>\n<p class=\"fig-paragraph\">La ministre a propos\u00e9 que les \u00e9tablissements \u00abqui le souhaitent\u00bb puissent \u00abtester tous les dispositifs qui existent\u00bb, citant les portiques \u00e9lectroniques \u00e0 l\u2019entr\u00e9e ou encore les tourniquets. Mais la parade reste pour elle les \u00abop\u00e9rations de fouille inopin\u00e9es\u00bb et \u00abune vigilance sur les profils avec des difficult\u00e9s psychologiques\u00bb. \u00abOn va renforcer les effectifs infirmiers, d\u2019assistants de service social et de psychologues\u00bb, a-t-elle aussi promis, sans pr\u00e9ciser le nombre de postes concern\u00e9s.<\/p>\n","protected":false},"excerpt":{"rendered":"La ministre de l\u2019\u00c9ducation nationale, qui s\u2019est rendue mardi en Haute-Marne apr\u00e8s la mort de M\u00e9lanie G. attaqu\u00e9e&hellip;\n","protected":false},"author":2,"featured_media":167565,"comment_status":"","ping_status":"","sticky":false,"template":"","format":"standard","meta":{"footnotes":""},"categories":[2],"tags":[47,1058,1054,1059,1060,1055,11,1122,1057,5757,118,1011,27,1061,303,12,1062,656,104,1056,809],"class_list":{"0":"post-167564","1":"post","2":"type-post","3":"status-publish","4":"format-standard","5":"has-post-thumbnail","7":"category-actualites","8":"tag-actualite","9":"tag-actualite-education","10":"tag-actualite-france","11":"tag-actualite-justice","12":"tag-actualite-securite","13":"tag-actualite-societe","14":"tag-actualites","15":"tag-ecole","16":"tag-education","17":"tag-elisabeth-borne","18":"tag-faits-divers","19":"tag-fr","20":"tag-france","21":"tag-immigration","22":"tag-justice","23":"tag-news","24":"tag-polemique","25":"tag-securite","26":"tag-societe","27":"tag-societe-francaise","28":"tag-violence"},"share_on_mastodon":{"url":"https:\/\/pubeurope.com\/@fr\/114663429404325182","error":""},"_links":{"self":[{"href":"https:\/\/www.europesays.com\/fr\/wp-json\/wp\/v2\/posts\/167564","targetHints":{"allow":["GET"]}}],"collection":[{"href":"https:\/\/www.europesays.com\/fr\/wp-json\/wp\/v2\/posts"}],"about":[{"href":"https:\/\/www.europesays.com\/fr\/wp-json\/wp\/v2\/types\/post"}],"author":[{"embeddable":true,"href":"https:\/\/www.europesays.com\/fr\/wp-json\/wp\/v2\/users\/2"}],"replies":[{"embeddable":true,"href":"https:\/\/www.europesays.com\/fr\/wp-json\/wp\/v2\/comments?post=167564"}],"version-history":[{"count":0,"href":"https:\/\/www.europesays.com\/fr\/wp-json\/wp\/v2\/posts\/167564\/revisions"}],"wp:featuredmedia":[{"embeddable":true,"href":"https:\/\/www.europesays.com\/fr\/wp-json\/wp\/v2\/media\/167565"}],"wp:attachment":[{"href":"https:\/\/www.europesays.com\/fr\/wp-json\/wp\/v2\/media?parent=167564"}],"wp:term":[{"taxonomy":"category","embeddable":true,"href":"https:\/\/www.europesays.com\/fr\/wp-json\/wp\/v2\/categories?post=167564"},{"taxonomy":"post_tag","embeddable":true,"href":"https:\/\/www.europesays.com\/fr\/wp-json\/wp\/v2\/tags?post=167564"}],"curies":[{"name":"wp","href":"https:\/\/api.w.org\/{rel}","templated":true}]}}