{"id":167570,"date":"2025-06-11T07:02:10","date_gmt":"2025-06-11T07:02:10","guid":{"rendered":"https:\/\/www.europesays.com\/fr\/167570\/"},"modified":"2025-06-11T07:02:10","modified_gmt":"2025-06-11T07:02:10","slug":"on-ne-veut-pas-que-la-rentree-scolaire-ait-lieu-dans-ces-conditions-les-enseignants-de-ce-lycee-toulonnais-denoncent-le-non-renouvellement-dune-assistante-deducation","status":"publish","type":"post","link":"https:\/\/www.europesays.com\/fr\/167570\/","title":{"rendered":"\u00ab\u00a0On ne veut pas que la rentr\u00e9e scolaire ait lieu dans ces conditions\u00a0\u00bb: les enseignants de ce lyc\u00e9e toulonnais d\u00e9noncent le non-renouvellement d&rsquo;une assistante d&rsquo;\u00e9ducation"},"content":{"rendered":"<p>Les professeurs ont fait part de leur m\u00e9contentement ce mardi \u00e0 10h. Une trentaine de personnes se sont r\u00e9unies devant le lyc\u00e9e Dumont d\u2019Urville pour protester contre la non-reconduction en CDI de Rania Chehimi, AED (assistant d\u2019\u00e9ducation) pr\u00e9sente depuis six ans dans l\u2019\u00e9tablissement. \u00ab\u00a0Pour nous, elle est vir\u00e9e, on ne l\u2019accepte pas, s\u2019insurge Rolando Galli, secr\u00e9taire d\u00e9partemental Forces ouvri\u00e8res (FO) et professeur au lyc\u00e9e. Pourtant elle n\u2019a commis aucune faute professionnelle, il n\u2019y a aucun rapport factuel qui l\u00e9gitime cette d\u00e9cision.\u00a0\u00bb<\/p>\n<p>Une p\u00e9tition en faveur de Rania \u2013 qui a d\u00e9j\u00e0 recueilli 228 signatures \u2013 t\u00e9moigne du soutien envers la surveillante de ce lyc\u00e9e toulonnais. Le collectif r\u00e9clame \u00e9galement une entrevue urgente avec No\u00ebl Cabrera, proviseur du lyc\u00e9e, pour d\u00e9fendre sa situation et tenter d\u2019obtenir la signature de son CDI.<\/p>\n<p>\u00ab\u00a0Les conditions d\u2019enseignement se d\u00e9gradent de plus en plus\u00a0\u00bb<\/p>\n<p>Mais cette mobilisation d\u00e9passe le cas individuel. Elle d\u00e9nonce aussi les conditions de travail de plus en plus difficiles dans les \u00e9tablissements scolaires varois. \u00ab\u00a0Les conditions d\u2019enseignement se d\u00e9gradent de plus en plus, \u00e0 cause d\u2019un manque de moyens, d\u00e9plore Nicolas Taieb, enseignant et parent d\u2019\u00e9l\u00e8ve. On fait face \u00e0 une mont\u00e9e de la violence, souvent li\u00e9e \u00e0 une prise en charge inadapt\u00e9e de certains \u00e9l\u00e8ves.\u00a0\u00bb<\/p>\n<p>Le probl\u00e8me des classes en sureffectif est \u00e9galement point\u00e9 du doigt: \u00ab\u00a0On se retrouve avec des classes surcharg\u00e9es, cette ann\u00e9e, j\u2019ai eu une classe de seconde \u00e0 37 \u00e9l\u00e8ves\u00a0\u00bb, t\u00e9moigne Dalila A\u00eft-El-Djoudi, professeure d\u2019histoire-g\u00e9ographie. Rolando Galli ajoute: \u00ab\u00a0On ne veut pas que la rentr\u00e9e scolaire ait lieu dans ces conditions. On r\u00e9clame un budget \u00e0 la hauteur des besoins de l\u2019\u00e9cole.\u00a0\u00bb<\/p>\n<p>Mobilisation nationale aujourd\u2019hui<\/p>\n<p>En parall\u00e8le, des actions locales ont eu lieu ce m\u00eame matin dans plusieurs \u00e9tablissements du Var (coll\u00e8ge George Sand de Toulon, coll\u00e8ge des Pins d\u2019Alep \u00e0 Toulon, et au coll\u00e8ge Alphonse Daudet \u00e0 La Valette), sur les motifs suivants: conditions de travail difficiles et manque de moyens. Le cort\u00e8ge s\u2019est ensuite dirig\u00e9 \u00e0 12h30 vers la Direction des services d\u00e9partementaux de l\u2019\u00c9ducation nationale (DSDEN) du Var, o\u00f9 la protestation s\u2019est poursuivie.<\/p>\n<p>Ce mouvement de contestation s\u2019inscrit dans une mobilisation nationale qui se poursuivra ce mercredi \u00e0 Paris. \u00ab\u00a0C\u2019est un rapport de force, conclut Nicolas Taieb. Si nous sommes nombreux, parents et enseignants, je crois que nous pouvons obtenir des r\u00e9sultats.\u00a0\u00bb<\/p>\n","protected":false},"excerpt":{"rendered":"Les professeurs ont fait part de leur m\u00e9contentement ce mardi \u00e0 10h. Une trentaine de personnes se sont&hellip;\n","protected":false},"author":2,"featured_media":167571,"comment_status":"","ping_status":"","sticky":false,"template":"","format":"standard","meta":{"footnotes":""},"categories":[9619],"tags":[1111,11,1057,1777,674,332,1011,27,802,12,882,25,2310,3366],"class_list":{"0":"post-167570","1":"post","2":"type-post","3":"status-publish","4":"format-standard","5":"has-post-thumbnail","7":"category-toulon","8":"tag-actu","9":"tag-actualites","10":"tag-education","11":"tag-eu","12":"tag-europe","13":"tag-faits-de-societe","14":"tag-fr","15":"tag-france","16":"tag-greves-et-mouvements-sociaux","17":"tag-news","18":"tag-provence-alpes-cote-dazur","19":"tag-republique-francaise","20":"tag-toulon","21":"tag-vie-locale"},"share_on_mastodon":{"url":"https:\/\/pubeurope.com\/@fr\/114663453028115896","error":""},"_links":{"self":[{"href":"https:\/\/www.europesays.com\/fr\/wp-json\/wp\/v2\/posts\/167570","targetHints":{"allow":["GET"]}}],"collection":[{"href":"https:\/\/www.europesays.com\/fr\/wp-json\/wp\/v2\/posts"}],"about":[{"href":"https:\/\/www.europesays.com\/fr\/wp-json\/wp\/v2\/types\/post"}],"author":[{"embeddable":true,"href":"https:\/\/www.europesays.com\/fr\/wp-json\/wp\/v2\/users\/2"}],"replies":[{"embeddable":true,"href":"https:\/\/www.europesays.com\/fr\/wp-json\/wp\/v2\/comments?post=167570"}],"version-history":[{"count":0,"href":"https:\/\/www.europesays.com\/fr\/wp-json\/wp\/v2\/posts\/167570\/revisions"}],"wp:featuredmedia":[{"embeddable":true,"href":"https:\/\/www.europesays.com\/fr\/wp-json\/wp\/v2\/media\/167571"}],"wp:attachment":[{"href":"https:\/\/www.europesays.com\/fr\/wp-json\/wp\/v2\/media?parent=167570"}],"wp:term":[{"taxonomy":"category","embeddable":true,"href":"https:\/\/www.europesays.com\/fr\/wp-json\/wp\/v2\/categories?post=167570"},{"taxonomy":"post_tag","embeddable":true,"href":"https:\/\/www.europesays.com\/fr\/wp-json\/wp\/v2\/tags?post=167570"}],"curies":[{"name":"wp","href":"https:\/\/api.w.org\/{rel}","templated":true}]}}