{"id":167576,"date":"2025-06-11T07:05:11","date_gmt":"2025-06-11T07:05:11","guid":{"rendered":"https:\/\/www.europesays.com\/fr\/167576\/"},"modified":"2025-06-11T07:05:11","modified_gmt":"2025-06-11T07:05:11","slug":"une-semaine-de-fete-architecturale-dans-lecusson","status":"publish","type":"post","link":"https:\/\/www.europesays.com\/fr\/167576\/","title":{"rendered":"une semaine de f\u00eate architecturale dans l\u2019\u00c9cusson"},"content":{"rendered":"<p>            Par<br \/>\n        <strong><br \/>\n            <a href=\"https:\/\/actu.fr\/auteur\/t-delbreil\" title=\"Consulter tous les articles de Th\u00e9o Delbreil\" rel=\"nofollow noopener\" target=\"_blank\">Th\u00e9o Delbreil<\/a><br \/>\n        <\/strong><\/p>\n<p>        Publi\u00e9 le<\/p>\n<p>            11 juin 2025 \u00e0 8h32        <\/p>\n<p>Un parcours architectural en plein c\u0153ur de l\u2019\u00e9cusson, c\u2019est ce que propose encore une fois l\u2019association Champ Libre. Jusqu\u2019au dimanche 15 juin, <strong>13 lieux du centre historique<\/strong> de <strong>Montpellier<\/strong> accueillent <strong>la 19e \u00e9dition du Festival des Architectures Vives (FAV)<\/strong>. \u201c Pendant six jours, le public d\u00e9couvre des r\u00e9alisations \u00e9ph\u00e9m\u00e8res tout en explorant le patrimoine de la ville\u201d, affirment les organisateurs.\u00a0<\/p>\n<p>13 oeuvres et un th\u00e8me : La gourmandise<\/p>\n<p class=\" wall-content\">Cette ann\u00e9e, le projet men\u00e9 par les deux architectes Elodie Nourrigat et Jacques Brion s\u2019ouvre sur la th\u00e9matique de la gourmandise. Si ce terme est associ\u00e9 au plaisir des papilles gustatives, dans le monde de l\u2019architecture, cela se traduit par des exp\u00e9riences spatiales immersives o\u00f9 chaque petit d\u00e9tail est fait pour attiser la curiosit\u00e9 du public.\u00a0Par exemple, \u00e0 l\u2019H\u00f4tel Saint-C\u00f4me, plusieurs bonbons dor\u00e9s g\u00e9ants couvrent le sol. Et pour appuyer ce th\u00e8me, la marraine de cette 19e \u00e9dition est la cheffe p\u00e2tissi\u00e8re Clara Jung.\u00a0\u00a0\u00a0<\/p>\n<p>Une nouvelle g\u00e9n\u00e9ration d\u2019architectes venus du monde entier<\/p>\n<p class=\" wall-content\">Un des enjeux du festival est la mise en lumi\u00e8re des nouvelles g\u00e9n\u00e9rations d\u2019architectes. \u201cPour beaucoup, ce festival repr\u00e9sente une premi\u00e8re occasion de confronter leurs cr\u00e9ations au regard ext\u00e9rieur\u201d, souligne l\u2019association Champ Libre. Alors, tous les jours de 9h \u00e0 19h, les \u0153uvres visibles dans les diff\u00e9rents h\u00f4tels du centre sont r\u00e9alis\u00e9es par des groupes venus du monde entier.\u00a0<\/p>\n<p class=\" wall-content\">Les bonbons g\u00e9ants de l\u2019h\u00f4tel Saint-C\u00f4me ont \u00e9t\u00e9 con\u00e7us par une \u00e9quipe de designers de l\u2019universit\u00e9 de G\u00eanes, en Italie.\u00a0L\u2019H\u00f4tel d\u2019Hortol\u00e8s met lui \u00e0 l\u2019honneur la seule Montpelli\u00e9raine du festival, Justine Viala, dipl\u00f4m\u00e9e en 2022, avec une fleur immense suspendue dans la cour. Quelques m\u00e8tres plus loin, l\u2019H\u00f4tel des Tr\u00e9soriers de la Bourse voit un chaume sublim\u00e9 par un duo franco-autrichien alors qu\u2019\u00e0 l\u2019H\u00f4tel de Lunas, un paysage de pain l\u2019est par deux New-Yorkaises.\u00a0<\/p>\n<p>    <img   decoding=\"async\" loading=\"lazy\" src=\"https:\/\/www.europesays.com\/fr\/wp-content\/uploads\/2025\/06\/plan-good-960x640.jpg\" alt=\"Le parcours complet de la 19e \u00e9dition du Festival des Architectures Vives\" width=\"960\" height=\"640\"\/><br \/>\n    Le parcours complet de la 19e \u00e9dition du Festival des Architectures Vives (\u00a9FAV)Vid\u00e9os : en ce moment sur Actu<\/p>\n<p class=\" wall-content\">Vous l\u2019aurez compris, Montpellier opte pour une architecture universelle, des \u00c9tats-Unis au Japon, en passant par le Qu\u00e9bec, l\u2019Italie et l\u2019Espagne. Le festival d\u00e9passe ainsi les fronti\u00e8res et attend plus de 13 000 visiteurs cette ann\u00e9e. Pour conqu\u00e9rir le public : piscine de couleurs \u00e0 l\u2019H\u00f4tel d\u2019Aur\u00e8s, reflets de miroirs \u00e0 la Facult\u00e9 de M\u00e9decine, pavillon du futur \u00e0 l\u2019ancienne auberge de jeunesse ou encore structure de chocolat \u00e0 l\u2019H\u00f4tel de Griffy.\u00a0\u00a0<\/p>\n<p>Une d\u00e9marche environnementale\u00a0<\/p>\n<p class=\" wall-content\">Le festival s\u2019appuie sur plusieurs points majeurs tels que la mise en valeur de jeunes architectes, mais \u00e9galement la sensibilisation au grand public et une volont\u00e9 d\u2019ouverture. Ainsi, l\u2019entr\u00e9e est libre et gratuite. S\u2019inscrivant de plus dans une d\u00e9marche environnementale des ressources naturelles sont privil\u00e9gi\u00e9es pour r\u00e9aliser les \u0153uvres afin de r\u00e9duire les d\u00e9chets.\u00a0<\/p>\n<p class=\" wall-content\">Avec l\u2019association Champ Libre, le Festival des Architectures Vives continue d\u2019animer le centre historique chaque ann\u00e9e et permet \u00e0 treize artistes de faire d\u00e9couvrir le patrimoine de la ville sous un regard architectural nouveau.<\/p>\n<p class=\" wall-content\">Suivez toute l\u2019actualit\u00e9 de vos villes et m\u00e9dias favoris en vous inscrivant \u00e0 <a href=\"https:\/\/moncompte.actu.fr\" title=\"D\u00e9couvez Mon Actu\" rel=\"nofollow noopener\" data-trk=\"{&quot;cta&quot;:{&quot;action&quot;:&quot;https:\\\/\\\/moncompte.actu.fr&quot;,&quot;category&quot;:&quot;mon compte&quot;,&quot;from&quot;:&quot;article footer&quot;,&quot;name&quot;:&quot;Mon actu&quot;,&quot;type&quot;:&quot;cta&quot;}}\" target=\"_blank\">Mon Actu<\/a>.<\/p>\n","protected":false},"excerpt":{"rendered":"Par Th\u00e9o Delbreil Publi\u00e9 le 11 juin 2025 \u00e0 8h32 Un parcours architectural en plein c\u0153ur de l\u2019\u00e9cusson,&hellip;\n","protected":false},"author":2,"featured_media":167577,"comment_status":"","ping_status":"","sticky":false,"template":"","format":"standard","meta":{"footnotes":""},"categories":[9599],"tags":[1111,11,1777,674,849,1011,27,1652,2208,12,2680,25],"class_list":{"0":"post-167576","1":"post","2":"type-post","3":"status-publish","4":"format-standard","5":"has-post-thumbnail","7":"category-montpellier","8":"tag-actu","9":"tag-actualites","10":"tag-eu","11":"tag-europe","12":"tag-festival","13":"tag-fr","14":"tag-france","15":"tag-loisirs-culture","16":"tag-montpellier","17":"tag-news","18":"tag-occitanie","19":"tag-republique-francaise"},"share_on_mastodon":{"url":"https:\/\/pubeurope.com\/@fr\/114663464930110522","error":""},"_links":{"self":[{"href":"https:\/\/www.europesays.com\/fr\/wp-json\/wp\/v2\/posts\/167576","targetHints":{"allow":["GET"]}}],"collection":[{"href":"https:\/\/www.europesays.com\/fr\/wp-json\/wp\/v2\/posts"}],"about":[{"href":"https:\/\/www.europesays.com\/fr\/wp-json\/wp\/v2\/types\/post"}],"author":[{"embeddable":true,"href":"https:\/\/www.europesays.com\/fr\/wp-json\/wp\/v2\/users\/2"}],"replies":[{"embeddable":true,"href":"https:\/\/www.europesays.com\/fr\/wp-json\/wp\/v2\/comments?post=167576"}],"version-history":[{"count":0,"href":"https:\/\/www.europesays.com\/fr\/wp-json\/wp\/v2\/posts\/167576\/revisions"}],"wp:featuredmedia":[{"embeddable":true,"href":"https:\/\/www.europesays.com\/fr\/wp-json\/wp\/v2\/media\/167577"}],"wp:attachment":[{"href":"https:\/\/www.europesays.com\/fr\/wp-json\/wp\/v2\/media?parent=167576"}],"wp:term":[{"taxonomy":"category","embeddable":true,"href":"https:\/\/www.europesays.com\/fr\/wp-json\/wp\/v2\/categories?post=167576"},{"taxonomy":"post_tag","embeddable":true,"href":"https:\/\/www.europesays.com\/fr\/wp-json\/wp\/v2\/tags?post=167576"}],"curies":[{"name":"wp","href":"https:\/\/api.w.org\/{rel}","templated":true}]}}