{"id":167580,"date":"2025-06-11T07:08:14","date_gmt":"2025-06-11T07:08:14","guid":{"rendered":"https:\/\/www.europesays.com\/fr\/167580\/"},"modified":"2025-06-11T07:08:14","modified_gmt":"2025-06-11T07:08:14","slug":"metropole-de-grenoble-boire-de-leau-pure-au-robinet-ca-change-la-vie-3-000-metropolitains-redecouvrent-un-geste-simple","status":"publish","type":"post","link":"https:\/\/www.europesays.com\/fr\/167580\/","title":{"rendered":"M\u00e9tropole de Grenoble. \u00ab\u00a0Boire de l\u2019eau pure au robinet, \u00e7a change la vie\u00a0\u00bb, 3\u00a0000 m\u00e9tropolitains (re)d\u00e9couvrent un geste simple"},"content":{"rendered":"<p>Du fond de son cagibi, Jeannine extirpe un vieux sac \u00e0 dos. C\u2019est avec lui que, tous les deux jours, cette septuag\u00e9naire parcourt quelques centaines de m\u00e8tres jusqu\u2019\u00e0 la fontaine de Saint-Georges-de-Commiers pour remplir ses trois bouteilles d\u20191,5 litres avant de les ramener dans son r\u00e9frig\u00e9rateur. \u00ab\u00a0Je suis arriv\u00e9e ici en 1989 et je n\u2019ai jamais bu l\u2019eau du robinet.\u00a0\u00bb Et qu\u2019importe si, depuis quelques jours, elle et ses riverains b\u00e9n\u00e9ficient enfin de cette eau ultra-pure qui fait la r\u00e9putation du territoire, le bonheur de ses habitants et de quelques industriels, \u00ab\u00a0je n\u2019ai pas encore bu au&#8230;<\/p>\n","protected":false},"excerpt":{"rendered":"Du fond de son cagibi, Jeannine extirpe un vieux sac \u00e0 dos. C\u2019est avec lui que, tous les&hellip;\n","protected":false},"author":2,"featured_media":167581,"comment_status":"","ping_status":"","sticky":false,"template":"","format":"standard","meta":{"footnotes":""},"categories":[9566],"tags":[1111,11,2430,112,113,114,436,1777,674,107,1011,27,2731,108,6225,1985,12,1800,25,17481,30101,71],"class_list":{"0":"post-167580","1":"post","2":"type-post","3":"status-publish","4":"format-standard","5":"has-post-thumbnail","7":"category-grenoble","8":"tag-actu","9":"tag-actualites","10":"tag-auvergne-rhone-alpes","11":"tag-edition-grenoble-agglomeration","12":"tag-edition-gresivaudan-oisans","13":"tag-edition-voiron-saint-marcellin","14":"tag-environnement","15":"tag-eu","16":"tag-europe","17":"tag-fil-info","18":"tag-fr","19":"tag-france","20":"tag-grenoble","21":"tag-isere","22":"tag-la-matinale","23":"tag-metropole-de-grenoble","24":"tag-news","25":"tag-pollution","26":"tag-republique-francaise","27":"tag-romanche","28":"tag-saint-georges-de-commiers","29":"tag-sante"},"share_on_mastodon":{"url":"https:\/\/pubeurope.com\/@fr\/114663476638205970","error":""},"_links":{"self":[{"href":"https:\/\/www.europesays.com\/fr\/wp-json\/wp\/v2\/posts\/167580","targetHints":{"allow":["GET"]}}],"collection":[{"href":"https:\/\/www.europesays.com\/fr\/wp-json\/wp\/v2\/posts"}],"about":[{"href":"https:\/\/www.europesays.com\/fr\/wp-json\/wp\/v2\/types\/post"}],"author":[{"embeddable":true,"href":"https:\/\/www.europesays.com\/fr\/wp-json\/wp\/v2\/users\/2"}],"replies":[{"embeddable":true,"href":"https:\/\/www.europesays.com\/fr\/wp-json\/wp\/v2\/comments?post=167580"}],"version-history":[{"count":0,"href":"https:\/\/www.europesays.com\/fr\/wp-json\/wp\/v2\/posts\/167580\/revisions"}],"wp:featuredmedia":[{"embeddable":true,"href":"https:\/\/www.europesays.com\/fr\/wp-json\/wp\/v2\/media\/167581"}],"wp:attachment":[{"href":"https:\/\/www.europesays.com\/fr\/wp-json\/wp\/v2\/media?parent=167580"}],"wp:term":[{"taxonomy":"category","embeddable":true,"href":"https:\/\/www.europesays.com\/fr\/wp-json\/wp\/v2\/categories?post=167580"},{"taxonomy":"post_tag","embeddable":true,"href":"https:\/\/www.europesays.com\/fr\/wp-json\/wp\/v2\/tags?post=167580"}],"curies":[{"name":"wp","href":"https:\/\/api.w.org\/{rel}","templated":true}]}}