{"id":167586,"date":"2025-06-11T07:11:09","date_gmt":"2025-06-11T07:11:09","guid":{"rendered":"https:\/\/www.europesays.com\/fr\/167586\/"},"modified":"2025-06-11T07:11:09","modified_gmt":"2025-06-11T07:11:09","slug":"rennes-libere-son-fleuve-du-beton-pour-sadapter-au-changement-climatique-un-projet-critique","status":"publish","type":"post","link":"https:\/\/www.europesays.com\/fr\/167586\/","title":{"rendered":"Rennes lib\u00e8re son fleuve du b\u00e9ton pour s\u2019adapter au changement climatique, un projet critiqu\u00e9"},"content":{"rendered":"<p class=\"paragraph text_align_left\">Dans l\u2019obscurit\u00e9, \u00e0 bord d\u2019une petite embarcation, on aper\u00e7oit quelques pigeons et chauve-souris qui ont \u00e9lu domicile sous l\u2019\u00e9norme dalle qui recouvre la Vilaine, en plein centre-ville de Rennes (<a href=\"https:\/\/www.leparisien.fr\/ille-et-vilaine-35\/\" target=\"_blank\" rel=\"noreferrer noopener\">Ille-et-Vilaine<\/a>). On entend aussi le bruit des infiltrations d\u2019eau moins anodines qu\u2019elles n\u2019y paraissent. \u00ab Regardez, \u00e7a commence \u00e0 se d\u00e9grader s\u00e9rieusement \u00bb, explique en braquant sa lampe torche sur un pilier S\u00e9bastien Qu\u00e9r\u00e9, chef de projet chez Ing\u00e9rop. Ce bureau d\u2019\u00e9tudes est en charge d\u2019un chantier hors norme et historique : la prochaine d\u00e9construction du parking de 6 000 tonnes de b\u00e9ton sur 270 m. Ainsi en a d\u00e9cid\u00e9 la municipalit\u00e9 qui souhaite que les Rennais renouent avec leur fleuve mal-aim\u00e9, la Vilaine, en le lib\u00e9rant du bitume.<\/p>\n","protected":false},"excerpt":{"rendered":"Dans l\u2019obscurit\u00e9, \u00e0 bord d\u2019une petite embarcation, on aper\u00e7oit quelques pigeons et chauve-souris qui ont \u00e9lu domicile sous&hellip;\n","protected":false},"author":2,"featured_media":167587,"comment_status":"","ping_status":"","sticky":false,"template":"","format":"standard","meta":{"footnotes":""},"categories":[2821],"tags":[1111,11,829,459,1777,674,1011,27,3746,4517,12,584,25],"class_list":{"0":"post-167586","1":"post","2":"type-post","3":"status-publish","4":"format-standard","5":"has-post-thumbnail","7":"category-rennes","8":"tag-actu","9":"tag-actualites","10":"tag-bretagne","11":"tag-departements-horsidfo","12":"tag-eu","13":"tag-europe","14":"tag-fr","15":"tag-france","16":"tag-futurs","17":"tag-ille-et-vilaine-35","18":"tag-news","19":"tag-rennes","20":"tag-republique-francaise"},"share_on_mastodon":{"url":"https:\/\/pubeurope.com\/@fr\/114663488478445244","error":""},"_links":{"self":[{"href":"https:\/\/www.europesays.com\/fr\/wp-json\/wp\/v2\/posts\/167586","targetHints":{"allow":["GET"]}}],"collection":[{"href":"https:\/\/www.europesays.com\/fr\/wp-json\/wp\/v2\/posts"}],"about":[{"href":"https:\/\/www.europesays.com\/fr\/wp-json\/wp\/v2\/types\/post"}],"author":[{"embeddable":true,"href":"https:\/\/www.europesays.com\/fr\/wp-json\/wp\/v2\/users\/2"}],"replies":[{"embeddable":true,"href":"https:\/\/www.europesays.com\/fr\/wp-json\/wp\/v2\/comments?post=167586"}],"version-history":[{"count":0,"href":"https:\/\/www.europesays.com\/fr\/wp-json\/wp\/v2\/posts\/167586\/revisions"}],"wp:featuredmedia":[{"embeddable":true,"href":"https:\/\/www.europesays.com\/fr\/wp-json\/wp\/v2\/media\/167587"}],"wp:attachment":[{"href":"https:\/\/www.europesays.com\/fr\/wp-json\/wp\/v2\/media?parent=167586"}],"wp:term":[{"taxonomy":"category","embeddable":true,"href":"https:\/\/www.europesays.com\/fr\/wp-json\/wp\/v2\/categories?post=167586"},{"taxonomy":"post_tag","embeddable":true,"href":"https:\/\/www.europesays.com\/fr\/wp-json\/wp\/v2\/tags?post=167586"}],"curies":[{"name":"wp","href":"https:\/\/api.w.org\/{rel}","templated":true}]}}