{"id":167588,"date":"2025-06-11T07:12:20","date_gmt":"2025-06-11T07:12:20","guid":{"rendered":"https:\/\/www.europesays.com\/fr\/167588\/"},"modified":"2025-06-11T07:12:20","modified_gmt":"2025-06-11T07:12:20","slug":"en-pedopsychiatrie-le-manque-de-moyens-induit-une-perte-de-chance-pour-lenfant","status":"publish","type":"post","link":"https:\/\/www.europesays.com\/fr\/167588\/","title":{"rendered":"En p\u00e9dopsychiatrie, \u00ab\u00a0le manque de moyens induit une perte de chance pour l&rsquo;enfant\u00a0\u00bb"},"content":{"rendered":"<p class=\"wp-block-post-excerpt__excerpt\">La cheffe du service psychiatrie enfants aux H\u00f4pitaux Universitaires de Strasbourg regrette la promesse non tenue d\u2019un nouveau b\u00e2timent pour la p\u00e9dopsychiatrie. Carmen Schroeder d\u00e9crit des \u00e9quipes d\u00e9bord\u00e9es face \u00e0 l\u2019explosion du mal-\u00eatre des jeunes. <\/p>\n<p><a href=\"https:\/\/www.rue89strasbourg.com\/category\/premium\" rel=\"tag nofollow noopener\" target=\"_blank\">\u00c9dition abonn\u00e9s<\/a>, <a href=\"https:\/\/www.rue89strasbourg.com\/category\/interview\" rel=\"tag nofollow noopener\" target=\"_blank\">Interview<\/a><\/p>\n<p>Guillaume Krempp<\/p>\n<p>Publi\u00e9 le 11 juin 2025\u00a0\u00a0\u00b7\u00a0\u00a0<\/p>\n<p>Imprim\u00e9 le 11 juin 2025 \u00e0 09h12\u00a0\u00a0\u00b7\u00a0\u00a0<\/p>\n<p>\t\t\t\t\t4\u00a0minutes\n<\/p>\n<p class=\"has-drop-cap\">La sant\u00e9 mentale des enfants n\u2019a jamais \u00e9t\u00e9 une priorit\u00e9, \u00e0 Strasbourg comme ailleurs. Pour s\u2019en rendre compte localement, il faut suivre l\u2019histoire des locaux d\u00e9di\u00e9s aux H\u00f4pitaux Universitaires de Strasbourg (HUS). Depuis 2010, les r\u00e9unions se sont encha\u00een\u00e9es au sujet du futur b\u00e2timent pour la p\u00e9dopsychiatrie de l\u2019h\u00f4pital public strasbourgeois. Le besoin \u00e9tait urgent tant les locaux situ\u00e9s dans le quartier de l\u2019Elsau \u00e9taient v\u00e9tustes et laids. Apr\u00e8s une premi\u00e8re d\u00e9sillusion en 2015, les infirmi\u00e8res et m\u00e9decins du service y ont cru \u00e0 nouveau en 2021. Jean Castex, alors Premier ministre, avait annonc\u00e9 20 millions d\u2019euros pour relancer la construction d\u2019un b\u00e2timent de psychiatrie enfants. Quatre ans plus tard, c\u2019est une nouvelle d\u00e9sillusion pour les professionnels de ce secteur \u00e0 Strasbourg.<\/p>\n<p>Lisez la suite pour 1\u20ac seulement<\/p>\n<ul class=\"wp-block-list\">\n<li class=\"align-start flex list-none mb-2 has-medium-font-size\">Jouez un r\u00f4le actif dans la pr\u00e9servation de la pluralit\u00e9 m\u00e9diatique<\/li>\n<li class=\"align-start flex list-none mb-2 has-medium-font-size\">Plongez en illimit\u00e9 dans nos articles et enqu\u00eates exclusives<\/li>\n<li class=\"align-start flex list-none mb-2 has-medium-font-size\">Participez librement \u00e0 la discussion gr\u00e2ce aux \u00ab\u00a0identit\u00e9s multiples\u00a0\u00bb<\/li>\n<\/ul>\n<p class=\"has-text-align-right\"><strong><a href=\"https:\/\/www.rue89strasbourg.com\/abonnement\" data-type=\"page\" data-id=\"0\" rel=\"nofollow noopener\" target=\"_blank\">Je m\u2019abonne\u00a0 <\/a><\/strong><\/p>\n<p>\t\t\t<a href=\"https:\/\/www.rue89strasbourg.com\/\" class=\"custom-logo-link\" rel=\"home nofollow noopener\" target=\"_blank\"><img loading=\"lazy\" decoding=\"async\" width=\"290\" height=\"62\" src=\"https:\/\/www.europesays.com\/fr\/wp-content\/uploads\/2025\/04\/1743975279_388_logo.png\" class=\"custom-logo\" alt=\"Rue89 Strasbourg Enqu\u00eates et informations locales\"  \/><\/a><\/p>\n<p>\n\t\t\t\tAbonnez-vous maintenant pour suivre l\u2019actualit\u00e9 locale.\t\t\t<\/p>\n<p class=\"font-bold font-serif-heading mb-2 text-4xl\">\n\t\t\t\t\t\tL\u2019investigation locale \u00e0 port\u00e9e de main.\n\t\t\t\t\t<\/p>\n<p>\n\t\t\t\t\t\tAbonnez-vous et profitez d\u2019un acc\u00e8s illimit\u00e9 \u00e0 Rue89 Strasbourg. Annulez quand vous voulez.\n\t\t\t\t\t<\/p>\n<p class=\"xl:text-sm\">\n\t\t\t\t\tD\u00e9j\u00e0 abonn\u00e9\u00a0?<br \/>\n\t\t\t\t\t<a class=\"border border-transparent text-center transition-colors duration-instant focus:border-info focus:rounded focus:shadow-focus cursor-pointer text-black hover:text-gray-700 active:bg-black-700 font-semibold inline-block\" href=\"https:\/\/www.rue89strasbourg.com\/user\/connexion?redirect=\/manque-moyens-pedopsychiatrie-perte-chance-enfant-346363\" rel=\"nofollow noopener\" target=\"_blank\">Connectez-vous<\/a>\t\t\t\t<\/p>\n<p>\n\t\t\t\tChoisissez votre formule\u00a0:\n\t\t\t<\/p>\n<p>\t\t\t\tFermer<\/p>\n","protected":false},"excerpt":{"rendered":"La cheffe du service psychiatrie enfants aux H\u00f4pitaux Universitaires de Strasbourg regrette la promesse non tenue d\u2019un nouveau&hellip;\n","protected":false},"author":2,"featured_media":167589,"comment_status":"","ping_status":"","sticky":false,"template":"","format":"standard","meta":{"footnotes":""},"categories":[2820],"tags":[1111,11,1777,674,1011,27,775,14481,12,235,25,71,2072,640],"class_list":{"0":"post-167588","1":"post","2":"type-post","3":"status-publish","4":"format-standard","5":"has-post-thumbnail","7":"category-strasbourg","8":"tag-actu","9":"tag-actualites","10":"tag-eu","11":"tag-europe","12":"tag-fr","13":"tag-france","14":"tag-grand-est","15":"tag-hopitaux-universitaires-de-strasbourg","16":"tag-news","17":"tag-psychiatrie","18":"tag-republique-francaise","19":"tag-sante","20":"tag-sante-mentale","21":"tag-strasbourg"},"share_on_mastodon":{"url":"https:\/\/pubeurope.com\/@fr\/114663492439767168","error":""},"_links":{"self":[{"href":"https:\/\/www.europesays.com\/fr\/wp-json\/wp\/v2\/posts\/167588","targetHints":{"allow":["GET"]}}],"collection":[{"href":"https:\/\/www.europesays.com\/fr\/wp-json\/wp\/v2\/posts"}],"about":[{"href":"https:\/\/www.europesays.com\/fr\/wp-json\/wp\/v2\/types\/post"}],"author":[{"embeddable":true,"href":"https:\/\/www.europesays.com\/fr\/wp-json\/wp\/v2\/users\/2"}],"replies":[{"embeddable":true,"href":"https:\/\/www.europesays.com\/fr\/wp-json\/wp\/v2\/comments?post=167588"}],"version-history":[{"count":0,"href":"https:\/\/www.europesays.com\/fr\/wp-json\/wp\/v2\/posts\/167588\/revisions"}],"wp:featuredmedia":[{"embeddable":true,"href":"https:\/\/www.europesays.com\/fr\/wp-json\/wp\/v2\/media\/167589"}],"wp:attachment":[{"href":"https:\/\/www.europesays.com\/fr\/wp-json\/wp\/v2\/media?parent=167588"}],"wp:term":[{"taxonomy":"category","embeddable":true,"href":"https:\/\/www.europesays.com\/fr\/wp-json\/wp\/v2\/categories?post=167588"},{"taxonomy":"post_tag","embeddable":true,"href":"https:\/\/www.europesays.com\/fr\/wp-json\/wp\/v2\/tags?post=167588"}],"curies":[{"name":"wp","href":"https:\/\/api.w.org\/{rel}","templated":true}]}}