{"id":167592,"date":"2025-06-11T07:14:09","date_gmt":"2025-06-11T07:14:09","guid":{"rendered":"https:\/\/www.europesays.com\/fr\/167592\/"},"modified":"2025-06-11T07:14:09","modified_gmt":"2025-06-11T07:14:09","slug":"rue-smolett-ou-rue-smollett-nice-lance-une-consultation-publique-pour-trancher-une-bonne-fois-pour-toutes-le-debat","status":"publish","type":"post","link":"https:\/\/www.europesays.com\/fr\/167592\/","title":{"rendered":"Rue Smolett ou rue Smollett? Nice lance une consultation publique pour \u00ab\u00a0trancher une bonne fois pour toutes\u00a0\u00bb le d\u00e9bat"},"content":{"rendered":"<p>Smolett, Smollett, Smollet ? L\u2019orthographe de cette rue du centre-ville de Nice n\u2019en finit pas de questionner. Au point d\u2019\u00eatre maintenant soumis\u2026 \u00e0 l\u2019avis des Ni\u00e7ois. La municipalit\u00e9 vient de lancer une consultation pour \u00ab\u00a0trancher une bonne fois pour toutes\u00a0\u00bb le d\u00e9bat.<\/p>\n<p>Le nom de cette rue qui d\u00e9bouchait jadis sur le palais Acropolis (et bient\u00f4t sur l\u2019extension de la promenade du Paillon) est tir\u00e9 d\u2019un romancier \u00e9cossais qui, entre 1763 et 1765, a s\u00e9journ\u00e9 \u00e0 Nice, s\u2019inspirant de l\u2019atmosph\u00e8re de la ville pour l\u2019un de ses ouvrages. En hommage, la rue ni\u00e7oise a \u00e9t\u00e9 nomm\u00e9e de son patronyme qui, <a href=\"https:\/\/www.nicematin.com\/vie-locale\/il-est-a-lorigine-du-tourisme-a-nice-et-tres-critique-des-nicois-pourquoi-smollett-est-mal-orthographie-dans-la-rue-qui-porte-son-nom-635956?t=1747734776\" rel=\"nofollow noopener\" target=\"_blank\">selon l\u2019historien ni\u00e7ois Alex Benvenuto<\/a>, s\u2019orthographie bien avec un double L et un double T: Smollett.<\/p>\n<p>Pourtant, pendant des ann\u00e9es, les plaques indiquant le nom de l\u2019art\u00e8re \u00e0 chaque intersection pr\u00e9sentaient des orthographes souvent fantaisistes. Et aujourd\u2019hui encore, le consensus n\u2019existe pas: l\u2019Universit\u00e9 C\u00f4te d\u2019Azur utilise la bonne orthographe mais pas la plateforme Google Maps, par exemple.<\/p>\n<p>L\u2019origine de ces orthographes vari\u00e9es? Une erreur du service de l\u2019\u00e9tat civil de l\u2019\u00e9poque, qui a enregistr\u00e9 le nom de l\u2019\u00e9crivain avec un seul L. Rien de gravissime, <a href=\"https:\/\/www.nicematin.com\/faits-divers\/tobias-smollett-nice-a-cote-de-la-plaque--349104\" rel=\"nofollow noopener\" target=\"_blank\">tant les r\u00e9sidents de cette rue ignorent la bonne orthographe du patronyme de Tobias Smollett, tout autant que ce qu\u2019il a accompli<\/a>.<\/p>\n<p>Toutes les pancartes retir\u00e9es<\/p>\n<p>Mais r\u00e9cemment, un r\u00e9sident de cette fameuse rue a averti Nice-Matin que les panneaux officiels de la rue avaient \u00e9t\u00e9 remplac\u00e9s bri\u00e8vement par des pancartes \u00e0 la bonne orthographe. \u00ab\u00a0Il y a peut-\u00eatre six mois, toutes les anciennes plaques ont \u00e9t\u00e9 retir\u00e9es et remplac\u00e9es par des plaques uniformis\u00e9es\u00a0\u00bb, pr\u00e9cise Guy.<\/p>\n<p>Sauf qu\u2019il y a quelques jours, nouveau rebondissement: \u00ab\u00a0La totalit\u00e9 des plaques de cette rue ont \u00e0 nouveau \u00e9t\u00e9 subrepticement d\u00e9boulonn\u00e9es\u00a0\u00bb, alerte le riverain. Selon lui, quelques jours plus tard, il a crois\u00e9 un brocanteur qui disposait d\u2019un bon lot de plaques de rue au nom de l\u2019\u00c9cossais. \u00ab\u00a0Il m\u2019a dit que c\u2019\u00e9tait la Ville qui s\u2019en \u00e9tait d\u00e9barrass\u00e9e\u00a0\u00bb, indique-t-il.<\/p>\n<p>Alors qui s\u2019en prend \u00e0 l\u2019orthographe de cette rue? La Ville de Nice reste tr\u00e8s \u00e9nigmatique sur ces changements&#8230; En revanche, elle tranche: le nom de l\u2019\u00e9crivain, c\u2019est \u00ab\u00a0Smollett\u00a0\u00bb, avec deux L et deux T.<\/p>\n<p>Une consultation citoyenne pour d\u00e9cider<\/p>\n<p>Pour le nom de la rue, elle pr\u00e9f\u00e8re\u2026 ne pas choisir. \u00ab\u00a0Comme le d\u00e9bat orthographique autour de Smollett persiste et que deux versions du nom se prom\u00e8nent en ville, la municipalit\u00e9 pr\u00e9f\u00e8re jouer la carte de la d\u00e9mocratie participative\u00a0\u00bb, indique une porte-parole.<\/p>\n<p>Sur sa plateforme Jeparticipe.nice.fr, <a href=\"https:\/\/jeparticipe.nice.fr\/processes\/ruesmollettousmollet\" target=\"_blank\" rel=\"noopener nofollow\">la Ville a donc lanc\u00e9 une consultation pour permettre \u00e0 tous de voter<\/a>. Faut-il corriger les plaques ou conserver l\u2019erreur entr\u00e9e dans les m\u0153urs? Les Ni\u00e7ois ont jusqu\u2019au 8 juillet pour trancher.<\/p>\n","protected":false},"excerpt":{"rendered":"Smolett, Smollett, Smollet ? L\u2019orthographe de cette rue du centre-ville de Nice n\u2019en finit pas de questionner. Au&hellip;\n","protected":false},"author":2,"featured_media":167593,"comment_status":"","ping_status":"","sticky":false,"template":"","format":"standard","meta":{"footnotes":""},"categories":[2819],"tags":[1111,11,1777,674,1011,27,12,2401,882,25,3366],"class_list":{"0":"post-167592","1":"post","2":"type-post","3":"status-publish","4":"format-standard","5":"has-post-thumbnail","7":"category-nice","8":"tag-actu","9":"tag-actualites","10":"tag-eu","11":"tag-europe","12":"tag-fr","13":"tag-france","14":"tag-news","15":"tag-nice","16":"tag-provence-alpes-cote-dazur","17":"tag-republique-francaise","18":"tag-vie-locale"},"share_on_mastodon":{"url":"https:\/\/pubeurope.com\/@fr\/114663500208248638","error":""},"_links":{"self":[{"href":"https:\/\/www.europesays.com\/fr\/wp-json\/wp\/v2\/posts\/167592","targetHints":{"allow":["GET"]}}],"collection":[{"href":"https:\/\/www.europesays.com\/fr\/wp-json\/wp\/v2\/posts"}],"about":[{"href":"https:\/\/www.europesays.com\/fr\/wp-json\/wp\/v2\/types\/post"}],"author":[{"embeddable":true,"href":"https:\/\/www.europesays.com\/fr\/wp-json\/wp\/v2\/users\/2"}],"replies":[{"embeddable":true,"href":"https:\/\/www.europesays.com\/fr\/wp-json\/wp\/v2\/comments?post=167592"}],"version-history":[{"count":0,"href":"https:\/\/www.europesays.com\/fr\/wp-json\/wp\/v2\/posts\/167592\/revisions"}],"wp:featuredmedia":[{"embeddable":true,"href":"https:\/\/www.europesays.com\/fr\/wp-json\/wp\/v2\/media\/167593"}],"wp:attachment":[{"href":"https:\/\/www.europesays.com\/fr\/wp-json\/wp\/v2\/media?parent=167592"}],"wp:term":[{"taxonomy":"category","embeddable":true,"href":"https:\/\/www.europesays.com\/fr\/wp-json\/wp\/v2\/categories?post=167592"},{"taxonomy":"post_tag","embeddable":true,"href":"https:\/\/www.europesays.com\/fr\/wp-json\/wp\/v2\/tags?post=167592"}],"curies":[{"name":"wp","href":"https:\/\/api.w.org\/{rel}","templated":true}]}}