{"id":167608,"date":"2025-06-11T07:22:08","date_gmt":"2025-06-11T07:22:08","guid":{"rendered":"https:\/\/www.europesays.com\/fr\/167608\/"},"modified":"2025-06-11T07:22:08","modified_gmt":"2025-06-11T07:22:08","slug":"villeneuve-dascq-on-a-teste-le-concept-street-food-vegetale-bonbonbon-signe-bonduelle","status":"publish","type":"post","link":"https:\/\/www.europesays.com\/fr\/167608\/","title":{"rendered":"Villeneuve-d&rsquo;Ascq. On a test\u00e9 le concept street food v\u00e9g\u00e9tale Bonbonbon sign\u00e9 Bonduelle"},"content":{"rendered":"<p>            Par<br \/>\n        <strong><br \/>\n            <a href=\"https:\/\/actu.fr\/auteur\/redaction-lille\" title=\"Consulter tous les articles de R\u00e9daction Lille\" rel=\"nofollow noopener\" target=\"_blank\">R\u00e9daction Lille<\/a><br \/>\n        <\/strong><\/p>\n<p>        Publi\u00e9 le<\/p>\n<p>            11 juin 2025 \u00e0 8h40        <\/p>\n<p>Cela avait \u00e9t\u00e9 <a href=\"https:\/\/actu.fr\/hauts-de-france\/villeneuve-d-ascq_59009\/villeneuve-dascq-bonbonbon-cest-quoi-ces-restaurant-et-boutique-bonduelle-qui-vont-bientot-ouvrir_62390112.html\" rel=\"nofollow noopener\" target=\"_blank\">annonc\u00e9 en mars 2025<\/a> : le<b> tout premier restaurant Bonduelle<\/b> a ouvert ses portes \u00e0 <b>Villeneuve-d\u2019Ascq<\/b>, dans son<b> concept store flambant neuf<\/b>. Entre boutique de marque, cuisine ouverte et plats v\u00e9g\u00e9taux, on a<b> test\u00e9 ce lieu hybride. <\/b>On vous dit tout.<\/p>\n<p>Une pause d\u00e9jeuner pas comme les autres<\/p>\n<p class=\" wall-content\">En entrant, vous retrouverez la<b> boutique Bonduelle <\/b>avec tous ses produits embl\u00e9matiques mais pas seulement : boissons, goodies, lunch et m\u00eame des lunch bowls pour des repas rapides, surprenant non ? Qui l\u2019aurait cru ?<\/p>\n<p class=\" wall-content\">C\u00f4t\u00e9 restaurant, commandez votre plat sur une tablette en ligne. Bonbonbon se veut \u00eatre un restaurant de <b>casual food flexitarienne<\/b>, c\u2019est-\u00e0-dire tr\u00e8s peu de viande et une majorit\u00e9 de v\u00e9g\u00e9tal. La carte propose donc des plats gourmands et accessibles, inspir\u00e9s de la <a href=\"https:\/\/actu.fr\/tag\/street-food\" rel=\"nofollow noopener\" target=\"_blank\">street food<\/a>, autour du v\u00e9g\u00e9tal. Une fois votre choix fait, direction la grande cuisine ouverte o\u00f9 les chefs pr\u00e9parent les plats sous vos yeux. Vous pourrez ensuite d\u00e9guster vos d\u00e9licieux mets dans un espace aux couleurs vives inspir\u00e9 des diners am\u00e9ricains.<\/p>\n<p>Un espace multiple<\/p>\n<p class=\" wall-content\">Si vous n\u2019avez pas l\u2019estomac creux, Bonduelle vous invite \u00e0 simplement venir<b> boire un caf\u00e9 ou travailler<\/b> dans un espace d\u00e9tente, ouvert toute la journ\u00e9e. Si vous \u00eates press\u00e9s, vous pouvez \u00e9galement prendre votre repas \u00e0 emporter. Le restaurant est ouvert uniquement<b> le midi, du lundi au vendredi<\/b>, parfait pour accueillir salari\u00e9s et \u00e9tudiants des alentours !<\/p>\n<p>Des nouveaut\u00e9s\u2026<\/p>\n<p class=\" wall-content\">Nous avons pu go\u00fbter la <b>nouvelle carte Summer <\/b>en avant-premi\u00e8re. Une chose \u00e0 dire : vous allez vous r\u00e9galer. Entre quiches, salade de pois chiches, ou encore mini pains pita \u00e0 l\u2019houmous\u2026 plein de surprises vous attendent. De plus, l\u2019\u00e9quipe a confi\u00e9 que le <b>click and collect <\/b>d\u00e9barquera bient\u00f4t chez Bonbonbon.<\/p>\n<p>Vid\u00e9os : en ce moment sur ActuCasser les clich\u00e9s du v\u00e9g\u00e9tal, selon Capucine<\/p>\n<p class=\" wall-content\">Capucine, directrice du lieu, explique le concept : \u00ab\u00a0la cl\u00e9, c\u2019est la gourmandise\u00a0\u00bb. L\u2019objectif \u00e9tait de \u00ab\u00a0casser les id\u00e9es re\u00e7ues sur la cuisine v\u00e9g\u00e9tarienne et de convaincre dans l\u2019assiette.\u00a0\u00bb Ce concept store s\u2019inscrit \u00e9galement dans une dynamique de rajeunissement de la marque et d\u2019une volont\u00e9 \u00ab\u00a0d\u2019apprendre \u00e0 mieux conna\u00eetre les clients.\u00a0\u00bb<\/p>\n<p class=\" wall-content\"><b>Margaux Salignat<\/b><\/p>\n<p class=\" wall-content\">Suivez toute l\u2019actualit\u00e9 de vos villes et m\u00e9dias favoris en vous inscrivant \u00e0 <a href=\"https:\/\/moncompte.actu.fr\" title=\"D\u00e9couvez Mon Actu\" rel=\"nofollow noopener\" data-trk=\"{&quot;cta&quot;:{&quot;action&quot;:&quot;https:\\\/\\\/moncompte.actu.fr&quot;,&quot;category&quot;:&quot;mon compte&quot;,&quot;from&quot;:&quot;article footer&quot;,&quot;name&quot;:&quot;Mon actu&quot;,&quot;type&quot;:&quot;cta&quot;}}\" target=\"_blank\">Mon Actu<\/a>.<\/p>\n","protected":false},"excerpt":{"rendered":"Par R\u00e9daction Lille Publi\u00e9 le 11 juin 2025 \u00e0 8h40 Cela avait \u00e9t\u00e9 annonc\u00e9 en mars 2025 :&hellip;\n","protected":false},"author":2,"featured_media":167609,"comment_status":"","ping_status":"","sticky":false,"template":"","format":"standard","meta":{"footnotes":""},"categories":[2815],"tags":[1111,11,215,33,1777,674,1011,27,811,1307,12,25,1340,10479],"class_list":{"0":"post-167608","1":"post","2":"type-post","3":"status-publish","4":"format-standard","5":"has-post-thumbnail","7":"category-lille","8":"tag-actu","9":"tag-actualites","10":"tag-commerce","11":"tag-economie","12":"tag-eu","13":"tag-europe","14":"tag-fr","15":"tag-france","16":"tag-hauts-de-france","17":"tag-lille","18":"tag-news","19":"tag-republique-francaise","20":"tag-restaurant","21":"tag-street-food"},"share_on_mastodon":{"url":"https:\/\/pubeurope.com\/@fr\/114663531807000390","error":""},"_links":{"self":[{"href":"https:\/\/www.europesays.com\/fr\/wp-json\/wp\/v2\/posts\/167608","targetHints":{"allow":["GET"]}}],"collection":[{"href":"https:\/\/www.europesays.com\/fr\/wp-json\/wp\/v2\/posts"}],"about":[{"href":"https:\/\/www.europesays.com\/fr\/wp-json\/wp\/v2\/types\/post"}],"author":[{"embeddable":true,"href":"https:\/\/www.europesays.com\/fr\/wp-json\/wp\/v2\/users\/2"}],"replies":[{"embeddable":true,"href":"https:\/\/www.europesays.com\/fr\/wp-json\/wp\/v2\/comments?post=167608"}],"version-history":[{"count":0,"href":"https:\/\/www.europesays.com\/fr\/wp-json\/wp\/v2\/posts\/167608\/revisions"}],"wp:featuredmedia":[{"embeddable":true,"href":"https:\/\/www.europesays.com\/fr\/wp-json\/wp\/v2\/media\/167609"}],"wp:attachment":[{"href":"https:\/\/www.europesays.com\/fr\/wp-json\/wp\/v2\/media?parent=167608"}],"wp:term":[{"taxonomy":"category","embeddable":true,"href":"https:\/\/www.europesays.com\/fr\/wp-json\/wp\/v2\/categories?post=167608"},{"taxonomy":"post_tag","embeddable":true,"href":"https:\/\/www.europesays.com\/fr\/wp-json\/wp\/v2\/tags?post=167608"}],"curies":[{"name":"wp","href":"https:\/\/api.w.org\/{rel}","templated":true}]}}