{"id":16761,"date":"2025-04-11T07:45:08","date_gmt":"2025-04-11T07:45:08","guid":{"rendered":"https:\/\/www.europesays.com\/fr\/16761\/"},"modified":"2025-04-11T07:45:08","modified_gmt":"2025-04-11T07:45:08","slug":"fedrigoni-ouvre-un-centre-de-refente-en-allemagne","status":"publish","type":"post","link":"https:\/\/www.europesays.com\/fr\/16761\/","title":{"rendered":"Fedrigoni ouvre un centre de refente en Allemagne"},"content":{"rendered":"<p>&#13;<br \/>\n\tTransformer des bobines m\u00e8re de plusieurs m\u00e8tres de laize dans des bobines de largeur inf\u00e9rieure, poss\u00e9dant les dimensions demand\u00e9es par les clients, g\u00e9n\u00e9ralement comprises entre 30 et 45 cm : telle est l\u2019activit\u00e9 des centres de refente, courante dans l\u2019industrie de l\u2019\u00e9tiquette adh\u00e9sive. Fedrigoni, qui pointe au troisi\u00e8me rang mondial sur ce march\u00e9, annonce l\u2019ouverture d\u2019un centre de refente de 6400 m\u00b2 \u00e0 Frechen, pr\u00e8s de Cologne (Allemagne).<\/p>\n<p>&#13;<br \/>\n\t\u00c9quip\u00e9 de machines de derni\u00e8re g\u00e9n\u00e9ration, lui permettant de traiter des bobines de 2 m de large, il est destin\u00e9 \u00e0 mieux desservir les march\u00e9s du nord-ouest de l\u2019Europe, notamment l\u2019Allemagne, les Pays-Bas, la Belgique et le nord de la France, dans les secteurs de l\u2019emballage de luxe, l\u2019alimentation et les boissons, les soins et la grande distribution.<\/p>\n<p>&#13;<br \/>\n\tD\u00e9lais de livraison<\/p>\n<p>&#13;<br \/>\n\tDimensionn\u00e9 pour traiter 90 millions de m\u00b2 de mat\u00e9riaux par an, en film ou papier, il a \u00e9t\u00e9 con\u00e7u pour \u00e9voluer \u00e0 la fois en termes de capacit\u00e9 que de march\u00e9s g\u00e9ographiques. \u00ab\u2009L\u2019ouverture de ce centre de d\u00e9coupe en Allemagne vise \u00e0 soutenir nos clients face \u00e0 un march\u00e9 des \u00e9tiquettes auto-adh\u00e9sives de plus en plus exigeant, en particulier en termes de service et de d\u00e9lais de livraison. En nous rapprochant de nos clients, nous am\u00e9liorons \u00e0 la fois nos d\u00e9lais et la qualit\u00e9 globale de notre service dans cette r\u00e9gion, ce qui reste pour nous reste une vraie priorit\u00e9\u2009\u00bb, explique dans un communiqu\u00e9 Fernando Gir\u00f3n, directeur commercial pour la zone Europe-Moyen-Orient-Afrique (EMEA) de la division \u00e9tiquettes en bobines et en feuilles chez Fedrigoni.<\/p>\n<p>&#13;<br \/>\n\tLe centre de Frechen s\u2019ajoute \u00e0 celui de Dobroszyce, en Pologne, ouvert en 2021, qui a vocation \u00e0 rayonner sur l\u2019Europe du Nord et de l\u2019Est.<\/p>\n<p>&#13;<br \/>\n\tBas\u00e9 \u00e0 V\u00e9rone (Italie), Fedrigoni fabrique des mat\u00e9riaux pour \u00e9tiquettes et des papiers sp\u00e9ciaux pour l\u2019emballage de luxe ainsi que des solutions bas\u00e9es sur la technologie RFID. Le groupe, qui poss\u00e8de 80 usines, emploie 6000 personnes dans 29 pays.<\/p>\n<p class=\"editoTitleType1 editoTitleType1--lagoon is-uppercase\">S\u00e9lectionn\u00e9 <b>pour vous<\/b><\/p>\n<p>                                                                            <a class=\"editoCardType21__link editoCardType21__containerImage\" href=\"https:\/\/www.usinenouvelle.com\/article\/anish-kapoor-reinvente-la-carafe-remy-martin-xo.N2230451\" data-xiti-name=\"2230451\" target=\"_blank\" rel=\"noopener\"><\/p>\n<p>                                                                                                                                                    <img decoding=\"async\" src=\"data:image\/gif;base64,R0lGODdhAQABAPAAAMPDwwAAACwAAAAAAQABAAACAkQBADs=\" data-original=\"\/mediatheque\/9\/8\/4\/001525489_256x170_c.jpg\" alt=\"Anish Kapoor r\u00e9invente la carafe R\u00e9my Martin XO \"\/><\/p>\n<p>                            <\/a><\/p>\n","protected":false},"excerpt":{"rendered":"&#13; Transformer des bobines m\u00e8re de plusieurs m\u00e8tres de laize dans des bobines de largeur inf\u00e9rieure, poss\u00e9dant les&hellip;\n","protected":false},"author":2,"featured_media":16762,"comment_status":"","ping_status":"","sticky":false,"template":"","format":"standard","meta":{"footnotes":""},"categories":[1587],"tags":[11,672,1804,1805,1803,2724,1777,674,1801,399,6848,12,6847,6849,1802],"class_list":{"0":"post-16761","1":"post","2":"type-post","3":"status-publish","4":"format-standard","5":"has-post-thumbnail","7":"category-allemagne","8":"tag-actualites","9":"tag-allemagne","10":"tag-bundesrepublik-deutschland","11":"tag-de","12":"tag-deutschland","13":"tag-emballage","14":"tag-eu","15":"tag-europe","16":"tag-germany","17":"tag-investissement","18":"tag-matieres-premieres","19":"tag-news","20":"tag-papier","21":"tag-papier-carton","22":"tag-republique-federale-dallemagne"},"share_on_mastodon":{"url":"https:\/\/pubeurope.com\/@fr\/114318221390499693","error":""},"_links":{"self":[{"href":"https:\/\/www.europesays.com\/fr\/wp-json\/wp\/v2\/posts\/16761","targetHints":{"allow":["GET"]}}],"collection":[{"href":"https:\/\/www.europesays.com\/fr\/wp-json\/wp\/v2\/posts"}],"about":[{"href":"https:\/\/www.europesays.com\/fr\/wp-json\/wp\/v2\/types\/post"}],"author":[{"embeddable":true,"href":"https:\/\/www.europesays.com\/fr\/wp-json\/wp\/v2\/users\/2"}],"replies":[{"embeddable":true,"href":"https:\/\/www.europesays.com\/fr\/wp-json\/wp\/v2\/comments?post=16761"}],"version-history":[{"count":0,"href":"https:\/\/www.europesays.com\/fr\/wp-json\/wp\/v2\/posts\/16761\/revisions"}],"wp:featuredmedia":[{"embeddable":true,"href":"https:\/\/www.europesays.com\/fr\/wp-json\/wp\/v2\/media\/16762"}],"wp:attachment":[{"href":"https:\/\/www.europesays.com\/fr\/wp-json\/wp\/v2\/media?parent=16761"}],"wp:term":[{"taxonomy":"category","embeddable":true,"href":"https:\/\/www.europesays.com\/fr\/wp-json\/wp\/v2\/categories?post=16761"},{"taxonomy":"post_tag","embeddable":true,"href":"https:\/\/www.europesays.com\/fr\/wp-json\/wp\/v2\/tags?post=16761"}],"curies":[{"name":"wp","href":"https:\/\/api.w.org\/{rel}","templated":true}]}}