{"id":167612,"date":"2025-06-11T07:24:09","date_gmt":"2025-06-11T07:24:09","guid":{"rendered":"https:\/\/www.europesays.com\/fr\/167612\/"},"modified":"2025-06-11T07:24:09","modified_gmt":"2025-06-11T07:24:09","slug":"vers-un-plan-de-sauvegarde-avant-demolition","status":"publish","type":"post","link":"https:\/\/www.europesays.com\/fr\/167612\/","title":{"rendered":"vers un plan de sauvegarde avant d\u00e9molition"},"content":{"rendered":"\n<p>Le plan de sauvegarde qui se pr\u00e9pare pour s\u00e9curiser la tour Bel Horizon (3e) \u00e0 l\u2019entr\u00e9e de Marseille n\u2019est qu\u2019une phase transitoire dans la perspective de l\u2019objectif assum\u00e9 par les autorit\u00e9s de la d\u00e9molition de ces deux copropri\u00e9t\u00e9s priv\u00e9es d\u00e9faillantes plac\u00e9es sous administrateurs judiciaires depuis 2023. C\u2019est ce qu\u2019\u00e9crit la M\u00e9tropole qui cherche un op\u00e9rateur pour \u00e9laborer le cadre op\u00e9rationnel destin\u00e9 d\u2019abord \u00e0 poursuivre les mesures urgentes de s\u00e9curit\u00e9 \u00ab\u00a0\u00e0 tr\u00e8s court terme\u00a0\u00bb d\u00e9j\u00e0 engag\u00e9es sur cet Immeuble de grande hauteur (19 \u00e9tages, 60\u00a0m) construit en 1954. Mais les premiers travaux de mise en s\u00e9curit\u00e9 exig\u00e9s par la commission de s\u00e9curit\u00e9 sont d\u00e9j\u00e0 d\u00e9grad\u00e9s par les dealers qui ont investi les espaces.<\/p>\n<p> \u00ab\u00a0Relogement total<br \/>\n               <br \/>des m\u00e9nages\u00a0\u00bb\n              <\/p>\n<p>\u00ab\u00a0Au regard de la situation financi\u00e8re et technique des copropri\u00e9t\u00e9s et \u00e0 l\u2019impossibilit\u00e9 de mutation de ce b\u00e2ti, [la pr\u00e9fecture] a statu\u00e9 sur l\u2019impossibilit\u00e9 de maintenir cet ensemble immobilier sous le statut de copropri\u00e9t\u00e9\u00a0\u00bb justifie la M\u00e9tropole qui avec la Ville de Marseille et les services de l\u2019\u00c9tat, \u00ab\u00a0ont approuv\u00e9 le principe d\u2019une appropriation publique en vue d\u2019une d\u00e9construction de Bel Horizon 1 et 2 dont les modalit\u00e9s doivent \u00eatre d\u00e9finies au plus vite\u00a0\u00bb. Aussi \u00ab\u00a0dans l\u2019attente d\u2019un recyclage de ces deux copropri\u00e9t\u00e9s, il est primordial d\u2019assurer la s\u00e9curit\u00e9 des occupants et d\u2019accompagner les instances de gouvernance, les propri\u00e9taires et les habitants pendant cette phase transitoire\u00a0\u00bb, ajoute la collectivit\u00e9.<\/p>\n<p>Le nouveau pr\u00e9fet a d\u00e9j\u00e0 cr\u00e9\u00e9 la commission charg\u00e9e de ce plan de sauvegarde. Une enqu\u00eate sociale pour accompagner les m\u00e9nages fragiles sera r\u00e9alis\u00e9e en vue \u00ab\u00a0d\u2019un relogement total des m\u00e9nages\u00a0\u00bb. Ce nouveau cadre op\u00e9rationnel devra d\u00e9finir \u00ab\u00a0des modalit\u00e9s de communication avec les habitants et les copropri\u00e9taires\u00a0\u00bb. Il est en effet temps de les informer.<\/p>\n","protected":false},"excerpt":{"rendered":"Le plan de sauvegarde qui se pr\u00e9pare pour s\u00e9curiser la tour Bel Horizon (3e) \u00e0 l\u2019entr\u00e9e de Marseille&hellip;\n","protected":false},"author":2,"featured_media":167613,"comment_status":"","ping_status":"","sticky":false,"template":"","format":"standard","meta":{"footnotes":""},"categories":[2814],"tags":[1111,11,1777,674,1011,27,884,12,10327,882,25],"class_list":{"0":"post-167612","1":"post","2":"type-post","3":"status-publish","4":"format-standard","5":"has-post-thumbnail","7":"category-marseille","8":"tag-actu","9":"tag-actualites","10":"tag-eu","11":"tag-europe","12":"tag-fr","13":"tag-france","14":"tag-marseille","15":"tag-news","16":"tag-plan-de-sauvegarde","17":"tag-provence-alpes-cote-dazur","18":"tag-republique-francaise"},"share_on_mastodon":{"url":"https:\/\/pubeurope.com\/@fr\/114663539737095317","error":""},"_links":{"self":[{"href":"https:\/\/www.europesays.com\/fr\/wp-json\/wp\/v2\/posts\/167612","targetHints":{"allow":["GET"]}}],"collection":[{"href":"https:\/\/www.europesays.com\/fr\/wp-json\/wp\/v2\/posts"}],"about":[{"href":"https:\/\/www.europesays.com\/fr\/wp-json\/wp\/v2\/types\/post"}],"author":[{"embeddable":true,"href":"https:\/\/www.europesays.com\/fr\/wp-json\/wp\/v2\/users\/2"}],"replies":[{"embeddable":true,"href":"https:\/\/www.europesays.com\/fr\/wp-json\/wp\/v2\/comments?post=167612"}],"version-history":[{"count":0,"href":"https:\/\/www.europesays.com\/fr\/wp-json\/wp\/v2\/posts\/167612\/revisions"}],"wp:featuredmedia":[{"embeddable":true,"href":"https:\/\/www.europesays.com\/fr\/wp-json\/wp\/v2\/media\/167613"}],"wp:attachment":[{"href":"https:\/\/www.europesays.com\/fr\/wp-json\/wp\/v2\/media?parent=167612"}],"wp:term":[{"taxonomy":"category","embeddable":true,"href":"https:\/\/www.europesays.com\/fr\/wp-json\/wp\/v2\/categories?post=167612"},{"taxonomy":"post_tag","embeddable":true,"href":"https:\/\/www.europesays.com\/fr\/wp-json\/wp\/v2\/tags?post=167612"}],"curies":[{"name":"wp","href":"https:\/\/api.w.org\/{rel}","templated":true}]}}