{"id":167614,"date":"2025-06-11T07:25:11","date_gmt":"2025-06-11T07:25:11","guid":{"rendered":"https:\/\/www.europesays.com\/fr\/167614\/"},"modified":"2025-06-11T07:25:11","modified_gmt":"2025-06-11T07:25:11","slug":"a-marseille-la-premiere-slow-fashion-week-de-france-met-la-mode-locale-a-lhonneur-face-aux-derives-des-vetements-jetables","status":"publish","type":"post","link":"https:\/\/www.europesays.com\/fr\/167614\/","title":{"rendered":"\u00c0 Marseille, la premi\u00e8re \u00abslow fashion week\u00bb de France met la mode locale \u00e0 l\u2019honneur face aux d\u00e9rives des v\u00eatements jetables"},"content":{"rendered":"<p>Sous un soleil proven\u00e7al radieux, les mannequins d\u00e9filent dans les all\u00e9es d\u2019un jardin public d\u2019ordinaire fr\u00e9quent\u00e9 par les coureurs, dans le 6\u00e8me arrondissement de Marseille (Bouches-du-Rh\u00f4ne). Une petite centaine de personnes est venue assister \u00e0 ce d\u00e9fil\u00e9 de la marque Frankie and Friends. Musique, tenues color\u00e9es et audacieuses, d\u00e9cor fleuri, rien ne diff\u00e8re, \u00e0 premi\u00e8re vue, d\u2019un podium classique. Pourtant, les v\u00eatements et bijoux pr\u00e9sent\u00e9s par les douze cr\u00e9ateur\u00b7ices sont issus de mati\u00e8res r\u00e9utilis\u00e9es ou recycl\u00e9es et \u00abpersonne n\u2019est venu en jet priv\u00e9\u00bb, plaisante Frankie, cr\u00e9atrice de mode.<\/p>\n<p>Depuis lundi 9 juin, et jusqu\u2019au 14, le collectif Baga, une association marseillaise n\u00e9e en 2023 et r\u00e9unissant cr\u00e9ateur\u00b7ices et acteur\u00b7ices d\u2019une mode \u00abdurable et locale\u00bb, organise la toute premi\u00e8re slow fashion week de France, partout dans Marseille. <a href=\"https:\/\/baga-collectif.fr\/ygliwiph\/2025\/06\/PROGRAMME-SFW-25-v3.pdf\" target=\"_blank\" rel=\"noopener\">Au programme<\/a> plus de cinquante \u00e9v\u00e9nements\u00a0: des d\u00e9fil\u00e9s de cr\u00e9ateur\u00b7ices membres de Baga, des ateliers pour apprendre \u00e0 r\u00e9parer ou transformer des v\u00eatements, des conf\u00e9rences autour d\u2019acteur\u00b7ices d\u00e9fendant une mode plus durable et des portes ouvertes d\u2019ateliers pour sensibiliser le public \u00e0 la r\u00e9utilisation de tissus et habits. \u00abNous avons voulu mettre en avant des talents marseillais qui sont dans une d\u00e9marche \u00e9co-responsable\u00bb, raconte Frankie.<\/p>\n<p><img fetchpriority=\"high\" decoding=\"async\" width=\"1024\" height=\"684\" src=\"https:\/\/www.europesays.com\/fr\/wp-content\/uploads\/2025\/06\/02-1024x684.jpg\" alt=\"\" class=\"wp-image-43124\"  \/>Une mannequin d\u00e9file avec des v\u00eatements cr\u00e9\u00e9s par AMK \u00e0 partir d\u2019autres habits recycl\u00e9s, lors de la \u00abslow fashion week\u00bb \u00e0 Marseille, le 9 juin 2025. \u00a9\u00a0Eliza\u00a0Amouret\/Vert<\/p>\n<p>Avec cette semaine de la mode durable, le collectif Baga veut offrir une alternative aux fashion week parisiennes, et plus largement \u00e0 l\u2019industrie de la mode, responsable, selon l\u2019Agence de la transition \u00e9cologique (Ademe), de <a href=\"https:\/\/librairie.ademe.fr\/index.php?controller=attachment&amp;id_attachment=299&amp;preview=1\" target=\"_blank\" rel=\"noopener\">8% des \u00e9missions mondiales de gaz \u00e0 effet de serre<\/a>. \u00abOn peut cr\u00e9er de nouveaux chemins pour la mode, on a des savoirs-faire de dingue, assure Chlo\u00e9 Roques, membre de Baga et fripi\u00e8re marseillaise. C\u2019est la premi\u00e8re fashion week que nous organisons, et c\u2019est loin d\u2019\u00eatre la derni\u00e8re !\u00bb<\/p>\n<p>\u00abL\u2019id\u00e9e, c\u2019est de montrer une mode plus juste, plus repr\u00e9sentative de nos valeurs\u00bb, compl\u00e8te Frankie. Dans son atelier marseillais, elle brode en \u00abrevalorisant les canevas de nos grands-m\u00e8res\u00bb et fait de l\u2019upcycling, une m\u00e9thode qui consiste \u00e0 r\u00e9utiliser des v\u00eatements ou des mati\u00e8res d\u00e9j\u00e0 existantes. \u00abOn a suffisamment \u00e0 faire avec ce qu\u2019on a comme tr\u00e9sors, comme tissus qui ont des histoires\u00bb, rappelle la cr\u00e9atrice de 39\u00a0ans dans un large sourire, soulag\u00e9e apr\u00e8s son d\u00e9fil\u00e9. <a href=\"https:\/\/www.europarl.europa.eu\/topics\/fr\/article\/20201208STO93327\/production-et-dechets-textiles-les-impacts-sur-l-environnement-infographies#:~:text=Moins%20de%20la%20moiti%C3%A9%20des,vierges%20commencent%20seulement%20%C3%A0%20%C3%A9merger.\" target=\"_blank\" rel=\"noopener\">En Europe, seulement 1% des v\u00eatements usag\u00e9s sont recycl\u00e9s en v\u00eatement neuf<\/a>.<\/p>\n<p><img loading=\"lazy\" decoding=\"async\" width=\"1024\" height=\"719\" src=\"https:\/\/www.europesays.com\/fr\/wp-content\/uploads\/2025\/06\/2-1024x719.jpg\" alt=\"\" class=\"wp-image-43125\"  \/>Caroline Nasica, dessinatrice de BD, d\u00e9file avec un corset en bijoux upcycl\u00e9s de la cr\u00e9atrice Loe Bijoux, lors de la \u00abslow fashion week\u00bb \u00e0 Marseille, le 9 juin 2025. \u00a9\u00a0Eliza\u00a0Amouret\/Vert<\/p>\n<p>Pour son d\u00e9fil\u00e9, Frankie a pr\u00e9sent\u00e9 deux cr\u00e9ations et a invit\u00e9 une dizaine de cr\u00e9ateur\u00b7ices du coin \u00e0 partager le podium. \u00abJe voulais mettre en lumi\u00e8re tous ces talents incroyables, raconte-t-elle. Au d\u00e9part, nous \u00e9tions dix dans le collectif Baga ; aujourd\u2019hui, nous sommes plus de 80\u00a0!\u00bb<\/p>\n<p>Les demandes pour rejoindre la structure sont \u00e9tudi\u00e9es avec attention\u00a0: \u00abOn examine la marque, la fa\u00e7on de vendre\u00bb, d\u00e9taille Chlo\u00e9 Roques, en charge de la communication dans le collectif. Baga privil\u00e9gie les petites marques ind\u00e9pendantes et les savoir-faire artisanaux.<\/p>\n<p>Un \u00e9v\u00e9nement \u00e9co-responsable 100% local<\/p>\n<p>Le d\u00e9fil\u00e9 est suivi d\u2019un march\u00e9, o\u00f9 les cr\u00e9ateur\u00b7ices vendent leurs v\u00eatements et leurs bijoux au rythme des concerts live. L\u2019occasion de rencontrer un public d\u00e9j\u00e0 convaincu par la mode \u00e9thique. \u00abJ\u2019ach\u00e8te tr\u00e8s peu de v\u00eatements\u00bb, expose Jon, venu avec son ami F\u00e9lix pour qui c\u2019\u00e9tait le premier d\u00e9fil\u00e9 de mode.<\/p>\n<p>\u00c0 l\u2019ombre des arbres, les membres de l\u2019atelier d\u2019artistes Mesure Club s\u2019occupent de la musique et de la buvette. Avec Frankie, elles et ils ont travaill\u00e9 pendant des mois pour organiser cet \u00e9v\u00e9nement \u00e9colo et \u00ab100% local\u00bb, raconte Robin de Haro, de Mesure Club. Outre les cr\u00e9ateur\u00b7ices, les groupes de musique sont marseillais\u00a0: \u00abIl y a suffisamment de talents \u00e9mergents pour ne pas avoir \u00e0 aller chercher des artistes qui habitent \u00e0 Paris\u00bb, affirme-t-il. Le syst\u00e8me son est \u00e9galement 100% marseillais, et fonctionne \u00e0 l\u2019\u00e9nergie solaire. La nourriture et la bi\u00e8re sont aussi locales.<\/p>\n<p><img loading=\"lazy\" decoding=\"async\" width=\"1024\" height=\"690\" src=\"https:\/\/www.europesays.com\/fr\/wp-content\/uploads\/2025\/06\/1-1-1024x690.jpg\" alt=\"\" class=\"wp-image-43126\"  \/>Un mannequin d\u00e9file avec des v\u00eatements cr\u00e9\u00e9s par Frankie Collections, lors de la \u00abslow fashion week\u00bb \u00e0 Marseille, le 9 juin 2025. \u00a9 Eliza\u00a0Amouret\/Vert<\/p>\n<p>\u00abLes maquilleur\u00b7ses, les coiffeur\u00b7ses, les photographes, les vid\u00e9astes sont tous et toutes des gens du coin, ajoute Chlo\u00e9 Roques. La seule marque qui n\u2019est pas d\u2019ici vient de Lille.\u00bb<\/p>\n<p>L\u2019\u00e9quipe de Baga a r\u00e9fl\u00e9chi \u00e0 son impact environnemental bien au-del\u00e0 des cr\u00e9ations. \u00abPour la sc\u00e9nographie, nous avons acc\u00e8s \u00e0 la r\u00e9serve des Arts du Sud\u00bb, une association qui vend \u00e0 prix solidaire des mat\u00e9riaux mis au rebut (comme le tapis rouge du festival de Cannes), raconte encore la membre du collectif. En outre, des v\u00e9los cargos sont \u00e0 disposition des cr\u00e9ateur\u00b7ices pour transporter leurs collections. Et les organisateur\u00b7ices promettent qu\u2019un bilan carbone sera \u00e9tabli \u00e0 la fin de la slow fashion week.<\/p>\n<p>Marseille, capitale de la mode \u00e9thique\u00a0?<\/p>\n<p>Le collectif Baga veut faire de Marseille la capitale de la mode \u00e9thique. Une vocation qui se justifie, selon Chlo\u00e9 Roques, par la pr\u00e9sence dans le secteur \u00abd\u2019un grand nombre d\u2019ateliers d\u2019upcycling\u00bb et m\u00eame d\u2019une \u00e9cole de mode \u00e9co-responsable, le Studio Lausi\u00e9, qui cl\u00f4turera cette semaine de d\u00e9fil\u00e9s.<\/p>\n<p><img loading=\"lazy\" decoding=\"async\" width=\"1024\" height=\"699\" src=\"https:\/\/www.europesays.com\/fr\/wp-content\/uploads\/2025\/06\/3-1024x699.jpg\" alt=\"\" class=\"wp-image-43128\"  \/>La cr\u00e9atrice de v\u00eatements upcycl\u00e9s Frankie, au centre de l\u2019image, pose avec les mannequins apr\u00e8s le d\u00e9fil\u00e9 \u00e0 Marseille, le 9 juin 2025. \u00a9\u00a0Eliza\u00a0Amouret\/Vert<\/p>\n<p>Lundi, la slow fashion week a d\u00e9but\u00e9 \u00e0 la Vieille Charit\u00e9, mus\u00e9e embl\u00e9matique du tr\u00e8s touristique quartier du Panier. D\u00e9sormais, l\u2019\u00e9v\u00e9nement rayonne dans tous les coins de la ville, avec des d\u00e9fil\u00e9s dans des lieux iconiques comme le quartier du Pharo. L\u00e0 o\u00f9 les fashion week traditionnelles n\u00e9cessitent le montage et d\u00e9montage des podiums, pendant celle de Marseille chaque cr\u00e9ateur\u00b7ice s\u2019approprie un lieu pour d\u00e9filer. On utilise l\u2019existant\u00a0: les escaliers du palais Longchamp, les chemins sinueux de l\u2019\u00eele Degaby, ou l\u2019esplanade bitum\u00e9e du J4, en face du Mucem \u2013 le Mus\u00e9e des civilisations de l\u2019Europe et de la M\u00e9diterran\u00e9e.<\/p>\n<p>Une initiative novtarice, salu\u00e9e par la Ville de Marseille, qui a autoris\u00e9 l\u2019acc\u00e8s \u00e0 certains lieux. \u00abJe suis tr\u00e8s heureuse que nous puissions faire \u00e9voluer les consciences gr\u00e2ce \u00e0 ce genre d\u2019\u00e9v\u00e9nements\u00bb, se f\u00e9licite Olivia Fortin, maire des 6\u00e8me et 8\u00e8me arrondissements de Marseille, venue assister \u00e0 un d\u00e9fil\u00e9.<\/p>\n<p>Face aux grandes entreprises <a href=\"https:\/\/vert.eco\/articles\/quel-est-vraiment-limpact-environnemental-de-shein-le-geant-de-lultra-fast-fashion\" target=\"_blank\" rel=\"noopener\">hyper polluantes<\/a> de la <a href=\"https:\/\/vert.eco\/articles\/penalites-interdiction-de-la-publicite-que-contient-la-proposition-de-loi-anti-fast-fashion-soumise-au-vote-du-senat-ce-mardi\" target=\"_blank\" rel=\"noopener\">fast fashion<\/a> \u2013 comme Shein \u2013, de plus en plus de collectifs de petits cr\u00e9ateurs \u00e9co-responsables \u00e9mergent. Si la slow fashion week est une premi\u00e8re en France, au Royaume-Uni la sustainable fashion week f\u00eatera bient\u00f4t son cinqui\u00e8me anniversaire.<\/p>\n","protected":false},"excerpt":{"rendered":"Sous un soleil proven\u00e7al radieux, les mannequins d\u00e9filent dans les all\u00e9es d\u2019un jardin public d\u2019ordinaire fr\u00e9quent\u00e9 par les&hellip;\n","protected":false},"author":2,"featured_media":167615,"comment_status":"","ping_status":"","sticky":false,"template":"","format":"standard","meta":{"footnotes":""},"categories":[2814],"tags":[1111,11,1777,674,764,1011,27,884,12,882,25,1104,30102],"class_list":{"0":"post-167614","1":"post","2":"type-post","3":"status-publish","4":"format-standard","5":"has-post-thumbnail","7":"category-marseille","8":"tag-actu","9":"tag-actualites","10":"tag-eu","11":"tag-europe","12":"tag-fast-fashion","13":"tag-fr","14":"tag-france","15":"tag-marseille","16":"tag-news","17":"tag-provence-alpes-cote-dazur","18":"tag-republique-francaise","19":"tag-shein","20":"tag-slow-fashion-week"},"share_on_mastodon":{"url":"https:\/\/pubeurope.com\/@fr\/114663543622238165","error":""},"_links":{"self":[{"href":"https:\/\/www.europesays.com\/fr\/wp-json\/wp\/v2\/posts\/167614","targetHints":{"allow":["GET"]}}],"collection":[{"href":"https:\/\/www.europesays.com\/fr\/wp-json\/wp\/v2\/posts"}],"about":[{"href":"https:\/\/www.europesays.com\/fr\/wp-json\/wp\/v2\/types\/post"}],"author":[{"embeddable":true,"href":"https:\/\/www.europesays.com\/fr\/wp-json\/wp\/v2\/users\/2"}],"replies":[{"embeddable":true,"href":"https:\/\/www.europesays.com\/fr\/wp-json\/wp\/v2\/comments?post=167614"}],"version-history":[{"count":0,"href":"https:\/\/www.europesays.com\/fr\/wp-json\/wp\/v2\/posts\/167614\/revisions"}],"wp:featuredmedia":[{"embeddable":true,"href":"https:\/\/www.europesays.com\/fr\/wp-json\/wp\/v2\/media\/167615"}],"wp:attachment":[{"href":"https:\/\/www.europesays.com\/fr\/wp-json\/wp\/v2\/media?parent=167614"}],"wp:term":[{"taxonomy":"category","embeddable":true,"href":"https:\/\/www.europesays.com\/fr\/wp-json\/wp\/v2\/categories?post=167614"},{"taxonomy":"post_tag","embeddable":true,"href":"https:\/\/www.europesays.com\/fr\/wp-json\/wp\/v2\/tags?post=167614"}],"curies":[{"name":"wp","href":"https:\/\/api.w.org\/{rel}","templated":true}]}}