{"id":167624,"date":"2025-06-11T07:30:13","date_gmt":"2025-06-11T07:30:13","guid":{"rendered":"https:\/\/www.europesays.com\/fr\/167624\/"},"modified":"2025-06-11T07:30:13","modified_gmt":"2025-06-11T07:30:13","slug":"aeroports-autoroutes-circulation-tres-compliquee-en-ile-de-france","status":"publish","type":"post","link":"https:\/\/www.europesays.com\/fr\/167624\/","title":{"rendered":"a\u00e9roports, autoroutes&#8230; circulation tr\u00e8s compliqu\u00e9e en \u00cele-de-France"},"content":{"rendered":"<p>            Par<br \/>\n        <strong><br \/>\n            <a href=\"https:\/\/actu.fr\/auteur\/redaction-paris\" title=\"Consulter tous les articles de R\u00e9daction Paris\" target=\"_blank\" rel=\"noopener\">R\u00e9daction Paris<\/a><br \/>\n        <\/strong><\/p>\n<p>        Publi\u00e9 le<\/p>\n<p>            11 juin 2025 \u00e0 9h05        <\/p>\n<p>Ils vont <a href=\"https:\/\/actu.fr\/ile-de-france\/paris_75056\/nouvelles-mobilisations-des-taxis-et-vtc-des-blocages-prevus-en-ile-de-france_62750886.html\" target=\"_blank\" rel=\"noopener\">faire entendre leur col\u00e8re<\/a> jusque devant le minist\u00e8re de l\u2019\u00c9conomie et des Finances \u00e0 <a href=\"https:\/\/actu.fr\/tag\/bercy\" target=\"_blank\" rel=\"noopener\">Bercy<\/a>. Ce mercredi 11\u00a0juin 2025 au petit matin, des taxis venus de toute la France ont converg\u00e9 vers les<a href=\"https:\/\/actu.fr\/tag\/aeroport-dorly\" target=\"_blank\" rel=\"noopener\"> a\u00e9roports d\u2019Orly<\/a> et <a href=\"https:\/\/actu.fr\/tag\/aeroport-roissy-charles-de-gaulle\" target=\"_blank\" rel=\"noopener\">Roissy<\/a> afin de les bloquer. Des <strong>op\u00e9rations escargots<\/strong> sur les routes d\u2019\u00cele-de-France sont en cours, cr\u00e9ant d\u2019importants bouchons, selon le site d\u2019information trafic en temps r\u00e9el <a href=\"https:\/\/www.sytadin.fr\/\" target=\"_blank\" rel=\"noopener\">Sytadin<\/a>.<\/p>\n<p>Les autoroutes A4 et A6 impact\u00e9s<\/p>\n<p class=\" wall-content\">Vers 9 heures, plus de <strong>370 km de bouchons<\/strong> \u00e9taient enregistr\u00e9s sur les routes d\u2019\u00cele-de-France, soit une situation \u00ab\u2009exceptionnelle\u2009\u00bb, d\u2019apr\u00e8s le site sp\u00e9cialis\u00e9. Les taxis bloquent actuellement plusieurs axes, principalement les<strong> autoroutes A4 et A6<\/strong> en direction de Paris. Ils \u00ab\u2009roulent \u00e0 faible vitesse sur les trois voies de gauche, provoquant en amont une forte retenue\u2009\u00bb, d\u00e9taille Sytadin.<\/p>\n<p>    <img   decoding=\"async\" loading=\"lazy\" src=\"https:\/\/www.europesays.com\/fr\/wp-content\/uploads\/2025\/06\/design-sans-titre-2025-06-11t085953082-960x640.png\" alt=\"La courbe de bouchons en \u00cele-de-France \u00e0 9 heures.\" width=\"960\" height=\"640\"\/><br \/>\n    La courbe de bouchons en \u00cele-de-France \u00e0 9 heures. (\u00a9Sytadin)<\/p>\n<p class=\" wall-content\">Sur l\u2019<strong>A4<\/strong>, une centaine de v\u00e9hicules sont signal\u00e9s entre Coll\u00e9gien (A104) et la Porte de Bercy (BP). Sur l\u2019<strong>A6<\/strong>, une quarantaine de v\u00e9hicules roulent \u00e0 faible vitesse entre Viry-Ch\u00e2tillon et le boulevard p\u00e9riph\u00e9rique. Les manifestants se sont arr\u00eat\u00e9s sur les voies, \u00e0 hauteur de Wissous, ce qui cr\u00e9\u00e9e une forte retenue en amont pr\u00e9cise Sytadin.\u00a0<\/p>\n<p class=\" wall-content\">Sur l\u2019<strong>A6b<\/strong>, une trentaine de v\u00e9hicules roulant \u00e0 faible vitesse provoque \u00e9galement des ralentissements.<\/p>\n<p>Vid\u00e9os : en ce moment sur ActuLe transport des malades\u2009: le nerf de la guerre<\/p>\n<p class=\" wall-content\">Depuis la mi-mai, la profession <a href=\"https:\/\/actu.fr\/ile-de-france\/paris_75056\/manifestation-des-taxis-a-paris-64-personnes-interpellees-pour-degradations-et-violences-volontaires_62659973.html\" target=\"_blank\" rel=\"noopener\">m\u00e8ne plusieurs actions<\/a>\u00a0pour<a href=\"https:\/\/actu.fr\/ile-de-france\/paris_75056\/manifestation-des-taxis-a-paris-une-quarantaine-de-voitures-bloquent-les-acces-a-la-gare-de-lyon_62678995.html\" target=\"_blank\" rel=\"noopener\"> bloquer gares<\/a> et a\u00e9roports ou <a href=\"https:\/\/actu.fr\/ile-de-france\/paris_75056\/greve-des-taxis-les-routes-de-paris-et-d-ile-de-france-paralysees-plus-400-km-d-embouteillages-enregistres_62670385.html\" target=\"_blank\" rel=\"noopener\">occuper certains axes routiers.<\/a> \u00c0\u00a0Paris, la contestation s\u2019est <a href=\"https:\/\/actu.fr\/ile-de-france\/paris_75056\/roland-garros-aeroports-gares-les-taxis-en-colere-continuent-de-faire-planer-la-menace-de-blocages-a-paris_62684981.html\" target=\"_blank\" rel=\"noopener\">concentr\u00e9e boulevard Raspail<\/a>, \u00e0 deux pas du minist\u00e8re des Transports.<\/p>\n<p class=\" wall-content\">\n<p class=\" wall-content\">Les taxis mart\u00e8lent deux revendications principales. D\u2019abord, ils s\u2019opposent \u00e0 la <strong>nouvelle convention de l\u2019Assurance maladie<\/strong> r\u00e9gissant le transport des malades en taxi, cens\u00e9e entrer en vigueur le 1er\u00a0octobre. Le nouveau syst\u00e8me doit reposer sur une prise en charge de 13\u00a0euros par l\u2019Assurance maladie, puis un tarif kilom\u00e9trique. Mais les taxis craignent par exemple que les temps d\u2019attente lorsque le patient est en consultation \u00e0 l\u2019h\u00f4pital ne soient plus r\u00e9mun\u00e9r\u00e9s.<\/p>\n<p class=\" wall-content\">Le <strong>chiffre d\u2019affaires<\/strong> de certains artisans-taxis repose parfois aux <strong>deux tiers<\/strong> sur le transport des patients vers les h\u00f4pitaux ou \u00e0 leurs rendez-vous m\u00e9dicaux, notamment dans les zones rurales ou les petites villes. Pour l\u2019Assurance maladie, il s\u2019agit d\u2019\u00e9conomiser de l\u2019argent en d\u00e9veloppant des plateformes de transports centralisant les demandes, pour rationaliser les all\u00e9es et venues des taxis, permettre le transport partag\u00e9 et \u00e9viter retours \u00e0 vide ou longues p\u00e9riodes d\u2019attente des v\u00e9hicules. Entre\u00a02019 et\u00a02024, les d\u00e9penses de transport sanitaire ont explos\u00e9 pour atteindre 6,74\u00a0milliards d\u2019euros annuels, dont 3,07\u00a0milliards pour les taxis conventionn\u00e9s, soit une augmentation de 45\u2009%.<\/p>\n<p>Les chauffeurs VTC dans le viseur des taxis<\/p>\n<p class=\" wall-content\">Les taxis d\u00e9noncent \u00e9galement la <a href=\"https:\/\/actu.fr\/ile-de-france\/chessy_77111\/ici-le-racolage-des-vtc-cest-surrealiste-mobilises-pres-de-disneyland-paris-les-taxis-enfin-entendus_62695680.html\" target=\"_blank\" rel=\"noopener\"><strong>concurrence d\u00e9loyale<\/strong><\/a> qu\u2019ils subissent \u00e0 travers l\u2019activit\u00e9 chauffeurs VTC. La <a href=\"https:\/\/actu.fr\/ile-de-france\/chessy_77111\/maraude-illegale-faux-taxis-la-concurrence-deloyale-en-hausse-a-la-gare-de-chessy_59159946.html\" target=\"_blank\" rel=\"noopener\">pratique de la maraude<\/a> par ces derniers, th\u00e9oriquement interdite, est point\u00e9e du doigt.<\/p>\n<p class=\" wall-content\">Le gouvernement a r\u00e9pondu en affirmant qu\u2019il allait <strong>accentuer les contr\u00f4les<\/strong> pour s\u2019attaquer aux fraudeurs. Une c\u00e9l\u00e9rit\u00e9 qui a mis en col\u00e8re les chauffeurs VTC, re\u00e7us \u00e0 leur tour le 3\u00a0juin au minist\u00e8re des Transports. Ils ont, eux aussi, appel\u00e9 \u00e0 une semaine de mobilisation depuis mardi 10\u00a0juin.<\/p>\n<p class=\" wall-content\">Les taxis r\u00e9clament un <strong>moratoire<\/strong> sur le nombre de chauffeurs VTC et un gel des examens d\u2019admission, en raison de l\u2019afflux continu de chauffeurs sur les plateformes (Uber, Bolt\u2026) qui tirent leurs revenus \u00e0 la baisse.\u00a0<\/p>\n<p class=\" wall-content\"><strong>Avec AFP<\/strong><\/p>\n<p class=\" wall-content\">Suivez toute l\u2019actualit\u00e9 de vos villes et m\u00e9dias favoris en vous inscrivant \u00e0 <a href=\"https:\/\/moncompte.actu.fr\" title=\"D\u00e9couvez Mon Actu\" rel=\"nofollow noopener\" data-trk=\"{&quot;cta&quot;:{&quot;action&quot;:&quot;https:\\\/\\\/moncompte.actu.fr&quot;,&quot;category&quot;:&quot;mon compte&quot;,&quot;from&quot;:&quot;article footer&quot;,&quot;name&quot;:&quot;Mon actu&quot;,&quot;type&quot;:&quot;cta&quot;}}\" target=\"_blank\">Mon Actu<\/a>.<\/p>\n","protected":false},"excerpt":{"rendered":"Par R\u00e9daction Paris Publi\u00e9 le 11 juin 2025 \u00e0 9h05 Ils vont faire entendre leur col\u00e8re jusque devant&hellip;\n","protected":false},"author":2,"featured_media":167625,"comment_status":"","ping_status":"","sticky":false,"template":"","format":"standard","meta":{"footnotes":""},"categories":[1888],"tags":[1111,1928,11,1927,2118,1777,674,1011,27,803,1272,12,1926,626,1925,25,104],"class_list":{"0":"post-167624","1":"post","2":"type-post","3":"status-publish","4":"format-standard","5":"has-post-thumbnail","7":"category-paris","8":"tag-actu","9":"tag-actu-paris","10":"tag-actualites","11":"tag-actualites-paris","12":"tag-autoroute-6-a6","13":"tag-eu","14":"tag-europe","15":"tag-fr","16":"tag-france","17":"tag-info-trafic","18":"tag-manifestations","19":"tag-news","20":"tag-news-paris","21":"tag-paris","22":"tag-paris-news","23":"tag-republique-francaise","24":"tag-societe"},"share_on_mastodon":{"url":"https:\/\/pubeurope.com\/@fr\/114663563449074551","error":""},"_links":{"self":[{"href":"https:\/\/www.europesays.com\/fr\/wp-json\/wp\/v2\/posts\/167624","targetHints":{"allow":["GET"]}}],"collection":[{"href":"https:\/\/www.europesays.com\/fr\/wp-json\/wp\/v2\/posts"}],"about":[{"href":"https:\/\/www.europesays.com\/fr\/wp-json\/wp\/v2\/types\/post"}],"author":[{"embeddable":true,"href":"https:\/\/www.europesays.com\/fr\/wp-json\/wp\/v2\/users\/2"}],"replies":[{"embeddable":true,"href":"https:\/\/www.europesays.com\/fr\/wp-json\/wp\/v2\/comments?post=167624"}],"version-history":[{"count":0,"href":"https:\/\/www.europesays.com\/fr\/wp-json\/wp\/v2\/posts\/167624\/revisions"}],"wp:featuredmedia":[{"embeddable":true,"href":"https:\/\/www.europesays.com\/fr\/wp-json\/wp\/v2\/media\/167625"}],"wp:attachment":[{"href":"https:\/\/www.europesays.com\/fr\/wp-json\/wp\/v2\/media?parent=167624"}],"wp:term":[{"taxonomy":"category","embeddable":true,"href":"https:\/\/www.europesays.com\/fr\/wp-json\/wp\/v2\/categories?post=167624"},{"taxonomy":"post_tag","embeddable":true,"href":"https:\/\/www.europesays.com\/fr\/wp-json\/wp\/v2\/tags?post=167624"}],"curies":[{"name":"wp","href":"https:\/\/api.w.org\/{rel}","templated":true}]}}