{"id":167628,"date":"2025-06-11T07:32:10","date_gmt":"2025-06-11T07:32:10","guid":{"rendered":"https:\/\/www.europesays.com\/fr\/167628\/"},"modified":"2025-06-11T07:32:10","modified_gmt":"2025-06-11T07:32:10","slug":"on-doit-savoir-tout-jouer-ces-acteurs-qui-passent-de-la-comedie-francaise-a-la-comedie-populaire","status":"publish","type":"post","link":"https:\/\/www.europesays.com\/fr\/167628\/","title":{"rendered":"\u00ab\u00a0On doit savoir tout jouer\u00a0\u00bb\u00a0: ces acteurs qui passent de la Com\u00e9die-Fran\u00e7aise \u00e0 la com\u00e9die populaire"},"content":{"rendered":"<p class=\"paragraph text_align_left\">\u00c7a nous a saut\u00e9 aux yeux au g\u00e9n\u00e9rique. Trois acteurs sur les six r\u00f4les principaux d\u2019une com\u00e9die populaire membres de <a href=\"https:\/\/www.leparisien.fr\/culture-loisirs\/la-comedie-francaise-maison-de-moliere-et-ecrin-de-talents-ce-sont-les-rolls-des-comediens-09-04-2022-WAWACARJKBA5RPZXCA2GOYUYBM.php\" target=\"_blank\" rel=\"noreferrer nofollow noopener\">la Com\u00e9die-Fran\u00e7aise<\/a>. Laurent Stocker, Pauline Cl\u00e9ment et Cla\u00efna Clavaron sont \u00e0 l\u2019affiche de \u00ab Vacances forc\u00e9es \u00bb, de St\u00e9phan Archinard et Fran\u00e7ois Pr\u00e9v\u00f4t-Leygonie, en salles ce mercredi 11 juin aux c\u00f4t\u00e9s de Clovis Cornillac, Bertrand Usclat et Aure Atika.<\/p>\n<p class=\"paragraph text_align_left\">Un grand \u00e9cart \u00e9tonnant, dans ce film choral r\u00e9jouissant o\u00f9 des familles que tout oppose se retrouvent \u00e0 devoir partager la m\u00eame maison de vacances, suite \u00e0 une erreur de r\u00e9servation ? Pas tant que \u00e7a.<\/p>\n","protected":false},"excerpt":{"rendered":"\u00c7a nous a saut\u00e9 aux yeux au g\u00e9n\u00e9rique. Trois acteurs sur les six r\u00f4les principaux d\u2019une com\u00e9die populaire&hellip;\n","protected":false},"author":2,"featured_media":167629,"comment_status":"","ping_status":"","sticky":false,"template":"","format":"standard","meta":{"footnotes":""},"categories":[1888],"tags":[11,650,872,1777,674,1011,27,12,626,25],"class_list":{"0":"post-167628","1":"post","2":"type-post","3":"status-publish","4":"format-standard","5":"has-post-thumbnail","7":"category-paris","8":"tag-actualites","9":"tag-cinema","10":"tag-culture-et-loisirs","11":"tag-eu","12":"tag-europe","13":"tag-fr","14":"tag-france","15":"tag-news","16":"tag-paris","17":"tag-republique-francaise"},"share_on_mastodon":{"url":"https:\/\/pubeurope.com\/@fr\/114663571097974301","error":""},"_links":{"self":[{"href":"https:\/\/www.europesays.com\/fr\/wp-json\/wp\/v2\/posts\/167628","targetHints":{"allow":["GET"]}}],"collection":[{"href":"https:\/\/www.europesays.com\/fr\/wp-json\/wp\/v2\/posts"}],"about":[{"href":"https:\/\/www.europesays.com\/fr\/wp-json\/wp\/v2\/types\/post"}],"author":[{"embeddable":true,"href":"https:\/\/www.europesays.com\/fr\/wp-json\/wp\/v2\/users\/2"}],"replies":[{"embeddable":true,"href":"https:\/\/www.europesays.com\/fr\/wp-json\/wp\/v2\/comments?post=167628"}],"version-history":[{"count":0,"href":"https:\/\/www.europesays.com\/fr\/wp-json\/wp\/v2\/posts\/167628\/revisions"}],"wp:featuredmedia":[{"embeddable":true,"href":"https:\/\/www.europesays.com\/fr\/wp-json\/wp\/v2\/media\/167629"}],"wp:attachment":[{"href":"https:\/\/www.europesays.com\/fr\/wp-json\/wp\/v2\/media?parent=167628"}],"wp:term":[{"taxonomy":"category","embeddable":true,"href":"https:\/\/www.europesays.com\/fr\/wp-json\/wp\/v2\/categories?post=167628"},{"taxonomy":"post_tag","embeddable":true,"href":"https:\/\/www.europesays.com\/fr\/wp-json\/wp\/v2\/tags?post=167628"}],"curies":[{"name":"wp","href":"https:\/\/api.w.org\/{rel}","templated":true}]}}