{"id":167630,"date":"2025-06-11T07:33:11","date_gmt":"2025-06-11T07:33:11","guid":{"rendered":"https:\/\/www.europesays.com\/fr\/167630\/"},"modified":"2025-06-11T07:33:11","modified_gmt":"2025-06-11T07:33:11","slug":"paris-un-pieton-tue-la-nuit-derniere-fauche-dans-le-bois-de-boulogne-par-une-camionnette-en-fuite","status":"publish","type":"post","link":"https:\/\/www.europesays.com\/fr\/167630\/","title":{"rendered":"Paris\u00a0: un pi\u00e9ton tu\u00e9 la nuit derni\u00e8re, fauch\u00e9 dans le bois de Boulogne par une camionnette en fuite"},"content":{"rendered":"<p class=\"paragraph text_align_left\">Au petit matin ce mercredi, un pi\u00e9ton qui rejoignait son v\u00e9hicule a \u00e9t\u00e9 fauch\u00e9 par une camionnette \u00e0 l\u2019angle de la rue de la Grande Cascade et de l\u2019all\u00e9e Marguerite dans le XVIe arrondissement de Paris. En arr\u00eat cardiovasculaire \u00e0 l\u2019arriv\u00e9e des secours, la victime est d\u00e9c\u00e9d\u00e9e peu avant 4 heures ce mercredi matin.<\/p>\n<p class=\"paragraph text_align_left\">Il est un peu plus de 3h10 au <a href=\"https:\/\/www.leparisien.fr\/paris-75\/paris-75016\/le-chauffard-du-bois-de-boulogne-protege-par-l-immunite-diplomatique-26-11-2016-6379245.php\" target=\"_self\" rel=\"nofollow noopener\">c\u0153ur du Bois de Boulogne<\/a>, lorsque la camionnette de couleur blanche, de marque Mercedes ou Volkswagen selon un t\u00e9moin, renverse le pi\u00e9ton qui s\u2019appr\u00eatait \u00e0 monter dans son v\u00e9hicule c\u00f4t\u00e9 conducteur avant de prendre la fuite. Malgr\u00e9 le massage cardiaque prodigu\u00e9 par les secours la victime a succomb\u00e9 \u00e0 ses blessures.<\/p>\n<p class=\"paragraph text_align_left\">Le service du traitement judiciaire des accidents (STJA) a \u00e9t\u00e9 saisi tandis que le v\u00e9hicule \u00e9tait toujours recherch\u00e9 ce mercredi matin dans toute l\u2019agglom\u00e9ration parisienne et en \u00cele-de-France.<\/p>\n","protected":false},"excerpt":{"rendered":"Au petit matin ce mercredi, un pi\u00e9ton qui rejoignait son v\u00e9hicule a \u00e9t\u00e9 fauch\u00e9 par une camionnette \u00e0&hellip;\n","protected":false},"author":2,"featured_media":167631,"comment_status":"","ping_status":"","sticky":false,"template":"","format":"standard","meta":{"footnotes":""},"categories":[1888],"tags":[11,1777,674,118,1011,27,1944,12,626,25],"class_list":{"0":"post-167630","1":"post","2":"type-post","3":"status-publish","4":"format-standard","5":"has-post-thumbnail","7":"category-paris","8":"tag-actualites","9":"tag-eu","10":"tag-europe","11":"tag-faits-divers","12":"tag-fr","13":"tag-france","14":"tag-ma-ville","15":"tag-news","16":"tag-paris","17":"tag-republique-francaise"},"share_on_mastodon":{"url":"https:\/\/pubeurope.com\/@fr\/114663574935312054","error":""},"_links":{"self":[{"href":"https:\/\/www.europesays.com\/fr\/wp-json\/wp\/v2\/posts\/167630","targetHints":{"allow":["GET"]}}],"collection":[{"href":"https:\/\/www.europesays.com\/fr\/wp-json\/wp\/v2\/posts"}],"about":[{"href":"https:\/\/www.europesays.com\/fr\/wp-json\/wp\/v2\/types\/post"}],"author":[{"embeddable":true,"href":"https:\/\/www.europesays.com\/fr\/wp-json\/wp\/v2\/users\/2"}],"replies":[{"embeddable":true,"href":"https:\/\/www.europesays.com\/fr\/wp-json\/wp\/v2\/comments?post=167630"}],"version-history":[{"count":0,"href":"https:\/\/www.europesays.com\/fr\/wp-json\/wp\/v2\/posts\/167630\/revisions"}],"wp:featuredmedia":[{"embeddable":true,"href":"https:\/\/www.europesays.com\/fr\/wp-json\/wp\/v2\/media\/167631"}],"wp:attachment":[{"href":"https:\/\/www.europesays.com\/fr\/wp-json\/wp\/v2\/media?parent=167630"}],"wp:term":[{"taxonomy":"category","embeddable":true,"href":"https:\/\/www.europesays.com\/fr\/wp-json\/wp\/v2\/categories?post=167630"},{"taxonomy":"post_tag","embeddable":true,"href":"https:\/\/www.europesays.com\/fr\/wp-json\/wp\/v2\/tags?post=167630"}],"curies":[{"name":"wp","href":"https:\/\/api.w.org\/{rel}","templated":true}]}}