{"id":167637,"date":"2025-06-11T07:37:11","date_gmt":"2025-06-11T07:37:11","guid":{"rendered":"https:\/\/www.europesays.com\/fr\/167637\/"},"modified":"2025-06-11T07:37:11","modified_gmt":"2025-06-11T07:37:11","slug":"londres-a-lheure-des-choix-budgetaires","status":"publish","type":"post","link":"https:\/\/www.europesays.com\/fr\/167637\/","title":{"rendered":"Londres \u00e0 l&rsquo;heure des choix budg\u00e9taires"},"content":{"rendered":"<p style=\"text-align:\">Londres a distill\u00e9 ces derniers jours les milliards de livres d&rsquo;investissements&#8230; tout en restant discret sur les in\u00e9vitables coupes \u00e0 venir dans les d\u00e9penses : la ministre des Finances, Rachel Reeves, d\u00e9voile mercredi 11 juin ses choix budg\u00e9taires lors d&rsquo;une pr\u00e9sentation aussi attendue que redout\u00e9e.<\/p>\n<p><a href=\"https:\/\/lecourrier.vn\/le-premier-ministre-britannique-keir-starmer-rencontre-volodymyr-zelensky-a-londres\/1278482.html\" title=\"Le Premier ministre britannique Keir Starmer rencontre Volodymyr Zelensky \u00e0 Londres\" rel=\"nofollow noopener\" target=\"_blank\">&gt;&gt; Le Premier ministre britannique Keir Starmer rencontre Volodymyr Zelensky \u00e0 Londres<\/a><\/p>\n<p><a href=\"https:\/\/lecourrier.vn\/le-royaume-uni-et-lue-souhaitent-renforcer-leurs-liens\/1281933.html\" title=\"Le Royaume-Uni et l&#039;UE souhaitent renforcer leurs liens\" rel=\"nofollow noopener\" target=\"_blank\">&gt;&gt; Le Royaume-Uni et l&rsquo;UE souhaitent renforcer leurs liens<\/a><\/p>\n<p><a href=\"https:\/\/lecourrier.vn\/les-ministres-des-ae-britannique-et-europeens-se-reunissent-a-londres\/1282950.html\" title=\"Les ministres des A.E britannique et europ\u00e9ens se r\u00e9unissent \u00e0 Londres\" rel=\"nofollow noopener\" target=\"_blank\">&gt;&gt; Les ministres des A.E britannique et europ\u00e9ens se r\u00e9unissent \u00e0 Londres<\/a><\/p>\n<p><a href=\"https:\/\/lecourrier.vn\/nucleaire-londres-promet-dinjecter-14-milliards-dans-le-projet-sizewell-c-dedf\/1284642.html\" title=\"Nucl\u00e9aire : Londres promet d&#039;injecter 14 milliards dans le projet Sizewell C d&#039;EDF\" rel=\"nofollow noopener\" target=\"_blank\">&gt;&gt; Nucl\u00e9aire : Londres promet d&rsquo;injecter 14 milliards dans le projet Sizewell C d&rsquo;EDF<\/a><\/p>\n<tr>\n<td class=\"pic\"><img decoding=\"async\" class=\"lazyload\" src=\"https:\/\/www.europesays.com\/fr\/wp-content\/uploads\/2025\/06\/101558-picture8.jpg\" alt=\"\"\/><\/td>\n<\/tr>\n<tr>\n<td class=\"caption\">La ministre des Finances britannique, Rachel Reeves, le 4 juin, dans un atelier du fabricant de bus Mellor Bus, \u00e0 Rochdale, dans le Nord de l&rsquo;Angleterre.<\/td>\n<\/tr>\n<tr align=\"right\">\n<td class=\"author\">Photo : AFP\/VNA\/CVN<\/td>\n<\/tr>\n<p style=\"text-align:left\">Le gouvernement britannique va \u00ab\u00a0investir dans la s\u00e9curit\u00e9, la sant\u00e9 et l&rsquo;\u00e9conomie\u00a0\u00bb du pays, a d\u00e9j\u00e0 r\u00e9sum\u00e9 Mme Reeves dans des d\u00e9clarations publi\u00e9es en amont de son discours, pr\u00e9vu en milieu de journ\u00e9e devant les d\u00e9put\u00e9s britanniques.<\/p>\n<p style=\"text-align:left\">Apr\u00e8s un passage en revue d\u00e9taill\u00e9 des d\u00e9penses et des recettes, amorc\u00e9 d\u00e8s le retour au pouvoir des travaillistes en juillet dernier, l&rsquo;heure et venue d&rsquo;annoncer, parmi les minist\u00e8res, qui gagne et qui perd.<\/p>\n<p style=\"text-align:left\">Des hausses de budget pour la d\u00e9fense sont d\u00e9j\u00e0 act\u00e9es. Londres pr\u00e9voit de porter son budget militaire \u00e0 2,5% du Produit int\u00e9rieur brut (PIB) d&rsquo;ici 2027, et jusqu&rsquo;\u00e0 3% \u00e0 horizon 2034, au d\u00e9triment du budget d\u00e9di\u00e9 \u00e0 l&rsquo;aide internationale au d\u00e9veloppement. Le pays pourrait encore augmenter ces d\u00e9penses militaires.<\/p>\n<p style=\"text-align:left\">Le service public de sant\u00e9 (NHS), sous-financ\u00e9 depuis des ann\u00e9es mais extr\u00eamement co\u00fbteux, s&rsquo;est quant \u00e0 lui d\u00e9j\u00e0 vu promettre une hausse des d\u00e9penses courantes \u00e0 court terme et pourrait b\u00e9n\u00e9ficier d&rsquo;une g\u00e9n\u00e9reuse rallonge jusqu&rsquo;\u00e0 2030.<\/p>\n<p style=\"text-align:left\"><b>\u00ab\u00a0Coupes indispensables\u00a0\u00bb\u00a0<\/b><\/p>\n<p style=\"text-align:left\">Mais d&rsquo;autres minist\u00e8res vont devoir se serrer la ceinture, comme \u00ab\u00a0l&rsquo;Int\u00e9rieur, les Transports, les autorit\u00e9s locales, la police ou les prisons\u00a0\u00bb, estime Joe Nellis, du cabinet de conseil MHA.<\/p>\n<p style=\"text-align:left\">Des coupes d&rsquo;autant plus d\u00e9licates que la Chanceli\u00e8re de l&rsquo;Echiquier (titre officiel de Mme Reeves) a d\u00e9j\u00e0 tranch\u00e9 dans les d\u00e9penses \u00e0 hauteur de plusieurs milliards de livres lors d&rsquo;une pr\u00e9sentation budg\u00e9taire en mars, rognant dans les aides pour les personnes handicap\u00e9es ou les co\u00fbts de fonctionnement de l&rsquo;administration centrale, r\u00e9duits de 15%.<\/p>\n<p style=\"text-align:left\">Elle a en revanche accept\u00e9 cette semaine de revenir sur la suppression d&rsquo;une aide au chauffage universelle pour les retrait\u00e9s, d\u00e9cision impopulaire jusque dans son propre camp travailliste.<\/p>\n<p style=\"text-align:left\">\u00ab\u00a0Il reste peu de marge de man\u0153uvre pour des coupes budg\u00e9taires indispensables\u00a0\u00bb, pr\u00e9vient Kathleen Brooks, directrice de recherche pour XTB.<\/p>\n<p style=\"text-align:left\">Mais si la Chanceli\u00e8re vise l&rsquo;\u00e9quilibre des recettes et des d\u00e9penses de fonctionnement, elle s&rsquo;est donn\u00e9 davantage de marge de manoeuvre sur l&rsquo;investissement. Gr\u00e2ce \u00e0 un changement des r\u00e8gles budg\u00e9taires \u00e0 l&rsquo;automne, le pays peut d\u00e9sormais emprunter davantage dans ce but.<\/p>\n<p style=\"text-align:left\">Cons\u00e9quence: une manne de 113 milliards de livres (134 milliards d&rsquo;euros) suppl\u00e9mentaires sur cinq ans est venue s&rsquo;ajouter aux pr\u00e8s de 120 milliards annuels d&rsquo;investissements d\u00e9j\u00e0 pr\u00e9vus.<\/p>\n<p style=\"text-align:right\"><b>AFP\/VNA\/CVN<\/b><\/p>\n","protected":false},"excerpt":{"rendered":"Londres a distill\u00e9 ces derniers jours les milliards de livres d&rsquo;investissements&#8230; tout en restant discret sur les in\u00e9vitables&hellip;\n","protected":false},"author":2,"featured_media":167638,"comment_status":"","ping_status":"","sticky":false,"template":"","format":"standard","meta":{"footnotes":""},"categories":[1588],"tags":[11,15145,30103,554,1777,674,4534,12,5654,473,1853,71,1851,1850,1852],"class_list":{"0":"post-167637","1":"post","2":"type-post","3":"status-publish","4":"format-standard","5":"has-post-thumbnail","7":"category-royaume-uni","8":"tag-actualites","9":"tag-britannique","10":"tag-budhet","11":"tag-defense","12":"tag-eu","13":"tag-europe","14":"tag-londres","15":"tag-news","16":"tag-nucleaire","17":"tag-royaume-uni","18":"tag-royaume-uni-de-grande-bretagne-et-dirlande-du-nord","19":"tag-sante","20":"tag-uk","21":"tag-united-kingdom","22":"tag-united-kingdom-of-great-britain-and-northern-ireland"},"share_on_mastodon":{"url":"https:\/\/pubeurope.com\/@fr\/114663590875771623","error":""},"_links":{"self":[{"href":"https:\/\/www.europesays.com\/fr\/wp-json\/wp\/v2\/posts\/167637","targetHints":{"allow":["GET"]}}],"collection":[{"href":"https:\/\/www.europesays.com\/fr\/wp-json\/wp\/v2\/posts"}],"about":[{"href":"https:\/\/www.europesays.com\/fr\/wp-json\/wp\/v2\/types\/post"}],"author":[{"embeddable":true,"href":"https:\/\/www.europesays.com\/fr\/wp-json\/wp\/v2\/users\/2"}],"replies":[{"embeddable":true,"href":"https:\/\/www.europesays.com\/fr\/wp-json\/wp\/v2\/comments?post=167637"}],"version-history":[{"count":0,"href":"https:\/\/www.europesays.com\/fr\/wp-json\/wp\/v2\/posts\/167637\/revisions"}],"wp:featuredmedia":[{"embeddable":true,"href":"https:\/\/www.europesays.com\/fr\/wp-json\/wp\/v2\/media\/167638"}],"wp:attachment":[{"href":"https:\/\/www.europesays.com\/fr\/wp-json\/wp\/v2\/media?parent=167637"}],"wp:term":[{"taxonomy":"category","embeddable":true,"href":"https:\/\/www.europesays.com\/fr\/wp-json\/wp\/v2\/categories?post=167637"},{"taxonomy":"post_tag","embeddable":true,"href":"https:\/\/www.europesays.com\/fr\/wp-json\/wp\/v2\/tags?post=167637"}],"curies":[{"name":"wp","href":"https:\/\/api.w.org\/{rel}","templated":true}]}}