{"id":167655,"date":"2025-06-11T07:47:11","date_gmt":"2025-06-11T07:47:11","guid":{"rendered":"https:\/\/www.europesays.com\/fr\/167655\/"},"modified":"2025-06-11T07:47:11","modified_gmt":"2025-06-11T07:47:11","slug":"corentin-moutet-attend-zverev-gael-monfils-mord-la-poussiere-a-stuttgart","status":"publish","type":"post","link":"https:\/\/www.europesays.com\/fr\/167655\/","title":{"rendered":"Corentin Moutet attend Zverev, Ga\u00ebl Monfils mord la poussi\u00e8re \u00e0 Stuttgart"},"content":{"rendered":"<p>Si Moutet a vaincu Fabio Fognini en plus de deux heures, Monfils s\u2019est, lui, inclin\u00e9 en trois sets face au jeune Am\u00e9ricain Alex Michelsen.<\/p>\n<p class=\"fig-paragraph\">Ga\u00ebl Monfils ne verra pas les huiti\u00e8mes de finale \u00e0 Stuttgart. Le Fran\u00e7ais a \u00e9t\u00e9 battu par l&rsquo;Am\u00e9ricain Alex Michelsen (6-4, 4-6, 6-3). Le choc de g\u00e9n\u00e9rations opposant le v\u00e9t\u00e9ran de 38 ans au jeune Am\u00e9ricain de 20 ans a tourn\u00e9 \u00e0 l&rsquo;avantage du benjamin, qui s&rsquo;est impos\u00e9 \u00e0 l&rsquo;usure au bout d&rsquo;une heure 45 minutes.<\/p>\n<p class=\"fig-paragraph\">Au terme d&rsquo;une premi\u00e8re manche serr\u00e9e, \u00abLa Monf\u00bb a servi pour revenir \u00e0 5 partout mais a c\u00e9d\u00e9 sa mise en jeu au pire moment. Sc\u00e9nario invers\u00e9 pour la deuxi\u00e8me manche avec cette fois-ci le break r\u00e9ussi par le Fran\u00e7ais qui a ensuite \u00e9galis\u00e9 \u00e0 un set partout sur son engagement. Le Parisien, 42e joueur mondial, visiblement g\u00ean\u00e9 dans ses glissades sur le gazon, a fini par conc\u00e9der de nouveau sa mise en jeu \u00e0 3-2 dans la derni\u00e8re manche. La t\u00eate de s\u00e9rie N.7 a ensuite d\u00e9roul\u00e9 pour s&rsquo;imposer 6-3.<\/p>\n<p>Moutet attend Zverev<\/p>\n<p class=\"fig-paragraph\">Corentin Moutet (91e) s&rsquo;en est lui sorti en trois sets face \u00e0 l&rsquo;Italien Fabio Fognini (117e), 6-4, 6-7 (3\/7), 6-3. L&rsquo;ex-n\u00b09 mondial \u00e2g\u00e9 de 38 ans a donn\u00e9 du fil \u00e0 retordre au Francilien qu&rsquo;il a pouss\u00e9 au tie-break dans la deuxi\u00e8me manche. Mais il a pay\u00e9 ses efforts dans l&rsquo;ultime set qui a vu Moutet hausser son niveau de jeu pour remporter leur bras de fer au bout de 2h11. Au prochain tour, il d\u00e9fiera l&rsquo;Allemand Alexander Zverev, n\u00b03 mondial, devant son public.<\/p>\n","protected":false},"excerpt":{"rendered":"Si Moutet a vaincu Fabio Fognini en plus de deux heures, Monfils s\u2019est, lui, inclin\u00e9 en trois sets&hellip;\n","protected":false},"author":2,"featured_media":167656,"comment_status":"","ping_status":"","sticky":false,"template":"","format":"standard","meta":{"footnotes":""},"categories":[1415],"tags":[47,4169,525,1981,16961,4178,4179,1011,27,5385,1114,3996,4177,4176,4174,4175,1980,4171,60,1467,4172,4173,4170],"class_list":{"0":"post-167655","1":"post","2":"type-post","3":"status-publish","4":"format-standard","5":"has-post-thumbnail","7":"category-tennis","8":"tag-actualite","9":"tag-atp","10":"tag-calendrier","11":"tag-classement","12":"tag-corentin-moutet","13":"tag-coupe-davis","14":"tag-fed-cup","15":"tag-fr","16":"tag-france","17":"tag-gael-monfils","18":"tag-infos","19":"tag-jeux-olympiques","20":"tag-masters-1000","21":"tag-masters-500","22":"tag-masters-series","23":"tag-open-daustralie","24":"tag-resultats","25":"tag-roland-garros","26":"tag-sports","27":"tag-tennis","28":"tag-us-open","29":"tag-wimbledon","30":"tag-wta"},"share_on_mastodon":{"url":"https:\/\/pubeurope.com\/@fr\/114663629982188838","error":""},"_links":{"self":[{"href":"https:\/\/www.europesays.com\/fr\/wp-json\/wp\/v2\/posts\/167655","targetHints":{"allow":["GET"]}}],"collection":[{"href":"https:\/\/www.europesays.com\/fr\/wp-json\/wp\/v2\/posts"}],"about":[{"href":"https:\/\/www.europesays.com\/fr\/wp-json\/wp\/v2\/types\/post"}],"author":[{"embeddable":true,"href":"https:\/\/www.europesays.com\/fr\/wp-json\/wp\/v2\/users\/2"}],"replies":[{"embeddable":true,"href":"https:\/\/www.europesays.com\/fr\/wp-json\/wp\/v2\/comments?post=167655"}],"version-history":[{"count":0,"href":"https:\/\/www.europesays.com\/fr\/wp-json\/wp\/v2\/posts\/167655\/revisions"}],"wp:featuredmedia":[{"embeddable":true,"href":"https:\/\/www.europesays.com\/fr\/wp-json\/wp\/v2\/media\/167656"}],"wp:attachment":[{"href":"https:\/\/www.europesays.com\/fr\/wp-json\/wp\/v2\/media?parent=167655"}],"wp:term":[{"taxonomy":"category","embeddable":true,"href":"https:\/\/www.europesays.com\/fr\/wp-json\/wp\/v2\/categories?post=167655"},{"taxonomy":"post_tag","embeddable":true,"href":"https:\/\/www.europesays.com\/fr\/wp-json\/wp\/v2\/tags?post=167655"}],"curies":[{"name":"wp","href":"https:\/\/api.w.org\/{rel}","templated":true}]}}