{"id":167661,"date":"2025-06-11T07:51:10","date_gmt":"2025-06-11T07:51:10","guid":{"rendered":"https:\/\/www.europesays.com\/fr\/167661\/"},"modified":"2025-06-11T07:51:10","modified_gmt":"2025-06-11T07:51:10","slug":"pour-combattre-les-prejuges-elle-se-lance-dans-un-tour-de-france-a-velo-avec-sa-poule","status":"publish","type":"post","link":"https:\/\/www.europesays.com\/fr\/167661\/","title":{"rendered":"pour combattre les pr\u00e9jug\u00e9s, elle se lance dans un Tour de France \u00e0 v\u00e9lo \ufeffavec\u2026 sa poule"},"content":{"rendered":"<p>Apr\u00e8s un premier tour de sensibilisation \u00e0 v\u00e9lo en septembre\u00a02023 de Nantes \u00e0 Lourdes (lourde &#8211; pour le jeu de mot), Ana\u00efs Le Menaheze est repartie en selle le 30\u00a0mars pour un p\u00e9riple de cinq mois de Nantes en direction de Nevers, puis Lyon puis Montpellier avec un retour au bercail par Bordeaux.<\/p>\n<p>Ma vie en gros<\/p>\n<p>Elle sera de passage \u00e0 Villeurbanne ce mercredi 11\u00a0juin, \u00e0 partir de 17\u00a0h\u00a030, pour un ap\u00e9ro&#8230;<\/p>\n","protected":false},"excerpt":{"rendered":"Apr\u00e8s un premier tour de sensibilisation \u00e0 v\u00e9lo en septembre\u00a02023 de Nantes \u00e0 Lourdes (lourde &#8211; pour le&hellip;\n","protected":false},"author":2,"featured_media":167662,"comment_status":"","ping_status":"","sticky":false,"template":"","format":"standard","meta":{"footnotes":""},"categories":[1411],"tags":[1154,207,2757,107,1011,27,2429,71,273,3151,60,6345,6346],"class_list":{"0":"post-167661","1":"post","2":"type-post","3":"status-publish","4":"format-standard","5":"has-post-thumbnail","7":"category-cyclisme","8":"tag-cycling","9":"tag-cyclisme","10":"tag-edition-lyon-villeurbanne","11":"tag-fil-info","12":"tag-fr","13":"tag-france","14":"tag-rhone","15":"tag-sante","16":"tag-selection-de-la-redaction","17":"tag-selection-de-la-redaction-69","18":"tag-sports","19":"tag-villeurbanne","20":"tag-villeurbanne-bassin"},"share_on_mastodon":{"url":"https:\/\/pubeurope.com\/@fr\/114663645731484091","error":""},"_links":{"self":[{"href":"https:\/\/www.europesays.com\/fr\/wp-json\/wp\/v2\/posts\/167661","targetHints":{"allow":["GET"]}}],"collection":[{"href":"https:\/\/www.europesays.com\/fr\/wp-json\/wp\/v2\/posts"}],"about":[{"href":"https:\/\/www.europesays.com\/fr\/wp-json\/wp\/v2\/types\/post"}],"author":[{"embeddable":true,"href":"https:\/\/www.europesays.com\/fr\/wp-json\/wp\/v2\/users\/2"}],"replies":[{"embeddable":true,"href":"https:\/\/www.europesays.com\/fr\/wp-json\/wp\/v2\/comments?post=167661"}],"version-history":[{"count":0,"href":"https:\/\/www.europesays.com\/fr\/wp-json\/wp\/v2\/posts\/167661\/revisions"}],"wp:featuredmedia":[{"embeddable":true,"href":"https:\/\/www.europesays.com\/fr\/wp-json\/wp\/v2\/media\/167662"}],"wp:attachment":[{"href":"https:\/\/www.europesays.com\/fr\/wp-json\/wp\/v2\/media?parent=167661"}],"wp:term":[{"taxonomy":"category","embeddable":true,"href":"https:\/\/www.europesays.com\/fr\/wp-json\/wp\/v2\/categories?post=167661"},{"taxonomy":"post_tag","embeddable":true,"href":"https:\/\/www.europesays.com\/fr\/wp-json\/wp\/v2\/tags?post=167661"}],"curies":[{"name":"wp","href":"https:\/\/api.w.org\/{rel}","templated":true}]}}