{"id":167691,"date":"2025-06-11T08:06:14","date_gmt":"2025-06-11T08:06:14","guid":{"rendered":"https:\/\/www.europesays.com\/fr\/167691\/"},"modified":"2025-06-11T08:06:14","modified_gmt":"2025-06-11T08:06:14","slug":"a-los-angeles-lentree-en-vigueur-du-couvre-feu-conduit-a-des-centaines-darrestations-liberation","status":"publish","type":"post","link":"https:\/\/www.europesays.com\/fr\/167691\/","title":{"rendered":"\u00e0 Los Angeles, l\u2019entr\u00e9e en vigueur du couvre-feu conduit \u00e0 des centaines d\u2019arrestations \u2013 Lib\u00e9ration"},"content":{"rendered":"<p class=\"sc-ksZaOG ehjQrN text-element\"><a href=\"https:\/\/www.liberation.fr\/international\/amerique\/donald-trump-deploie-la-garde-nationale-en-californie-sur-fond-demeutes-anti-expulsions-20250608_FT6IQMC3CFBZPBBUH4EXEYHZ54\/\" target=\"_blank\" rel=\"noreferrer noopener\" title=\"https:\/\/www.liberation.fr\/international\/amerique\/donald-trump-deploie-la-garde-nationale-en-californie-sur-fond-demeutes-anti-expulsions-20250608_FT6IQMC3CFBZPBBUH4EXEYHZ54\/\">A l\u2019or\u00e9e d\u2019une cinqui\u00e8me nuit de tensions<\/a>, un couvre-feu est entr\u00e9 en vigueur le soir du mardi 10 juin dans le centre de Los Angeles, tandis que Donald Trump promettait de \u00ablib\u00e9rer\u00bb la ville d\u2019une \u00abinvasion\u00bb qu\u2019il a attribu\u00e9 \u00e0 de pr\u00e9tendus \u00abennemis \u00e9trangers\u00bb, lors d\u2019un virulent discours prononc\u00e9 depuis une base militaire. <\/p>\n<p class=\"sc-ksZaOG ehjQrN text-element\">\u00abJ\u2019ai d\u00e9clar\u00e9 une urgence locale et instaur\u00e9 un couvre-feu dans le centre-ville de Los Angeles pour mettre fin aux actes de vandalisme et de pillage\u00bb, a annonc\u00e9 la maire d\u00e9mocrate de la ville, Karen Bass, pr\u00e9cisant qu\u2019il serait en vigueur de 20 heures locales (5 heures du matin \u00e0 Paris) \u00e0 6 heures du matin dans une zone d\u2019environ 1,6 kilom\u00e8tre carr\u00e9, affectant moins de 100 000 des 4 millions d\u2019habitants de la m\u00e9gapole. \u00abLa nuit derni\u00e8re, 23 commerces ont \u00e9t\u00e9 pill\u00e9s, et je pense que si vous traversez le centre-ville de Los Angeles, les graffitis sont omnipr\u00e9sents et ont caus\u00e9 des dommages importants aux commerces et \u00e0 un certain nombre de propri\u00e9t\u00e9s\u00bb, a-t-elle ajout\u00e9. <\/p>\n<p class=\"sc-ksZaOG ehjQrN text-element\">Des dizaines de manifestants demeuraient dans le centre-ville \u00e0 l\u2019heure de l\u2019entr\u00e9e en vigueur du couvre-feu, ont constat\u00e9 des journalistes de l\u2019AFP. La police de Los Angeles a annonc\u00e9 tard mardi soir des \u00abarrestations de masse\u00bb et que \u00abdes dizaines d\u2019interpellations\u00bb avaient \u00e9t\u00e9 effectu\u00e9es pour non-dispersion lors d\u2019un rassemblement ill\u00e9gal.<\/p>\n<p class=\"sc-ksZaOG ehjQrN text-element\">Depuis vendredi, la deuxi\u00e8me plus grande ville am\u00e9ricaine, \u00e0 forte population d\u2019origine hispanique, est le th\u00e9\u00e2tre de <a href=\"https:\/\/www.liberation.fr\/international\/amerique\/en-images-manifestations-anti-police-de-limmigration-a-los-angeles-20250608_V5QLZXUV2VE2RKYWWO6OTPODUU\/\" target=\"_blank\" rel=\"noreferrer noopener\" title=\"https:\/\/www.liberation.fr\/international\/amerique\/en-images-manifestations-anti-police-de-limmigration-a-los-angeles-20250608_V5QLZXUV2VE2RKYWWO6OTPODUU\/\">heurts entre protestataires d\u00e9non\u00e7ant des raids de la police f\u00e9d\u00e9rale de l\u2019immigration (ICE)<\/a> contre les sans-papiers et des forces de l\u2019ordre en tenue anti-\u00e9meutes. Ces affrontements sont n\u00e9anmoins rest\u00e9s sporadiques et localis\u00e9s.<\/p>\n<p class=\"sc-ksZaOG ehjQrN text-element\">Les rues sont rest\u00e9es relativement calmes mardi dans le centre-ville, y compris dans le quartier de Little Tokyo, apr\u00e8s un face-\u00e0-face nocturne entre des manifestants tirant des feux d\u2019artifice vers des policiers et ces derniers ripostant avec du gaz lacrymog\u00e8ne. Cependant, des agents de la police de Los Angeles sont intervenus pour proc\u00e9der \u00e0 des arrestations parmi quelques centaines de manifestants devant un tribunal. Un peu plus loin, une centaine de personnes ont bri\u00e8vement interrompu la circulation d\u2019une autoroute. Au total, pr\u00e8s de 200 personnes ont \u00e9t\u00e9 arr\u00eat\u00e9es mardi selon le chef de la police de Los Angeles Jim McDonnell.<\/p>\n<p class=\"sc-ksZaOG ehjQrN text-element\">Les manifestations se sont \u00e9tendues \u00e0 plusieurs autres grandes villes am\u00e9ricaines. A New York, des centaines de manifestants ont d\u00e9fil\u00e9 dans le sud Manhattan mardi soir pr\u00e8s du b\u00e2timent f\u00e9d\u00e9ral abritant les bureaux de l\u2019ICE et le principal tribunal d\u2019immigration de la ville. Les tensions ont d\u00e9g\u00e9n\u00e9r\u00e9 dans la soir\u00e9e avec des affrontements entre manifestants et policiers, conduisant \u00e0 environ 45 arrestations. \u00c0 Chicago, des manifestants anti-ICE ont \u00e9galement d\u00e9fil\u00e9, perturbant la circulation, et un incident impliquant une voiture fon\u00e7ant dans la foule de manifestants a \u00e9t\u00e9 capt\u00e9 par les h\u00e9licopt\u00e8res ces cha\u00eenes d\u2019infos. <\/p>\n<p class=\"sc-ksZaOG ehjQrN text-element\">Alors que le pr\u00e9sident r\u00e9publicain, <a href=\"https:\/\/www.liberation.fr\/international\/amerique\/etats-unis-donald-trump-declare-la-guerre-a-la-californie-honnie-20250609_4GMXZDJGZNEYLEUYJJIVRXGHOA\/\" target=\"_blank\" rel=\"noreferrer noopener\" title=\"https:\/\/www.liberation.fr\/international\/amerique\/etats-unis-donald-trump-declare-la-guerre-a-la-californie-honnie-20250609_4GMXZDJGZNEYLEUYJJIVRXGHOA\/\">qui fait planer la menace de recourir \u00e0 l\u2019\u00e9tat d\u2019urgence,<\/a> a ordonn\u00e9 la mobilisation de milliers de militaires suppl\u00e9mentaires et que 700 Marines en service actif sont attendus en renfort dans la m\u00e9gapole californienne, le gouverneur d\u00e9mocrate de Californie Gavin Newsom tente lui d\u2019emp\u00eacher ce d\u00e9ploiement, par voie judiciaire.<\/p>\n<p class=\"sc-ksZaOG ehjQrN text-element\">Jusqu\u2019\u00e0 quand ce d\u00e9ploiement de militaires &#8211; dont le co\u00fbt est estim\u00e9 \u00e0 134 millions de dollars par le Pentagone &#8211; durera-t-il ?  \u00abJusqu\u2019\u00e0 ce qu\u2019il n\u2019y ait plus de danger\u00bb, a r\u00e9pondu mardi Donald Trump. Les manifestations se sont \u00e9tendues \u00e0 d\u2019autres m\u00e9tropoles am\u00e9ricaines, avec parfois des accrochages. Mardi en d\u00e9but de soir\u00e9e, quelques milliers de personnes ont ainsi march\u00e9 dans le sud de Manhattan pour protester contre la politique migratoire de Donald Trump.<\/p>\n<p class=\"sc-ksZaOG ehjQrN text-element\">\u00abJe suis ici pour d\u00e9fendre ceux qui ne peuvent pas faire entendre leur voix\u00bb, a expliqu\u00e9 \u00e0 l\u2019AFP une jeune femme n\u00e9e aux Etats-Unis d\u2019une m\u00e8re mexicaine sans statut officiel. \u00abFranchement, ce pays ne serait pas ce qu\u2019il est aujourd\u2019hui sans les immigr\u00e9s\u00bb, a-t-elle ajout\u00e9 en requ\u00e9rant l\u2019anonymat.<\/p>\n<p class=\"sc-ksZaOG ehjQrN text-element\">Mardi soir, Gavin Newsom a prononc\u00e9 un discours t\u00e9l\u00e9vis\u00e9 national depuis Los Angeles, dans lequel il a mis en garde contre ce qu\u2019il consid\u00e8re comme une menace autoritaire. \u00abLa d\u00e9mocratie est attaqu\u00e9e sous nos yeux, le moment que nous redoutions est arriv\u00e9\u00bb, a-t-il d\u00e9clar\u00e9. \u00abTrump prend un marteau-piqueur aux fondements de notre d\u00e9mocratie, d\u00e9truisant les trois branches \u00e9gales du gouvernement. Il n\u2019y a plus ni contr\u00f4le ni contre-pouvoir. Le Congr\u00e8s est aux abonn\u00e9s absents\u00bb, a-t-il ajout\u00e9, accusant le pr\u00e9sident de se comporter \u00abcomme un tyran, pas comme un pr\u00e9sident\u00bb.<\/p>\n<p class=\"sc-ksZaOG ehjQrN text-element\">Entretemps, la pol\u00e9mique enfle sur la d\u00e9monstration de force de l\u2019administration Trump. \u00abD\u00e9ployer dans la rue des combattants entra\u00een\u00e9s pour la guerre est sans pr\u00e9c\u00e9dent et menace le fondement m\u00eame de notre d\u00e9mocratie\u00bb, a d\u00e9nonc\u00e9 Gavin Newsom, consid\u00e9r\u00e9 dans les rangs d\u00e9mocrates comme <a href=\"https:\/\/www.liberation.fr\/international\/amerique\/etats-unis-gavin-newsom-lambitieux-gouverneur-de-californie-propulse-opposant-numero-1-de-donald-trump-20250610_NAT7DD7Z6BGH5OZDWWJMZYYZA4\/\" target=\"_blank\" rel=\"noreferrer noopener\" title=\"https:\/\/www.liberation.fr\/international\/amerique\/etats-unis-gavin-newsom-lambitieux-gouverneur-de-californie-propulse-opposant-numero-1-de-donald-trump-20250610_NAT7DD7Z6BGH5OZDWWJMZYYZA4\/\">un candidat probable \u00e0 la Maison Blanche pour 2028.<\/a> \u00abDonald Trump se comporte comme un tyran, pas comme un pr\u00e9sident.\u00bb<\/p>\n<p class=\"sc-ksZaOG ehjQrN text-element\">Le d\u00e9ploiement de troupes f\u00e9d\u00e9rales contre l\u2019objection des autorit\u00e9s locales constitue une premi\u00e8re depuis les ann\u00e9es 1960, lorsque des troupes de la Garde nationale avaient \u00e9t\u00e9 envoy\u00e9es pour prot\u00e9ger les manifestants des droits civiques en Alabama. Ce pr\u00e9c\u00e9dent soul\u00e8ve des questions constitutionnelles majeures sur l\u2019usage de l\u2019arm\u00e9e \u00e0 des fins domestiques.<\/p>\n<p class=\"sc-ksZaOG ehjQrN text-element\">La garde rapproch\u00e9e du pr\u00e9sident a elle surench\u00e9ri dans la d\u00e9fiance envers les autorit\u00e9s californiennes. Gavin Newsom \u00abm\u00e9rite le goudron et les plumes\u00bb, a affirm\u00e9 le patron r\u00e9publicain de la Chambre des repr\u00e9sentants <a href=\"https:\/\/www.liberation.fr\/international\/amerique\/le-trumpiste-mike-johnson-reelu-speaker-dans-la-douleur-a-la-chambre-des-representants-20250103_WCESU22JZ5AWRMW7ZC622QEXWA\/\" target=\"_blank\" rel=\"noreferrer noopener\" title=\"https:\/\/www.liberation.fr\/international\/amerique\/le-trumpiste-mike-johnson-reelu-speaker-dans-la-douleur-a-la-chambre-des-representants-20250103_WCESU22JZ5AWRMW7ZC622QEXWA\/\">Mike Johnson.<\/a> Interrog\u00e9 sur la diff\u00e9rence de r\u00e9action \u00e0 ces manifestations par rapport \u00e0 l\u2019invasion du Capitole par une foule de partisans de Trump le 6 janvier 2021, il a r\u00e9pondu qu\u2019il y avait \u00abune nette diff\u00e9rence : les personnes qui ont enfreint la loi et d\u00e9truit des biens [le 6 janvier] ont subi les cons\u00e9quences qui s\u2019imposaient\u00bb. Du moins jusqu\u2019\u00e0 b\u00e9n\u00e9ficier en masse de la gr\u00e2ce trumpienne le 20 janvier dernier. <\/p>\n<p class=\"sc-ksZaOG ehjQrN text-element\">Par ailleurs, Trump s\u2019est fendu mardi d\u2019un avertissement mena\u00e7ant contre toute protestation lors de la parade militaire pr\u00e9vue samedi \u00e0 Washington pour c\u00e9l\u00e9brer le 250e anniversaire de l\u2019arm\u00e9e, qui co\u00efncide opportun\u00e9ment avec son propre 79e anniversaire. \u00abPour ceux qui veulent protester, ils seront confront\u00e9s \u00e0 une force tr\u00e8s importante\u00bb, a-t-il assur\u00e9.<\/p>\n","protected":false},"excerpt":{"rendered":"A l\u2019or\u00e9e d\u2019une cinqui\u00e8me nuit de tensions, un couvre-feu est entr\u00e9 en vigueur le soir du mardi 10&hellip;\n","protected":false},"author":2,"featured_media":167692,"comment_status":"","ping_status":"","sticky":false,"template":"","format":"standard","meta":{"footnotes":""},"categories":[2],"tags":[11,75,73,1011,27,6116,12],"class_list":{"0":"post-167691","1":"post","2":"type-post","3":"status-publish","4":"format-standard","5":"has-post-thumbnail","7":"category-actualites","8":"tag-actualites","9":"tag-donald-trump","10":"tag-etats-unis","11":"tag-fr","12":"tag-france","13":"tag-los-angeles","14":"tag-news"},"share_on_mastodon":{"url":"https:\/\/pubeurope.com\/@fr\/114663704834094801","error":""},"_links":{"self":[{"href":"https:\/\/www.europesays.com\/fr\/wp-json\/wp\/v2\/posts\/167691","targetHints":{"allow":["GET"]}}],"collection":[{"href":"https:\/\/www.europesays.com\/fr\/wp-json\/wp\/v2\/posts"}],"about":[{"href":"https:\/\/www.europesays.com\/fr\/wp-json\/wp\/v2\/types\/post"}],"author":[{"embeddable":true,"href":"https:\/\/www.europesays.com\/fr\/wp-json\/wp\/v2\/users\/2"}],"replies":[{"embeddable":true,"href":"https:\/\/www.europesays.com\/fr\/wp-json\/wp\/v2\/comments?post=167691"}],"version-history":[{"count":0,"href":"https:\/\/www.europesays.com\/fr\/wp-json\/wp\/v2\/posts\/167691\/revisions"}],"wp:featuredmedia":[{"embeddable":true,"href":"https:\/\/www.europesays.com\/fr\/wp-json\/wp\/v2\/media\/167692"}],"wp:attachment":[{"href":"https:\/\/www.europesays.com\/fr\/wp-json\/wp\/v2\/media?parent=167691"}],"wp:term":[{"taxonomy":"category","embeddable":true,"href":"https:\/\/www.europesays.com\/fr\/wp-json\/wp\/v2\/categories?post=167691"},{"taxonomy":"post_tag","embeddable":true,"href":"https:\/\/www.europesays.com\/fr\/wp-json\/wp\/v2\/tags?post=167691"}],"curies":[{"name":"wp","href":"https:\/\/api.w.org\/{rel}","templated":true}]}}