{"id":167701,"date":"2025-06-11T08:13:09","date_gmt":"2025-06-11T08:13:09","guid":{"rendered":"https:\/\/www.europesays.com\/fr\/167701\/"},"modified":"2025-06-11T08:13:09","modified_gmt":"2025-06-11T08:13:09","slug":"je-suis-retombe-amoureux-du-rugby-a-toulon-confie-kyle-sinckler-le-pilier-anglais-de-toulon","status":"publish","type":"post","link":"https:\/\/www.europesays.com\/fr\/167701\/","title":{"rendered":"\u00abJe suis retomb\u00e9 amoureux du rugby \u00e0 Toulon\u00bb, confie Kyle Sinckler, le pilier anglais de Toulon"},"content":{"rendered":"<p>Apr\u00e8s sa fracture de l\u2019avant-bras, l\u2019ancien pilier du XV de la Rose va disputer son premier match \u00e9liminatoire en France, samedi contre Castres.<\/p>\n<p class=\"fig-paragraph\">Sit\u00f4t arriv\u00e9, sit\u00f4t adopt\u00e9. Arriv\u00e9 cette saison sur la Rade, le pilier anglais\u00a0<a href=\"http:\/\/www.lefigaro.fr\/sports\/rugby\/top-14\/top-14-huit-semaines-d-absence-pour-le-pilier-anglais-du-rct-kyle-sinckler-20250114\" data-fig-type=\"NewsFlash\" data-gtm-custom-categorie=\"navigation\" data-gtm-custom-action=\"crossclick\" data-gtm-custom-label=\"Contextuel\" data-gtm-event=\"customEventSPE\" data-fig-domain=\"LEFIGARO\" target=\"_blank\" rel=\"noopener\">Kyle Sinckler<\/a>\u00a0(32 ans, 68 s\u00e9lections) a rapidement fait sa place au\u00a0<a href=\"http:\/\/www.lefigaro.fr\/sports\/rugby\/top-14\/toulon-castres-a-quelle-heure-et-sur-quelle-chaine-regarder-le-premier-barrage-du-top-14-20250610\" data-fig-type=\"NewsFlash\" data-gtm-custom-categorie=\"navigation\" data-gtm-custom-action=\"crossclick\" data-gtm-custom-label=\"Contextuel\" data-gtm-event=\"customEventSPE\" data-fig-domain=\"LEFIGARO\" target=\"_blank\" rel=\"noopener\">RC Toulon<\/a>, qui aime les rudes guerriers. Mais, d\u00e9but janvier, l\u2019ancien joueur des Harlequins et de Bristol a \u00e9t\u00e9 victime d\u2019une fracture de l\u2019avant-bras qui l\u2019a \u00e9loign\u00e9 des terrains de longues semaines. De retour pour le d\u00e9but des phases finales contre Castres, Sinckler a confi\u00e9 \u00e0\u00a0<a href=\"https:\/\/www.rugbyrama.fr\/2025\/06\/11\/top-14-je-me-suis-promis-que-je-ne-ferai-pas-partie-des-grands-joueurs-qui-ont-echoue-a-toulon-avoue-kyle-sinckler-12752591.php\" target=\"_blank\" rel=\"nofollow noopener\" data-gtm-custom-categorie=\"navigation\" data-gtm-custom-action=\"crossclick\" data-gtm-custom-label=\"Contextuel\" data-gtm-event=\"customEventSPE\">nos confr\u00e8res de Midi Olympique<\/a> \u00a0comment il a retrouv\u00e9 go\u00fbt au rugby et au combat sur la Rade.<\/p>\n<p class=\"fig-paragraph\">\u00abAvant tout, je remercie les gens et mes partenaires pour le soutien durant cette p\u00e9riode difficile. Tout le monde a pris soin de moi, a-t-il confi\u00e9. Des mecs se sont mis \u00e0 mon service pour m\u2019aider. C\u2019\u00e9tait une p\u00e9riode difficile, encore plus quand on vient d\u2019arriver dans un nouveau pays. Je n\u2019\u00e9tais plus avec le groupe, et c\u2019est ce qui rend le rugby amusant au quotidien. J\u2019\u00e9tais un peu seul. C\u2019\u00e9tait \u00e9trange, et le soutien que j\u2019ai re\u00e7u a \u00e9t\u00e9 agr\u00e9able. Je m\u2019en souviendrai pendant longtemps.\u00bb\u00a0<\/p>\n<p class=\"fig-paragraph\">Et de poursuivre\u00a0: \u00abJ\u2019ai sign\u00e9 pour trois ans, et j\u2019ai d\u00e9j\u00e0 envie de vous dire que je veux \u00eatre encore l\u00e0 apr\u00e8s ces ann\u00e9es. J\u2019esp\u00e8re plus, mais le chemin est encore long et je sais que je peux faire plus pour ce club. Je suis venu \u00e0 Toulon pour retomber amoureux du rugby. Et vous savez quoi\u00a0? Je suis retomb\u00e9 amoureux de ce sport \u00e0 Toulon.\u00bb<\/p>\n","protected":false},"excerpt":{"rendered":"Apr\u00e8s sa fracture de l\u2019avant-bras, l\u2019ancien pilier du XV de la Rose va disputer son premier match \u00e9liminatoire&hellip;\n","protected":false},"author":2,"featured_media":167702,"comment_status":"","ping_status":"","sticky":false,"template":"","format":"standard","meta":{"footnotes":""},"categories":[9619],"tags":[1111,11,525,4590,1981,2313,814,1777,674,1011,27,955,12,4589,882,2311,3461,25,1980,479,10405,2259,478,2310,2312,25441],"class_list":{"0":"post-167701","1":"post","2":"type-post","3":"status-publish","4":"format-standard","5":"has-post-thumbnail","7":"category-toulon","8":"tag-actu","9":"tag-actualites","10":"tag-calendrier","11":"tag-championnat-france","12":"tag-classement","13":"tag-clermont","14":"tag-direct","15":"tag-eu","16":"tag-europe","17":"tag-fr","18":"tag-france","19":"tag-match","20":"tag-news","21":"tag-phase-finale","22":"tag-provence-alpes-cote-dazur","23":"tag-racing","24":"tag-rct","25":"tag-republique-francaise","26":"tag-resultats","27":"tag-rugby","28":"tag-rugby-club-toulonnais","29":"tag-score","30":"tag-top-14","31":"tag-toulon","32":"tag-toulouse","33":"tag-xv-de-la-rose"},"share_on_mastodon":{"url":"https:\/\/pubeurope.com\/@fr\/114663732800705225","error":""},"_links":{"self":[{"href":"https:\/\/www.europesays.com\/fr\/wp-json\/wp\/v2\/posts\/167701","targetHints":{"allow":["GET"]}}],"collection":[{"href":"https:\/\/www.europesays.com\/fr\/wp-json\/wp\/v2\/posts"}],"about":[{"href":"https:\/\/www.europesays.com\/fr\/wp-json\/wp\/v2\/types\/post"}],"author":[{"embeddable":true,"href":"https:\/\/www.europesays.com\/fr\/wp-json\/wp\/v2\/users\/2"}],"replies":[{"embeddable":true,"href":"https:\/\/www.europesays.com\/fr\/wp-json\/wp\/v2\/comments?post=167701"}],"version-history":[{"count":0,"href":"https:\/\/www.europesays.com\/fr\/wp-json\/wp\/v2\/posts\/167701\/revisions"}],"wp:featuredmedia":[{"embeddable":true,"href":"https:\/\/www.europesays.com\/fr\/wp-json\/wp\/v2\/media\/167702"}],"wp:attachment":[{"href":"https:\/\/www.europesays.com\/fr\/wp-json\/wp\/v2\/media?parent=167701"}],"wp:term":[{"taxonomy":"category","embeddable":true,"href":"https:\/\/www.europesays.com\/fr\/wp-json\/wp\/v2\/categories?post=167701"},{"taxonomy":"post_tag","embeddable":true,"href":"https:\/\/www.europesays.com\/fr\/wp-json\/wp\/v2\/tags?post=167701"}],"curies":[{"name":"wp","href":"https:\/\/api.w.org\/{rel}","templated":true}]}}