{"id":167707,"date":"2025-06-11T08:16:09","date_gmt":"2025-06-11T08:16:09","guid":{"rendered":"https:\/\/www.europesays.com\/fr\/167707\/"},"modified":"2025-06-11T08:16:09","modified_gmt":"2025-06-11T08:16:09","slug":"manque-de-moyens-travail-degrade-lunite-de-chirurgie-orthopedique-du-chu-de-rouen-est-en-greve","status":"publish","type":"post","link":"https:\/\/www.europesays.com\/fr\/167707\/","title":{"rendered":"Manque de moyens, travail d\u00e9grad\u00e9&#8230; L&rsquo;unit\u00e9 de chirurgie orthop\u00e9dique du CHU de Rouen est en gr\u00e8ve"},"content":{"rendered":"<p>            Par<br \/>\n        <strong><br \/>\n            <a href=\"https:\/\/actu.fr\/auteur\/adrien-filoche\" title=\"Consulter tous les articles de Adrien Filoche\" target=\"_blank\" rel=\"noopener\">Adrien Filoche<\/a><br \/>\n        <\/strong><\/p>\n<p>        Publi\u00e9 le<\/p>\n<p>            11 juin 2025 \u00e0 9h58        <\/p>\n<p>Les <strong>soignants de l\u2019unit\u00e9 31 chirurgie orthop\u00e9dique<\/strong> du <a href=\"https:\/\/actu.fr\/tag\/chu-rouen\" target=\"_blank\" rel=\"noopener\">CHU de Rouen<\/a> sont en gr\u00e8ve ce mercredi 11\u00a0juin 2025. Un <strong>pr\u00e9avis de gr\u00e8ve<\/strong> avait \u00e9t\u00e9 d\u00e9pos\u00e9 le 3\u00a0juin 2025 par la CFDT aupr\u00e8s de la direction g\u00e9n\u00e9rale du CHU.<\/p>\n<p>\u00ab\u2009Un \u00e9puisement g\u00e9n\u00e9ralis\u00e9 des soignants\u2009\u00bb<\/p>\n<p class=\" wall-content\">Dans un communiqu\u00e9, la CFDT d\u00e9plore le manque de moyens et \u00ab\u2009un \u00e9puisement g\u00e9n\u00e9ralis\u00e9 des soignants\u2009\u00bb \u00e0 la suite d\u2019une augmentation de l\u2019activit\u00e9 du service, qui comprend une trentaine d\u2019agents.<\/p>\n<p class=\" wall-content\">\u00ab\u2009En semaine, c\u2019est d\u00e9j\u00e0 difficile, et le week-end, c\u2019est encore plus compliqu\u00e9. De plus, les patients les plus lourds sont amen\u00e9s au CHU, les h\u00f4pitaux priv\u00e9s ne jouent pas forc\u00e9ment le jeu\u2009\u00bb, souligne Fr\u00e9d\u00e9ric Louis, secr\u00e9taire de section \u00e0 la CFDT Chu de Rouen.<\/p>\n<blockquote class=\"ac-article-quote wall-content\">\n<p>Le manque de personnel et l&rsquo;augmentation de l&rsquo;activit\u00e9 entra\u00eenent une hausse inqui\u00e9tante du nombre d&rsquo;\u00e9v\u00e8nements ind\u00e9sirables.<\/p>\n<p>    <strong>CFDT<\/strong>\n            <\/p><\/blockquote>\n<p class=\" wall-content\">La CFDT revendique une r\u00e9organisation des conditions de travail et une meilleure gestion des lits du service. \u00ab\u2009Il faudrait un (e) infirmier (e) en plus le matin et l\u2019apr\u00e8s-midi pour que \u00e7a tourne correctement\u2009\u00bb, confie Fr\u00e9d\u00e9ric Louis. Et d\u2019ajouter\u2009: \u00ab\u2009On sait que les moyens sont contraints \u00e0 l\u2019h\u00f4pital, mais on se doit de prendre en charge correctement les patients.\u2009\u00bb<\/p>\n<p>Vid\u00e9os : en ce moment sur Actu<\/p>\n<p class=\" wall-content\">Interrog\u00e9, le CHU de Rouen indique que des \u00e9changes ont eu lieu le 5 juin avec les repr\u00e9sentants de la CFDT, ainsi que les soignants. \u00c0 la suite de cette r\u00e9union, \u00ab\u00a0un plan d\u2019action a \u00e9t\u00e9 trouv\u00e9 pour permettre une r\u00e9organisation des services\u00a0\u00bb, pr\u00e9cise la direction.<\/p>\n<p class=\" wall-content\">Concernant cette r\u00e9organisation, le CHU avance un probl\u00e8me d\u2019absent\u00e9isme qui doit \u00eatre r\u00e9gl\u00e9 par des remplacements en interne. La direction indique par ailleurs que des recrutements ont \u00e9t\u00e9 lanc\u00e9s \u00ab\u00a0avec des perspectives positives\u00a0\u00bb afin de corriger la probl\u00e9matique de postes vacants.<\/p>\n<p>Suivez l\u2019actualit\u00e9 de Rouen sur <a href=\"https:\/\/www.whatsapp.com\/channel\/0029VaKfnf99hXF2ddApFB1D\" target=\"_blank\" rel=\"noopener\">notre cha\u00eene WhatsApp<\/a> et sur <a href=\"https:\/\/www.tiktok.com\/@76actu.fr?lang=fr\" target=\"_blank\" rel=\"noopener\">notre compte TikTok<\/a><\/p>\n<p class=\" wall-content\">Suivez toute l\u2019actualit\u00e9 de vos villes et m\u00e9dias favoris en vous inscrivant \u00e0 <a href=\"https:\/\/moncompte.actu.fr\" title=\"D\u00e9couvez Mon Actu\" rel=\"nofollow noopener\" data-trk=\"{&quot;cta&quot;:{&quot;action&quot;:&quot;https:\\\/\\\/moncompte.actu.fr&quot;,&quot;category&quot;:&quot;mon compte&quot;,&quot;from&quot;:&quot;article footer&quot;,&quot;name&quot;:&quot;Mon actu&quot;,&quot;type&quot;:&quot;cta&quot;}}\" target=\"_blank\">Mon Actu<\/a>.<\/p>\n<p>                    <script async src=\"\/\/www.tiktok.com\/embed.js\"><\/script><\/p>\n","protected":false},"excerpt":{"rendered":"Par Adrien Filoche Publi\u00e9 le 11 juin 2025 \u00e0 9h58 Les soignants de l\u2019unit\u00e9 31 chirurgie orthop\u00e9dique du&hellip;\n","protected":false},"author":2,"featured_media":167708,"comment_status":"","ping_status":"","sticky":false,"template":"","format":"standard","meta":{"footnotes":""},"categories":[9587],"tags":[1111,11,9682,1777,674,1011,27,12,5161,25,9590,71,104],"class_list":{"0":"post-167707","1":"post","2":"type-post","3":"status-publish","4":"format-standard","5":"has-post-thumbnail","7":"category-rouen","8":"tag-actu","9":"tag-actualites","10":"tag-chu-rouen","11":"tag-eu","12":"tag-europe","13":"tag-fr","14":"tag-france","15":"tag-news","16":"tag-normandie","17":"tag-republique-francaise","18":"tag-rouen","19":"tag-sante","20":"tag-societe"},"share_on_mastodon":{"url":"","error":""},"_links":{"self":[{"href":"https:\/\/www.europesays.com\/fr\/wp-json\/wp\/v2\/posts\/167707","targetHints":{"allow":["GET"]}}],"collection":[{"href":"https:\/\/www.europesays.com\/fr\/wp-json\/wp\/v2\/posts"}],"about":[{"href":"https:\/\/www.europesays.com\/fr\/wp-json\/wp\/v2\/types\/post"}],"author":[{"embeddable":true,"href":"https:\/\/www.europesays.com\/fr\/wp-json\/wp\/v2\/users\/2"}],"replies":[{"embeddable":true,"href":"https:\/\/www.europesays.com\/fr\/wp-json\/wp\/v2\/comments?post=167707"}],"version-history":[{"count":0,"href":"https:\/\/www.europesays.com\/fr\/wp-json\/wp\/v2\/posts\/167707\/revisions"}],"wp:featuredmedia":[{"embeddable":true,"href":"https:\/\/www.europesays.com\/fr\/wp-json\/wp\/v2\/media\/167708"}],"wp:attachment":[{"href":"https:\/\/www.europesays.com\/fr\/wp-json\/wp\/v2\/media?parent=167707"}],"wp:term":[{"taxonomy":"category","embeddable":true,"href":"https:\/\/www.europesays.com\/fr\/wp-json\/wp\/v2\/categories?post=167707"},{"taxonomy":"post_tag","embeddable":true,"href":"https:\/\/www.europesays.com\/fr\/wp-json\/wp\/v2\/tags?post=167707"}],"curies":[{"name":"wp","href":"https:\/\/api.w.org\/{rel}","templated":true}]}}