{"id":167715,"date":"2025-06-11T08:21:41","date_gmt":"2025-06-11T08:21:41","guid":{"rendered":"https:\/\/www.europesays.com\/fr\/167715\/"},"modified":"2025-06-11T08:21:41","modified_gmt":"2025-06-11T08:21:41","slug":"ta-rennes-echec-effectif-arrivee-de-kevin-plantet-le-president-jacques-aubry-fait","status":"publish","type":"post","link":"https:\/\/www.europesays.com\/fr\/167715\/","title":{"rendered":"TA Rennes. \u00ab\u00a0\u00c9chec\u00a0\u00bb, effectif, arriv\u00e9e de Kevin Plantet\u2026 Le pr\u00e9sident Jacques Aubry fait"},"content":{"rendered":"<tr wp_automatic_readability=\"7.8588235294118\">\n<td valign=\"middle\" align=\"center\" class=\"col-logo\" wp_automatic_readability=\"5\">\n    <img decoding=\"async\" src=\"https:\/\/www.europesays.com\/fr\/wp-content\/uploads\/2025\/04\/logo-of-monetise.svg\" alt=\"logo Ouest-France\" height=\"66\"\/><\/p>\n<p>Contenu r\u00e9serv\u00e9 aux abonn\u00e9s<\/p>\n<\/td>\n<td class=\"col-titre\">\n\t\t\tMercredi 11 juin 2025 06:55<br \/>\n\t\t\t<a class=\"icon-bulle sizeL count\" href=\"#ancreAvis\"><br \/>\n\t&#8230;<br \/>\n<\/a><\/td>\n<\/tr>\n<p>\t\t<a class=\"mavillebox2 elmt-photo\" href=\"https:\/\/maville.com\/photosmvi\/2025\/06\/11\/P35283193D6848214G.jpg\" title=\" Jacques Aubry le pr\u00e9sident de la TA Rennes  \u00a9  Ouest-France  &lt;!--TAG-BLC credit--&gt;\" rel=\"galerie_actu noopener\" target=\"_blank\"><br \/>\n\t<img decoding=\"async\" src=\"https:\/\/www.europesays.com\/fr\/wp-content\/uploads\/2025\/06\/P35283193D6848214G_crop_640-330_.jpg\" alt=\"photo  jacques aubry le pr\u00e9sident de la ta rennes  \u00a9  ouest-france \"\/><br \/>\n\t1<br \/>\n<\/a><\/p>\n<p class=\"elmt-legende\"> Jacques Aubry le pr\u00e9sident de la TA Rennes  \u00a9  Ouest-France  <\/p>\n<p>\t\tApr\u00e8s la rel\u00e9gation de la TA Rennes en R\u00e9gional 1, le pr\u00e9sident t\u00e9a\u00efste, Jacques Aubry, a pris le temps de balayer l\u2019actualit\u00e9 du club. Il a \u00e9voqu\u00e9 l\u2019arriv\u00e9e de Kevin Plantet, \u00ab\u00a0enfant de la TA\u00a0\u00bb au poste d\u2019entra\u00eeneur et a d\u00e9taill\u00e9 les contours de l\u2019effectif pour la saison prochaine.<\/p>\n<p><b>Cet article est r\u00e9serv\u00e9 aux abonn\u00e9s<\/b><\/p>\n<p>Pour un acc\u00e8s imm\u00e9diat, abonnez-vous<\/p>\n<p><b>1\u00e8re semaine offerte<\/b><\/p>\n<p>\t\tOuest-France<\/p>\n<p>Retrouvez d&rsquo;autres actus sur la commune de :<\/p>\n<p>\t\t&#13;<\/p>\n","protected":false},"excerpt":{"rendered":"Contenu r\u00e9serv\u00e9 aux abonn\u00e9s Mercredi 11 juin 2025 06:55 &#8230; 1 Jacques Aubry le pr\u00e9sident de la TA&hellip;\n","protected":false},"author":2,"featured_media":167716,"comment_status":"","ping_status":"","sticky":false,"template":"","format":"standard","meta":{"footnotes":""},"categories":[2821],"tags":[1111,11,3809,1465,829,1777,674,63,1011,27,1792,1922,12,584,25,479,3272,517,1470],"class_list":{"0":"post-167715","1":"post","2":"type-post","3":"status-publish","4":"format-standard","5":"has-post-thumbnail","7":"category-rennes","8":"tag-actu","9":"tag-actualites","10":"tag-ball","11":"tag-basket","12":"tag-bretagne","13":"tag-eu","14":"tag-europe","15":"tag-football","16":"tag-fr","17":"tag-france","18":"tag-handball","19":"tag-info","20":"tag-news","21":"tag-rennes","22":"tag-republique-francaise","23":"tag-rugby","24":"tag-saint-nazaire","25":"tag-sport","26":"tag-volley"},"share_on_mastodon":{"url":"https:\/\/pubeurope.com\/@fr\/114663763899521109","error":""},"_links":{"self":[{"href":"https:\/\/www.europesays.com\/fr\/wp-json\/wp\/v2\/posts\/167715","targetHints":{"allow":["GET"]}}],"collection":[{"href":"https:\/\/www.europesays.com\/fr\/wp-json\/wp\/v2\/posts"}],"about":[{"href":"https:\/\/www.europesays.com\/fr\/wp-json\/wp\/v2\/types\/post"}],"author":[{"embeddable":true,"href":"https:\/\/www.europesays.com\/fr\/wp-json\/wp\/v2\/users\/2"}],"replies":[{"embeddable":true,"href":"https:\/\/www.europesays.com\/fr\/wp-json\/wp\/v2\/comments?post=167715"}],"version-history":[{"count":0,"href":"https:\/\/www.europesays.com\/fr\/wp-json\/wp\/v2\/posts\/167715\/revisions"}],"wp:featuredmedia":[{"embeddable":true,"href":"https:\/\/www.europesays.com\/fr\/wp-json\/wp\/v2\/media\/167716"}],"wp:attachment":[{"href":"https:\/\/www.europesays.com\/fr\/wp-json\/wp\/v2\/media?parent=167715"}],"wp:term":[{"taxonomy":"category","embeddable":true,"href":"https:\/\/www.europesays.com\/fr\/wp-json\/wp\/v2\/categories?post=167715"},{"taxonomy":"post_tag","embeddable":true,"href":"https:\/\/www.europesays.com\/fr\/wp-json\/wp\/v2\/tags?post=167715"}],"curies":[{"name":"wp","href":"https:\/\/api.w.org\/{rel}","templated":true}]}}