{"id":167717,"date":"2025-06-11T08:22:21","date_gmt":"2025-06-11T08:22:21","guid":{"rendered":"https:\/\/www.europesays.com\/fr\/167717\/"},"modified":"2025-06-11T08:22:21","modified_gmt":"2025-06-11T08:22:21","slug":"apres-la-resorption-du-bidonville-de-cronenbourg-le-defi-de-linsertion","status":"publish","type":"post","link":"https:\/\/www.europesays.com\/fr\/167717\/","title":{"rendered":"Apr\u00e8s la r\u00e9sorption du bidonville de Cronenbourg, le d\u00e9fi de l&rsquo;insertion"},"content":{"rendered":"<p class=\"wp-block-post-excerpt__excerpt\">Un an apr\u00e8s leur relogement derri\u00e8re la gare, plusieurs familles roms de l\u2019ancien bidonville de Cronenbourg b\u00e9n\u00e9ficient d\u2019un accompagnement social. Mais il reste beaucoup \u00e0 faire pour \u00e9viter que le campement ne se reforme \u00e0 la fin du dispositif. <\/p>\n<p class=\"font-sans\">\n\t\t\tCet article est en acc\u00e8s libre. Pour soutenir Rue89 Strasbourg,<br \/>\n\t\t\t<a class=\"underline\" href=\"https:\/\/www.rue89strasbourg.com\/abonnement\" target=\"_blank\" rel=\"noopener\">abonnez-vous<\/a>.\n\t\t<\/p>\n<p>Romain Cunat<\/p>\n<p>Publi\u00e9 le 11 juin 2025\u00a0\u00a0\u00b7\u00a0\u00a0<\/p>\n<p>Imprim\u00e9 le 11 juin 2025 \u00e0 09h28\u00a0\u00a0\u00b7\u00a0\u00a0<\/p>\n<p>\t\t\t\t\t2\u00a0minutes\n<\/p>\n<p>\u00ab\u00a0C\u2019est bien mieux ici. En Roumanie, on vivait dans une maison insalubre sans eau, sans chauffage.\u00a0\u00bb Pour ce p\u00e8re de famille roms, relog\u00e9 dans un mobil-home pr\u00e8s de la gare de Strasbourg <a href=\"https:\/\/www.rue89strasbourg.com\/bidonville-cronenbourg-evacuation-306261\" target=\"_blank\" rel=\"noreferrer noopener\">apr\u00e8s avoir \u00e9t\u00e9 expuls\u00e9 du bidonville de Cronenbourg<\/a>, le changement de cadre de vie est appr\u00e9ciable. <\/p>\n<p>Depuis juin 2024, treize familles roms de Roumanie et de Hongrie, soit 15 adultes et 13 enfants, ont \u00e9t\u00e9 install\u00e9es dans des mobil-homes et des caravanes \u00e0 l\u2019Espace 16, un \u00ab\u00a0Espace temporaire d\u2019insertion\u00a0\u00bb (ETI) mis en place par la Ville et la D\u00e9l\u00e9gation interminist\u00e9rielle \u00e0 l\u2019h\u00e9bergement et \u00e0 l\u2019acc\u00e8s au logement (Dihal) dans l\u2019enceinte du Bastion 16, rue du Rempart.<\/p>\n<p><a href=\"https:\/\/www.rue89strasbourg.com\/abonnement\" target=\"_blank\" rel=\"noopener\"><img loading=\"lazy\" decoding=\"async\" width=\"970\" height=\"250\" src=\"https:\/\/www.europesays.com\/fr\/wp-content\/uploads\/2025\/05\/bannie\u0300re-autopromo-2025-desktop-1.gif\" alt=\"\" class=\"wp-image-343590\" style=\"width:792px\"\/><\/a><\/p>\n<p><a href=\"https:\/\/www.rue89strasbourg.com\/abonnement\" target=\"_blank\" rel=\"noopener\"><img loading=\"lazy\" decoding=\"async\" width=\"300\" height=\"300\" src=\"https:\/\/www.europesays.com\/fr\/wp-content\/uploads\/2025\/05\/bannieres@2x.png\" alt=\"\" class=\"wp-image-341656\"  \/><\/a><\/p>\n<p>D\u00e9sarmer les clans<\/p>\n<p>Pour en arriver l\u00e0 cependant, il aura fallu un long travail de \u00ab\u00a0diagnostic\u00a0\u00bb men\u00e9 par <a href=\"https:\/\/www.trajectoires-asso.fr\/l-association\/presentation\" target=\"_blank\" rel=\"noreferrer noopener\">Trajectoires<\/a>, une association sp\u00e9cialis\u00e9e dans l\u2019insertion, afin d\u2019identifier et neutraliser les liens claniques qui pouvaient exister entre certains habitants du bidonville de la M35 (voir <a href=\"https:\/\/www.rue89strasbourg.com\/roms-bidonville-cronenbourg-peuvent-plus-cette-vie-276660\" target=\"_blank\" rel=\"noreferrer noopener\">notre reportage<\/a>). Dans cette micro-soci\u00e9t\u00e9 qui a culmin\u00e9 \u00e0 160 membres, tout se monnayait, y compris l\u2019acc\u00e8s aux cabanes et \u00e0 l\u2019eau. <\/p>\n<p>\u00c0 l\u2019Espace 16, les familles qui ont accept\u00e9 le relogement, b\u00e9n\u00e9ficient de conditions sanitaires \u00e9quivalentes \u00e0 celle d\u2019un camping, d\u2019un suivi social hebdomadaire, de cours de fran\u00e7ais et d\u2019un accompagnement vers l\u2019emploi. Les travailleuses sociales de Carilogis, un service de Caritas Alsace, veillent \u00e0 ce que les familles ne subissent plus l\u2019emprise mafieuse qui pesait sur elles au bidonville. Une vigilance de chaque instant puisque les personnes qui vivaient sur le dos de ces familles sont toujours pr\u00e9sentes \u00e0 Strasbourg. <\/p>\n<p>Il reste encore un an \u00e0 Carilogis pour faire en sorte que toutes les familles puissent s\u2019ins\u00e9rer dans la soci\u00e9t\u00e9 fran\u00e7aise. L\u2019association compte beaucoup sur l\u2019emploi, condition n\u00e9cessaire \u00e0 l\u2019obtention d\u2019un titre de s\u00e9jour, mais pour l\u2019instant, seuls trois adultes sur 17 disposent d\u2019un contrat de travail\u202f\u00a0: un dans l\u2019entreprise <a href=\"https:\/\/www.regiedesecrivains.com\/\" target=\"_blank\" rel=\"noreferrer noopener\">R\u00e9gie des \u00c9crivains<\/a>, un autre chez Zalando en Allemagne, et un en tant qu\u2019auto-entrepreneur dans le ferraillage. Quatre autres terminent un stage aux Jardins de la Montagne Verte, avec l\u2019espoir d\u2019y d\u00e9crocher un emploi.<\/p>\n<p>La Ville de Strasbourg a engag\u00e9 450\u00a0000\u20ac dans cette op\u00e9ration, rembours\u00e9s par une premi\u00e8re tranche de 190\u00a0000\u20ac de la Dihal en 2024. L\u2019op\u00e9ration fait figure de mod\u00e8le pour la r\u00e9sorption des bidonvilles roms en France, m\u00eame si la taille du dispositif est sans commune mesure avec les bidonvilles existants \u00e0 <a href=\"https:\/\/www.midilibre.fr\/2025\/05\/05\/entre-500-et-600-personnes-sont-concernees-a-montpellier-la-ville-et-letat-sengagent-a-resorber-tous-les-bidonvilles-et-squats-dici-dix-ans-12676752.php\" target=\"_blank\" rel=\"noreferrer noopener\">Montpellier<\/a> ou <a href=\"https:\/\/www.mediacites.fr\/complement-denquete\/nantes\/2025\/04\/10\/le-diagnostic-preoccupant-du-plus-grand-bidonville-de-france\/\" target=\"_blank\" rel=\"noreferrer noopener\">Nantes<\/a>.<\/p>\n","protected":false},"excerpt":{"rendered":"Un an apr\u00e8s leur relogement derri\u00e8re la gare, plusieurs familles roms de l\u2019ancien bidonville de Cronenbourg b\u00e9n\u00e9ficient d\u2019un&hellip;\n","protected":false},"author":2,"featured_media":167718,"comment_status":"","ping_status":"","sticky":false,"template":"","format":"standard","meta":{"footnotes":""},"categories":[2820],"tags":[1111,11,25056,1777,674,1011,27,775,5222,12,25,21088,104,640],"class_list":{"0":"post-167717","1":"post","2":"type-post","3":"status-publish","4":"format-standard","5":"has-post-thumbnail","7":"category-strasbourg","8":"tag-actu","9":"tag-actualites","10":"tag-bidonville","11":"tag-eu","12":"tag-europe","13":"tag-fr","14":"tag-france","15":"tag-grand-est","16":"tag-hebergement","17":"tag-news","18":"tag-republique-francaise","19":"tag-roms","20":"tag-societe","21":"tag-strasbourg"},"share_on_mastodon":{"url":"https:\/\/pubeurope.com\/@fr\/114663767693746205","error":""},"_links":{"self":[{"href":"https:\/\/www.europesays.com\/fr\/wp-json\/wp\/v2\/posts\/167717","targetHints":{"allow":["GET"]}}],"collection":[{"href":"https:\/\/www.europesays.com\/fr\/wp-json\/wp\/v2\/posts"}],"about":[{"href":"https:\/\/www.europesays.com\/fr\/wp-json\/wp\/v2\/types\/post"}],"author":[{"embeddable":true,"href":"https:\/\/www.europesays.com\/fr\/wp-json\/wp\/v2\/users\/2"}],"replies":[{"embeddable":true,"href":"https:\/\/www.europesays.com\/fr\/wp-json\/wp\/v2\/comments?post=167717"}],"version-history":[{"count":0,"href":"https:\/\/www.europesays.com\/fr\/wp-json\/wp\/v2\/posts\/167717\/revisions"}],"wp:featuredmedia":[{"embeddable":true,"href":"https:\/\/www.europesays.com\/fr\/wp-json\/wp\/v2\/media\/167718"}],"wp:attachment":[{"href":"https:\/\/www.europesays.com\/fr\/wp-json\/wp\/v2\/media?parent=167717"}],"wp:term":[{"taxonomy":"category","embeddable":true,"href":"https:\/\/www.europesays.com\/fr\/wp-json\/wp\/v2\/categories?post=167717"},{"taxonomy":"post_tag","embeddable":true,"href":"https:\/\/www.europesays.com\/fr\/wp-json\/wp\/v2\/tags?post=167717"}],"curies":[{"name":"wp","href":"https:\/\/api.w.org\/{rel}","templated":true}]}}