{"id":167719,"date":"2025-06-11T08:23:08","date_gmt":"2025-06-11T08:23:08","guid":{"rendered":"https:\/\/www.europesays.com\/fr\/167719\/"},"modified":"2025-06-11T08:23:08","modified_gmt":"2025-06-11T08:23:08","slug":"un-salon-des-antiquaires-geant-sest-installe-au-zenith-de-strasbourg-ce-matin","status":"publish","type":"post","link":"https:\/\/www.europesays.com\/fr\/167719\/","title":{"rendered":"un salon des antiquaires g\u00e9ant s&rsquo;est install\u00e9 au Z\u00e9nith de Strasbourg ce matin"},"content":{"rendered":"<p>            Par<br \/>\n        <strong><br \/>\n            <a href=\"https:\/\/actu.fr\/auteur\/margot-fournie\" title=\"Consulter tous les articles de Margot Fournie\" rel=\"nofollow noopener\" target=\"_blank\">Margot Fournie<\/a><br \/>\n        <\/strong><\/p>\n<p>        Publi\u00e9 le<\/p>\n<p>            11 juin 2025 \u00e0 10h11        <\/p>\n<p>Le d\u00e9ballage marchand international se tient actuellement \u00e0 <a href=\"https:\/\/actu.fr\/strasbourg\/\" rel=\"nofollow noopener\" target=\"_blank\">Strasbourg<\/a>.<\/p>\n<p class=\" wall-content\">Ce <strong>salon international des antiquaires<\/strong> a pris place au <a href=\"https:\/\/actu.fr\/tag\/zenith-de-strasbourg\" rel=\"nofollow noopener\" target=\"_blank\">Z\u00e9nith<\/a>. L\u2019\u00e9v\u00e9nement propos\u00e9 par Ritoni Organisation sera accessible, <strong>gratuitement, jusqu\u2019\u00e0 12\u2009h<\/strong>.<\/p>\n<p>Des meubles anciens, des objets d\u2019art \u00e0 chiner<\/p>\n<p class=\" wall-content\">Les exposants sont des antiquaires de m\u00e9tiers, originaires du Benelux, d\u2019Allemagne, d\u2019Italie, de Suisse ou encore de R\u00e9publique tch\u00e8que.<\/p>\n<p class=\" wall-content\">Sur place, ils exposeront des <strong>meubles anciens<\/strong>, des <strong>objets d\u2019art<\/strong>, de la verrerie ou encore de l\u2019horlogerie. L\u2019occasion de faire de bonnes affaires.<\/p>\n<p>Plus d\u2019informations disponibles sur le site <a href=\"https:\/\/antiquitesdurhin.fr\/deballage-marchand-strasbourg\/\" rel=\"nofollow noopener\" target=\"_blank\">Antiquit\u00e9s du Rhin<\/a>.Vid\u00e9os : en ce moment sur Actu<\/p>\n<p class=\" wall-content\">Suivez toute l\u2019actualit\u00e9 de vos villes et m\u00e9dias favoris en vous inscrivant \u00e0 <a href=\"https:\/\/moncompte.actu.fr\" title=\"D\u00e9couvez Mon Actu\" rel=\"nofollow noopener\" data-trk=\"{&quot;cta&quot;:{&quot;action&quot;:&quot;https:\\\/\\\/moncompte.actu.fr&quot;,&quot;category&quot;:&quot;mon compte&quot;,&quot;from&quot;:&quot;article footer&quot;,&quot;name&quot;:&quot;Mon actu&quot;,&quot;type&quot;:&quot;cta&quot;}}\" target=\"_blank\">Mon Actu<\/a>.<\/p>\n","protected":false},"excerpt":{"rendered":"Par Margot Fournie Publi\u00e9 le 11 juin 2025 \u00e0 10h11 Le d\u00e9ballage marchand international se tient actuellement \u00e0&hellip;\n","protected":false},"author":2,"featured_media":167720,"comment_status":"","ping_status":"","sticky":false,"template":"","format":"standard","meta":{"footnotes":""},"categories":[2820],"tags":[1111,11,6961,1777,674,1011,27,775,1652,12,25,640],"class_list":{"0":"post-167719","1":"post","2":"type-post","3":"status-publish","4":"format-standard","5":"has-post-thumbnail","7":"category-strasbourg","8":"tag-actu","9":"tag-actualites","10":"tag-brocante","11":"tag-eu","12":"tag-europe","13":"tag-fr","14":"tag-france","15":"tag-grand-est","16":"tag-loisirs-culture","17":"tag-news","18":"tag-republique-francaise","19":"tag-strasbourg"},"share_on_mastodon":{"url":"https:\/\/pubeurope.com\/@fr\/114663771524514769","error":""},"_links":{"self":[{"href":"https:\/\/www.europesays.com\/fr\/wp-json\/wp\/v2\/posts\/167719","targetHints":{"allow":["GET"]}}],"collection":[{"href":"https:\/\/www.europesays.com\/fr\/wp-json\/wp\/v2\/posts"}],"about":[{"href":"https:\/\/www.europesays.com\/fr\/wp-json\/wp\/v2\/types\/post"}],"author":[{"embeddable":true,"href":"https:\/\/www.europesays.com\/fr\/wp-json\/wp\/v2\/users\/2"}],"replies":[{"embeddable":true,"href":"https:\/\/www.europesays.com\/fr\/wp-json\/wp\/v2\/comments?post=167719"}],"version-history":[{"count":0,"href":"https:\/\/www.europesays.com\/fr\/wp-json\/wp\/v2\/posts\/167719\/revisions"}],"wp:featuredmedia":[{"embeddable":true,"href":"https:\/\/www.europesays.com\/fr\/wp-json\/wp\/v2\/media\/167720"}],"wp:attachment":[{"href":"https:\/\/www.europesays.com\/fr\/wp-json\/wp\/v2\/media?parent=167719"}],"wp:term":[{"taxonomy":"category","embeddable":true,"href":"https:\/\/www.europesays.com\/fr\/wp-json\/wp\/v2\/categories?post=167719"},{"taxonomy":"post_tag","embeddable":true,"href":"https:\/\/www.europesays.com\/fr\/wp-json\/wp\/v2\/tags?post=167719"}],"curies":[{"name":"wp","href":"https:\/\/api.w.org\/{rel}","templated":true}]}}