{"id":167721,"date":"2025-06-11T08:24:10","date_gmt":"2025-06-11T08:24:10","guid":{"rendered":"https:\/\/www.europesays.com\/fr\/167721\/"},"modified":"2025-06-11T08:24:10","modified_gmt":"2025-06-11T08:24:10","slug":"si-on-sauve-la-mediterranee-on-sauvera-locean-la-region-sud-se-presente-comme-un-laboratoire-au-sommet-de-nice","status":"publish","type":"post","link":"https:\/\/www.europesays.com\/fr\/167721\/","title":{"rendered":"\u00ab\u00a0Si on sauve la M\u00e9diterran\u00e9e, on sauvera l\u2019Oc\u00e9an\u00a0\u00bb: la R\u00e9gion Sud se pr\u00e9sente comme un laboratoire au sommet de Nice"},"content":{"rendered":"<p>Plusieurs classes y passent chaque jour. Jouent sur des tables d\u2019exp\u00e9rience. Participent \u00e0 des ateliers. Rencontrent des associations. Sur le pavillon Sud, dans La Baleine, le palais des expositions de Nice ouvert au grand public jusqu\u2019\u00e0 vendredi en marge de la Conf\u00e9rence des Nations unies, la R\u00e9gion donne \u00e0 voir un concentr\u00e9 des enjeux de son territoire. Cet espace a \u00e9t\u00e9 inaugur\u00e9, en pr\u00e9sence de deux ministres, venus \u00e0 Nice pour l\u2019Unoc, Laurent Saint-Martin, charg\u00e9 du Commerce ext\u00e9rieur et Benjamin Haddad, d\u00e9l\u00e9gu\u00e9 \u00e0 l\u2019Europe.<\/p>\n<p>\u00ab\u00a0La M\u00e9diterran\u00e9e repr\u00e9sente 1% des eaux du monde, mais 12% de la biodiversit\u00e9 mondiale\u00a0\u00bb, s\u2019exclame le pr\u00e9sident du conseil r\u00e9gional, conf\u00e9rant \u00e0 cette mer ferm\u00e9e le statut de \u00ab\u00a0laboratoire\u00a0\u00bb. \u00ab\u00a0Si on sauve la M\u00e9diterran\u00e9e, on sauvera l\u2019Oc\u00e9an, c\u2019est \u00e9vident! On doit int\u00e9grer cette logique. Les scientifiques ont raison, il faut aller dans ce sens\u00a0\u00bb, assure Renaud Muselier.<\/p>\n<p>\u00ab\u00a0Les entreprises n\u2019en font jamais assez\u00a0\u00bb<\/p>\n<p>Exemple de politique publique: l\u2019\u00e9lectrification des quais pour les navires de croisi\u00e8re. \u00ab\u00a0On sera la premi\u00e8re r\u00e9gion au monde dont les ports seront z\u00e9ro fum\u00e9e, claironne Renaud Muselier. C\u2019est pour 2030, et on le tiendra. Apr\u00e8s, \u00e7a nous permettra de mettre la pression sur les croisi\u00e9ristes, en leur disant: si vous ne vous \u00e9quipez pas, vous ne venez pas.\u00a0\u00bb La R\u00e9gion y met des moyens: \u00ab\u00a0C\u2019est un choix strat\u00e9gique, 30 \u00e0 40 millions d\u2019euros.\u00a0\u00bb<\/p>\n<p>Les entreprises en font-elles assez? \u00ab\u00a0Je pense qu\u2019elles n\u2019en font jamais assez, il faut les pousser \u00e0 en faire plus, toujours. Tout en leur apportant une vision strat\u00e9gique.\u00a0\u00bb<\/p>\n<p>La croisi\u00e8re \u00ab\u00a0fait la richesse de nos ports\u00a0\u00bb, mais \u00ab\u00a0les habitants n\u2019acceptent plus l\u2019activit\u00e9 portuaire, telle qu\u2019elle \u00e9tait avant.\u00a0\u00bb Renaud Muselier pense en particulier \u00e0 la pollution de l\u2019air. \u00ab\u00a0Et donc cette activit\u00e9 doit s\u2019adapter.\u00a0\u00bb Le r\u00f4le de la R\u00e9gion, aux yeux de l\u2019\u00e9lu est d\u2019y contribuer, \u00ab\u00a0\u00e0 la fois avec des aides financi\u00e8res et avec de la contrainte.\u00a0\u00bb<\/p>\n<p>La Baleine, palais des expositions \u00e0 Nice, visite gratuite sur inscription pr\u00e9alable. Infos: https:\/\/we-are-the-ocean.com\/<\/p>\n","protected":false},"excerpt":{"rendered":"Plusieurs classes y passent chaque jour. Jouent sur des tables d\u2019exp\u00e9rience. Participent \u00e0 des ateliers. Rencontrent des associations.&hellip;\n","protected":false},"author":2,"featured_media":167722,"comment_status":"","ping_status":"","sticky":false,"template":"","format":"standard","meta":{"footnotes":""},"categories":[2819],"tags":[1111,11,436,1777,674,1011,27,12,2401,316,882,25],"class_list":{"0":"post-167721","1":"post","2":"type-post","3":"status-publish","4":"format-standard","5":"has-post-thumbnail","7":"category-nice","8":"tag-actu","9":"tag-actualites","10":"tag-environnement","11":"tag-eu","12":"tag-europe","13":"tag-fr","14":"tag-france","15":"tag-news","16":"tag-nice","17":"tag-politique","18":"tag-provence-alpes-cote-dazur","19":"tag-republique-francaise"},"share_on_mastodon":{"url":"https:\/\/pubeurope.com\/@fr\/114663775515627721","error":""},"_links":{"self":[{"href":"https:\/\/www.europesays.com\/fr\/wp-json\/wp\/v2\/posts\/167721","targetHints":{"allow":["GET"]}}],"collection":[{"href":"https:\/\/www.europesays.com\/fr\/wp-json\/wp\/v2\/posts"}],"about":[{"href":"https:\/\/www.europesays.com\/fr\/wp-json\/wp\/v2\/types\/post"}],"author":[{"embeddable":true,"href":"https:\/\/www.europesays.com\/fr\/wp-json\/wp\/v2\/users\/2"}],"replies":[{"embeddable":true,"href":"https:\/\/www.europesays.com\/fr\/wp-json\/wp\/v2\/comments?post=167721"}],"version-history":[{"count":0,"href":"https:\/\/www.europesays.com\/fr\/wp-json\/wp\/v2\/posts\/167721\/revisions"}],"wp:featuredmedia":[{"embeddable":true,"href":"https:\/\/www.europesays.com\/fr\/wp-json\/wp\/v2\/media\/167722"}],"wp:attachment":[{"href":"https:\/\/www.europesays.com\/fr\/wp-json\/wp\/v2\/media?parent=167721"}],"wp:term":[{"taxonomy":"category","embeddable":true,"href":"https:\/\/www.europesays.com\/fr\/wp-json\/wp\/v2\/categories?post=167721"},{"taxonomy":"post_tag","embeddable":true,"href":"https:\/\/www.europesays.com\/fr\/wp-json\/wp\/v2\/tags?post=167721"}],"curies":[{"name":"wp","href":"https:\/\/api.w.org\/{rel}","templated":true}]}}