{"id":167742,"date":"2025-06-11T08:35:09","date_gmt":"2025-06-11T08:35:09","guid":{"rendered":"https:\/\/www.europesays.com\/fr\/167742\/"},"modified":"2025-06-11T08:35:09","modified_gmt":"2025-06-11T08:35:09","slug":"des-familles-reunionnaises-bloquees-depuis-lundi-a-laeroport-de-marseille-un-vol-prevu-cet-apres-midi","status":"publish","type":"post","link":"https:\/\/www.europesays.com\/fr\/167742\/","title":{"rendered":"Des familles r\u00e9unionnaises bloqu\u00e9es depuis lundi \u00e0 l\u2019a\u00e9roport de Marseille\u00a0: un vol pr\u00e9vu cet apr\u00e8s-midi"},"content":{"rendered":"<p>Depuis ce lundi 9 juin, 263 passagers du vol SS636 \u00e0 destination de La R\u00e9union sont bloqu\u00e9s \u00e0 l\u2019a\u00e9roport de Marseille. La compagnie a\u00e9rienne Corsair pr\u00e9sente ses excuses, un vol est pr\u00e9vu cet apr\u00e8s-midi.<\/p>\n<p><strong>Communiqu\u00e9\u00a0:\u00a0<\/strong><\/p>\n<p>Corsair informe que le vol SS636 \u00e0 destination de La R\u00e9union, initialement pr\u00e9vu le 9 juin 2025 depuis Marseille et reprogramm\u00e9 une premi\u00e8re fois au 10 juin 2025, a de nouveau \u00e9t\u00e9 report\u00e9 en raison d\u2019une contrainte technique sur l\u2019appareil pr\u00e9vu (immatricul\u00e9 FHETE) n\u00e9cessitant un d\u00e9pannage complexe.<\/p>\n<p>Un autre avion de la flotte Corsair (immatricul\u00e9 F-HSKA) est achemin\u00e9 depuis Paris-Orly vers Marseille (vol SS036) afin d\u2019assurer le transport des 275 passagers concern\u00e9s dont le d\u00e9part est d\u00e9sormais pr\u00e9vu le mercredi 11 juin 2025 \u00e0 17h30 (heure locale).<\/p>\n<p>Nous sommes pleinement conscients des d\u00e9sagr\u00e9ments subis par nos passagers, dont certains ont d\u00e9j\u00e0 pass\u00e9 une nuit dans l\u2019a\u00e9rogare en raison de l\u2019indisponibilit\u00e9 h\u00f4teli\u00e8re dans la r\u00e9gion marseillaise. Une solution de couchage a \u00e9t\u00e9 mise en place dans l\u2019a\u00e9rogare, avec la mise \u00e0 disposition de lits picots pour les passagers ne pouvant regagner leur domicile et nos \u00e9quipes sur place ont distribu\u00e9 un d\u00eener chaud aux passagers.<\/p>\n<p>Tous les passagers ont \u00e9t\u00e9 contact\u00e9s et recevront une indemnisation de 600 euros. Corsair pr\u00e9sente ses excuses aux passagers pour cette situation exceptionnelle et les remercie de leur patience.<\/p>\n<p>Nos \u00e9quipes restent pleinement mobilis\u00e9es pour assurer le bon d\u00e9roulement du vol reprogramm\u00e9 et accompagner chaque passager dans les meilleures conditions. Pour toute question suppl\u00e9mentaire, le centre d\u2019appel Corsair est joignable gratuitement au 0800 94 00 30, 7 jours sur 7, de 7h \u00e0 minuit (heure m\u00e9tropolitaine).<\/p>\n","protected":false},"excerpt":{"rendered":"Depuis ce lundi 9 juin, 263 passagers du vol SS636 \u00e0 destination de La R\u00e9union sont bloqu\u00e9s \u00e0&hellip;\n","protected":false},"author":2,"featured_media":167743,"comment_status":"","ping_status":"","sticky":false,"template":"","format":"standard","meta":{"footnotes":""},"categories":[2814],"tags":[328,1111,47,11,1777,674,1011,27,6335,1922,6336,884,12,7224,882,25,104],"class_list":{"0":"post-167742","1":"post","2":"type-post","3":"status-publish","4":"format-standard","5":"has-post-thumbnail","7":"category-marseille","8":"tag-a-la-une","9":"tag-actu","10":"tag-actualite","11":"tag-actualites","12":"tag-eu","13":"tag-europe","14":"tag-fr","15":"tag-france","16":"tag-home-page","17":"tag-info","18":"tag-la-reunion","19":"tag-marseille","20":"tag-news","21":"tag-newsletter-soir","22":"tag-provence-alpes-cote-dazur","23":"tag-republique-francaise","24":"tag-societe"},"share_on_mastodon":{"url":"https:\/\/pubeurope.com\/@fr\/114663819023539594","error":""},"_links":{"self":[{"href":"https:\/\/www.europesays.com\/fr\/wp-json\/wp\/v2\/posts\/167742","targetHints":{"allow":["GET"]}}],"collection":[{"href":"https:\/\/www.europesays.com\/fr\/wp-json\/wp\/v2\/posts"}],"about":[{"href":"https:\/\/www.europesays.com\/fr\/wp-json\/wp\/v2\/types\/post"}],"author":[{"embeddable":true,"href":"https:\/\/www.europesays.com\/fr\/wp-json\/wp\/v2\/users\/2"}],"replies":[{"embeddable":true,"href":"https:\/\/www.europesays.com\/fr\/wp-json\/wp\/v2\/comments?post=167742"}],"version-history":[{"count":0,"href":"https:\/\/www.europesays.com\/fr\/wp-json\/wp\/v2\/posts\/167742\/revisions"}],"wp:featuredmedia":[{"embeddable":true,"href":"https:\/\/www.europesays.com\/fr\/wp-json\/wp\/v2\/media\/167743"}],"wp:attachment":[{"href":"https:\/\/www.europesays.com\/fr\/wp-json\/wp\/v2\/media?parent=167742"}],"wp:term":[{"taxonomy":"category","embeddable":true,"href":"https:\/\/www.europesays.com\/fr\/wp-json\/wp\/v2\/categories?post=167742"},{"taxonomy":"post_tag","embeddable":true,"href":"https:\/\/www.europesays.com\/fr\/wp-json\/wp\/v2\/tags?post=167742"}],"curies":[{"name":"wp","href":"https:\/\/api.w.org\/{rel}","templated":true}]}}