{"id":167744,"date":"2025-06-11T08:36:15","date_gmt":"2025-06-11T08:36:15","guid":{"rendered":"https:\/\/www.europesays.com\/fr\/167744\/"},"modified":"2025-06-11T08:36:15","modified_gmt":"2025-06-11T08:36:15","slug":"toute-lactualite-de-ce-mercredi-11-juin-2025-a-lyon","status":"publish","type":"post","link":"https:\/\/www.europesays.com\/fr\/167744\/","title":{"rendered":"Toute l&rsquo;actualit\u00e9 de ce mercredi 11 juin 2025 \u00e0 Lyon"},"content":{"rendered":"<p>A la une de l\u2019info \u00e0 Lyon : la Marche des Fiert\u00e9s 2025, la s\u00e9curit\u00e9 dans le nucl\u00e9aire, le Villeur\u2019GOOD Festival\u2026<\/p>\n<p>ECOUTEZ LE 1\/4H LYONNAIS\u2026 Toute l\u2019actualit\u00e9 de ce mercredi 11 juin 2025<\/p>\n<p>LE 1\/4H LYONNAIS | mercredi 11 juin 2025<\/p>\n<p><strong>Marche des Fiert\u00e9s<\/strong> : l\u2019\u00e9v\u00e8nement annuel de la communaut\u00e9 <strong>LGBT<\/strong>, aura lieu samedi, \u00e0 partir de 13 h place Jean Mac\u00e9. Elle est organis\u00e9e par le <strong>Collectif Fiert\u00e9s en Lutte<\/strong> (CFL). Le programme de cette marche dans ce 1\/4H LYONNAIS<\/p>\n<p>L\u2019<strong>Autorit\u00e9 de s\u00fbret\u00e9 nucl\u00e9aire et de radioprotection<\/strong> a dress\u00e9 un bilan \u00ab globalement satisfaisant \u00bb de l\u2019ann\u00e9e 2024 pour la r\u00e9gion Auvergne-Rh\u00f4ne-Alpes.\u00a0Mais des mises en garde sont \u00e9mises\u2026<\/p>\n<p>Egalement dans l\u2019actualit\u00e9 de ce mercredi 11 juin<\/p>\n<p>Le <strong><a href=\"https:\/\/thegreenergood.fr\/villeurgood\/\" target=\"_blank\" rel=\"noreferrer noopener\">Villeur\u2019GOOD Festival<\/a><\/strong> revient sur l\u2019avenue Henri Barbusse \u00e0 <strong>Villeurbanne<\/strong> toute la journ\u00e9e de samedi. La <strong>transition \u00e9cologique<\/strong> sera au rendez-vous de cette 4\u00e8me \u00e9dition, avec un <strong>village d\u00e9di\u00e9 \u00e0 l\u2019\u00e9nergie<\/strong><\/p>\n<p><strong>Aur\u00e9lie Jullien<\/strong>, coordinatrice de l\u2019association <strong>The Greener Good<\/strong>, est notre invit\u00e9e<\/p>\n<p>Basket : l\u2019Asvel n\u2019ira pas en finale\u00a0<\/p>\n<p>C\u2019est officiel, Rayan Cherki signe pour 5 ans \u00e0 Manchester City\u2026 un beau ch\u00e8que pour l\u2019OL<\/p>\n<p>Ecoutez aussi :<a href=\"https:\/\/www.lyondemain.fr\/ecombust-biocharbon-barbecue\/\" target=\"_blank\" rel=\"noreferrer noopener\"> Ecombust : le biocharbon plus performant et plus \u00e9colo<\/a><\/p>\n<p>Dans cette \u00e9dition, focus sur le Villeur\u2019GOOD Festival samedi aux Gratte-Ciel<\/p>\n<p>La date est \u00e0 marquer d\u2019une pierre blanche dans les agendas des Villeurbannais.es et des habitant.e.s de la M\u00e9tropole de Lyon. Le samedi 14 juin 2025, la ville se transformera en un haut lieu de la f\u00eate, de l\u2019<strong>engagement<\/strong> et de la convivialit\u00e9 \u00e0 l\u2019occasion de l\u2019incontournable <strong>Villeur\u2019GOOD Festival<\/strong>.<\/p>\n<p>Cet \u00e9v\u00e9nement, qui se tient au <strong>Gratte-Ciel<\/strong>, promet une nouvelle \u00e9dition riche en d\u00e9couvertes et en \u00e9motions. Avec la pr\u00e9sence d\u2019une <strong>chorale<\/strong> et l\u2019installation d\u2019un <strong>corner Energie<\/strong>, en partenariat avec <strong>Coopawatt<\/strong>\u2026<\/p>\n<p>Ecoutez aussi : <a href=\"https:\/\/www.lyondemain.fr\/actualite-de-ce-mardi-10-juin-lyon-info-alma-petra-girondins-gerland\/\" target=\"_blank\" rel=\"noreferrer noopener\">Toute l\u2019actualit\u00e9 de ce mardi 10 juin 2025 \u00e0 Lyon<\/a><\/p>\n<p><img fetchpriority=\"high\" decoding=\"async\" width=\"1200\" height=\"675\" src=\"https:\/\/www.europesays.com\/fr\/wp-content\/uploads\/2025\/06\/actualite-de-ce-mercredi-11-juin-2025.jpg\" alt=\"actualit\u00e9 de ce mercredi 11 juin 2025 info \u00e0 Lyon\" class=\"wp-image-249929\"  \/>Retrouvez aussi le Quart d\u2019Heure Lyonnais de Lyon Demain sur les antennes de Radio Pluriel (Lyon). Radio Salam (Lyon, Saint-Etienne et Bourg) et Radio Arm\u00e9nie (Lyon et Vienne)<br \/>\nJ\u2019aime \u00e7a\u00a0:<\/p>\n<p>J\u2019aime chargement\u2026<\/p>\n<p><a class=\"sd-link-color\"\/><\/p>\n<p>\n\tArticles similaires\n<\/p>\n<p>\t\t\t\t<img decoding=\"async\" src=\"https:\/\/www.europesays.com\/fr\/wp-content\/uploads\/2025\/06\/1749630975_110_7866158698e17e8ed633c05e8f8e7fe5d9e057ad78661c4dc34e413abb6b9f19\" alt=\"G\u00e9rald Bouchon\"\/><\/p>\n<p>Pionnier des radios libres, passionn\u00e9 de radio, journaliste et dirigeant de m\u00e9dias \u00e9co-responsables..<\/p>\n","protected":false},"excerpt":{"rendered":"A la une de l\u2019info \u00e0 Lyon : la Marche des Fiert\u00e9s 2025, la s\u00e9curit\u00e9 dans le nucl\u00e9aire,&hellip;\n","protected":false},"author":2,"featured_media":167745,"comment_status":"","ping_status":"","sticky":false,"template":"","format":"standard","meta":{"footnotes":""},"categories":[1889],"tags":[1111,11,2190,30109,30110,2430,1777,674,1011,27,30111,9087,2428,24310,12,5654,978,25,16155,30112,6345],"class_list":{"0":"post-167744","1":"post","2":"type-post","3":"status-publish","4":"format-standard","5":"has-post-thumbnail","7":"category-lyon","8":"tag-actu","9":"tag-actualites","10":"tag-asvel","11":"tag-aurelie-jullien","12":"tag-autorite-de-surete-nucleaire","13":"tag-auvergne-rhone-alpes","14":"tag-eu","15":"tag-europe","16":"tag-fr","17":"tag-france","18":"tag-gaypride","19":"tag-lgbt","20":"tag-lyon","21":"tag-marche-des-fiertes","22":"tag-news","23":"tag-nucleaire","24":"tag-olympique-lyonnais","25":"tag-republique-francaise","26":"tag-transition-ecologique","27":"tag-villeurgood","28":"tag-villeurbanne"},"share_on_mastodon":{"url":"https:\/\/pubeurope.com\/@fr\/114663822816397278","error":""},"_links":{"self":[{"href":"https:\/\/www.europesays.com\/fr\/wp-json\/wp\/v2\/posts\/167744","targetHints":{"allow":["GET"]}}],"collection":[{"href":"https:\/\/www.europesays.com\/fr\/wp-json\/wp\/v2\/posts"}],"about":[{"href":"https:\/\/www.europesays.com\/fr\/wp-json\/wp\/v2\/types\/post"}],"author":[{"embeddable":true,"href":"https:\/\/www.europesays.com\/fr\/wp-json\/wp\/v2\/users\/2"}],"replies":[{"embeddable":true,"href":"https:\/\/www.europesays.com\/fr\/wp-json\/wp\/v2\/comments?post=167744"}],"version-history":[{"count":0,"href":"https:\/\/www.europesays.com\/fr\/wp-json\/wp\/v2\/posts\/167744\/revisions"}],"wp:featuredmedia":[{"embeddable":true,"href":"https:\/\/www.europesays.com\/fr\/wp-json\/wp\/v2\/media\/167745"}],"wp:attachment":[{"href":"https:\/\/www.europesays.com\/fr\/wp-json\/wp\/v2\/media?parent=167744"}],"wp:term":[{"taxonomy":"category","embeddable":true,"href":"https:\/\/www.europesays.com\/fr\/wp-json\/wp\/v2\/categories?post=167744"},{"taxonomy":"post_tag","embeddable":true,"href":"https:\/\/www.europesays.com\/fr\/wp-json\/wp\/v2\/tags?post=167744"}],"curies":[{"name":"wp","href":"https:\/\/api.w.org\/{rel}","templated":true}]}}