{"id":167746,"date":"2025-06-11T08:37:08","date_gmt":"2025-06-11T08:37:08","guid":{"rendered":"https:\/\/www.europesays.com\/fr\/167746\/"},"modified":"2025-06-11T08:37:08","modified_gmt":"2025-06-11T08:37:08","slug":"ce-restaurant-de-poulet-100-halal-ferme-durgence-par-la-prefecture","status":"publish","type":"post","link":"https:\/\/www.europesays.com\/fr\/167746\/","title":{"rendered":"ce restaurant de poulet \u00ab\u00a0100 % halal\u00a0\u00bb ferm\u00e9 d&rsquo;urgence par la pr\u00e9fecture"},"content":{"rendered":"<p>            Par<br \/>\n        <strong><br \/>\n            <a href=\"https:\/\/actu.fr\/auteur\/ludivine-caporal\" title=\"Consulter tous les articles de Ludivine Caporal\" target=\"_blank\" rel=\"noopener\">Ludivine Caporal<\/a><br \/>\n        <\/strong><\/p>\n<p>        Publi\u00e9 le<\/p>\n<p>            11 juin 2025 \u00e0 10h05        <\/p>\n<p>La visite surprise des agents de la DDPP (Direction d\u00e9partementale de la protection des populations) du Rh\u00f4ne, ce mardi 10 juin, a men\u00e9 \u00e0 la fermeture imm\u00e9diate de l\u2019\u00e9tablissement.<\/p>\n<p class=\" wall-content\">Le restaurant Chickenos (ou Chicken\u2019oz) de <a href=\"https:\/\/actu.fr\/auvergne-rhone-alpes\/saint-priest_69290\" target=\"_blank\" rel=\"noopener\">Saint-Priest<\/a>, qui existe \u00e9galement \u00e0 <a href=\"https:\/\/actu.fr\/auvergne-rhone-alpes\/lyon_69123\" target=\"_blank\" rel=\"noopener\">Lyon<\/a> et \u00e0 <a href=\"https:\/\/actu.fr\/auvergne-rhone-alpes\/decines-charpieu_69275\" target=\"_blank\" rel=\"noopener\">D\u00e9cines<\/a>, n\u2019a pas pass\u00e9 le contr\u00f4le d\u2019hygi\u00e8ne men\u00e9 par les services de la pr\u00e9fecture. Des <strong>manquements graves<\/strong> ont \u00e9t\u00e9 constat\u00e9s.\u00a0<\/p>\n<p>Mouches et denr\u00e9es p\u00e9rim\u00e9es<\/p>\n<p class=\" wall-content\">Parmi les probl\u00e9matiques not\u00e9es dans le rapport des agents, la<strong> \u00ab\u00a0pr\u00e9sence importante\u00a0\u00bb<\/strong> de mouches dans les locaux de production et de stockage, la \u00ab\u00a0d\u00e9tention de denr\u00e9es p\u00e9rim\u00e9es\u00a0\u00bb ou encore les \u00ab\u00a0mauvaises conditions de stockage et de conservation des mati\u00e8res premi\u00e8res et des denr\u00e9es travaill\u00e9es\u00a0\u00bb.\u00a0<\/p>\n<p class=\" wall-content\">Lanc\u00e9 en 2022, l\u2019\u00e9tablissement qui affiche sur son site la volont\u00e9 de \u00ab\u00a0rendre la qualit\u00e9 accessible\u00a0\u00bb et d\u2019offrir \u00ab\u00a0une exp\u00e9rience gastronomique d\u00e9licieuse\u00a0\u00bb ne pourra rouvrir qu\u2019une fois de nombreuses mesures de correction r\u00e9alis\u00e9es.\u00a0<\/p>\n<p class=\" wall-content\">Malgr\u00e9 nos tentatives, nous n\u2019avons pas r\u00e9ussir \u00e0 joindre le restaurant Chickenos sur les num\u00e9ros indiqu\u00e9s afin que le g\u00e9rant puisse s\u2019expliquer.<\/p>\n<p>Vid\u00e9os : en ce moment sur Actu<\/p>\n<p class=\" wall-content\">Suivez toute l\u2019actualit\u00e9 de vos villes et m\u00e9dias favoris en vous inscrivant \u00e0 <a href=\"https:\/\/moncompte.actu.fr\" title=\"D\u00e9couvez Mon Actu\" rel=\"nofollow noopener\" data-trk=\"{&quot;cta&quot;:{&quot;action&quot;:&quot;https:\\\/\\\/moncompte.actu.fr&quot;,&quot;category&quot;:&quot;mon compte&quot;,&quot;from&quot;:&quot;article footer&quot;,&quot;name&quot;:&quot;Mon actu&quot;,&quot;type&quot;:&quot;cta&quot;}}\" target=\"_blank\">Mon Actu<\/a>.<\/p>\n<ul class=\"ac-article-tag wall-content\">\n<li><a href=\"https:\/\/actu.fr\/tag\/prefecture-du-rhone\" data-trk=\"{&quot;cta&quot;:{&quot;action&quot;:&quot;pr\\u00e9fecture du Rh\\u00f4ne&quot;,&quot;category&quot;:&quot;tag&quot;,&quot;from&quot;:&quot;article footer&quot;,&quot;name&quot;:&quot;pr\\u00e9fecture du Rh\\u00f4ne&quot;,&quot;type&quot;:&quot;cta&quot;}}\" target=\"_blank\" rel=\"noopener\">#pr\u00e9fecture du Rh\u00f4ne<\/a><\/li>\n<li><a href=\"https:\/\/actu.fr\/tag\/restaurant\" data-trk=\"{&quot;cta&quot;:{&quot;action&quot;:&quot;Restaurant&quot;,&quot;category&quot;:&quot;tag&quot;,&quot;from&quot;:&quot;article footer&quot;,&quot;name&quot;:&quot;Restaurant&quot;,&quot;type&quot;:&quot;cta&quot;}}\" target=\"_blank\" rel=\"noopener\">#Restaurant<\/a><\/li>\n<\/ul>\n","protected":false},"excerpt":{"rendered":"Par Ludivine Caporal Publi\u00e9 le 11 juin 2025 \u00e0 10h05 La visite surprise des agents de la DDPP&hellip;\n","protected":false},"author":2,"featured_media":167747,"comment_status":"","ping_status":"","sticky":false,"template":"","format":"standard","meta":{"footnotes":""},"categories":[1889],"tags":[1111,11,2430,1777,674,1011,27,2428,12,9450,25,1340,104],"class_list":{"0":"post-167746","1":"post","2":"type-post","3":"status-publish","4":"format-standard","5":"has-post-thumbnail","7":"category-lyon","8":"tag-actu","9":"tag-actualites","10":"tag-auvergne-rhone-alpes","11":"tag-eu","12":"tag-europe","13":"tag-fr","14":"tag-france","15":"tag-lyon","16":"tag-news","17":"tag-prefecture-du-rhone","18":"tag-republique-francaise","19":"tag-restaurant","20":"tag-societe"},"share_on_mastodon":{"url":"https:\/\/pubeurope.com\/@fr\/114663826863307700","error":""},"_links":{"self":[{"href":"https:\/\/www.europesays.com\/fr\/wp-json\/wp\/v2\/posts\/167746","targetHints":{"allow":["GET"]}}],"collection":[{"href":"https:\/\/www.europesays.com\/fr\/wp-json\/wp\/v2\/posts"}],"about":[{"href":"https:\/\/www.europesays.com\/fr\/wp-json\/wp\/v2\/types\/post"}],"author":[{"embeddable":true,"href":"https:\/\/www.europesays.com\/fr\/wp-json\/wp\/v2\/users\/2"}],"replies":[{"embeddable":true,"href":"https:\/\/www.europesays.com\/fr\/wp-json\/wp\/v2\/comments?post=167746"}],"version-history":[{"count":0,"href":"https:\/\/www.europesays.com\/fr\/wp-json\/wp\/v2\/posts\/167746\/revisions"}],"wp:featuredmedia":[{"embeddable":true,"href":"https:\/\/www.europesays.com\/fr\/wp-json\/wp\/v2\/media\/167747"}],"wp:attachment":[{"href":"https:\/\/www.europesays.com\/fr\/wp-json\/wp\/v2\/media?parent=167746"}],"wp:term":[{"taxonomy":"category","embeddable":true,"href":"https:\/\/www.europesays.com\/fr\/wp-json\/wp\/v2\/categories?post=167746"},{"taxonomy":"post_tag","embeddable":true,"href":"https:\/\/www.europesays.com\/fr\/wp-json\/wp\/v2\/tags?post=167746"}],"curies":[{"name":"wp","href":"https:\/\/api.w.org\/{rel}","templated":true}]}}