{"id":167764,"date":"2025-06-11T08:46:09","date_gmt":"2025-06-11T08:46:09","guid":{"rendered":"https:\/\/www.europesays.com\/fr\/167764\/"},"modified":"2025-06-11T08:46:09","modified_gmt":"2025-06-11T08:46:09","slug":"les-etats-unis-levent-linterdiction-du-vol-supersonique-au-dessus-des-terres","status":"publish","type":"post","link":"https:\/\/www.europesays.com\/fr\/167764\/","title":{"rendered":"Les \u00c9tats-Unis l\u00e8vent l&rsquo;interdiction du vol supersonique au-dessus des terres"},"content":{"rendered":"<p>Donald Trump a sign\u00e9 un d\u00e9cret le 6 juin 2025 visant \u00e0 lever l&rsquo;interdiction du vol supersonique au-dessus des terres aux \u00c9tats-Unis. Applicable \u00e0 compter de septembre 2025, la FAA aura ensuite 18 mois pour proposer une loi d\u00e9finitive et permanente.<\/p>\n<p>La Maison Blanche veut r\u00e9tablir les \u00c9tats-Unis comme leader incontest\u00e9 du vol commercial supersonique. En signant ce nouveau d\u00e9cret, Donald Trump l\u00e8ve une interdiction datant de 52 ans. <\/p>\n<p>L\u2019interdiction de voler en supersonique au-dessus des terres sera lev\u00e9e dans le cadre d\u2019une r\u00e9glementation provisoire en septembre 2025. La FAA, le r\u00e9gulateur de l\u2019aviation civile aux \u00c9tats-Unis, disposera ensuite de 18 mois pour r\u00e9diger une proposition de r\u00e9glementation codifiant cette interdiction de mani\u00e8re&#8230;<\/p>\n","protected":false},"excerpt":{"rendered":"Donald Trump a sign\u00e9 un d\u00e9cret le 6 juin 2025 visant \u00e0 lever l&rsquo;interdiction du vol supersonique au-dessus&hellip;\n","protected":false},"author":2,"featured_media":167765,"comment_status":"","ping_status":"","sticky":false,"template":"","format":"standard","meta":{"footnotes":""},"categories":[1589],"tags":[11,30114,30115,73,1866,30116,12,8088,467,1864,1865,1863,308],"class_list":{"0":"post-167764","1":"post","2":"type-post","3":"status-publish","4":"format-standard","5":"has-post-thumbnail","7":"category-etats-unis","8":"tag-actualites","9":"tag-avion-supersonique","10":"tag-boom","11":"tag-etats-unis","12":"tag-etats-unis-damerique","13":"tag-faa","14":"tag-news","15":"tag-reglementation","16":"tag-trump","17":"tag-united-states","18":"tag-united-states-of-america","19":"tag-us","20":"tag-usa"},"share_on_mastodon":{"url":"https:\/\/pubeurope.com\/@fr\/114663862997350051","error":""},"_links":{"self":[{"href":"https:\/\/www.europesays.com\/fr\/wp-json\/wp\/v2\/posts\/167764","targetHints":{"allow":["GET"]}}],"collection":[{"href":"https:\/\/www.europesays.com\/fr\/wp-json\/wp\/v2\/posts"}],"about":[{"href":"https:\/\/www.europesays.com\/fr\/wp-json\/wp\/v2\/types\/post"}],"author":[{"embeddable":true,"href":"https:\/\/www.europesays.com\/fr\/wp-json\/wp\/v2\/users\/2"}],"replies":[{"embeddable":true,"href":"https:\/\/www.europesays.com\/fr\/wp-json\/wp\/v2\/comments?post=167764"}],"version-history":[{"count":0,"href":"https:\/\/www.europesays.com\/fr\/wp-json\/wp\/v2\/posts\/167764\/revisions"}],"wp:featuredmedia":[{"embeddable":true,"href":"https:\/\/www.europesays.com\/fr\/wp-json\/wp\/v2\/media\/167765"}],"wp:attachment":[{"href":"https:\/\/www.europesays.com\/fr\/wp-json\/wp\/v2\/media?parent=167764"}],"wp:term":[{"taxonomy":"category","embeddable":true,"href":"https:\/\/www.europesays.com\/fr\/wp-json\/wp\/v2\/categories?post=167764"},{"taxonomy":"post_tag","embeddable":true,"href":"https:\/\/www.europesays.com\/fr\/wp-json\/wp\/v2\/tags?post=167764"}],"curies":[{"name":"wp","href":"https:\/\/api.w.org\/{rel}","templated":true}]}}