{"id":167768,"date":"2025-06-11T08:48:10","date_gmt":"2025-06-11T08:48:10","guid":{"rendered":"https:\/\/www.europesays.com\/fr\/167768\/"},"modified":"2025-06-11T08:48:10","modified_gmt":"2025-06-11T08:48:10","slug":"lazerbaidjan-signe-un-contrat-gazier-de-10-ans-avec-lallemagne","status":"publish","type":"post","link":"https:\/\/www.europesays.com\/fr\/167768\/","title":{"rendered":"L\u2019Azerba\u00efdjan signe un contrat gazier de 10 ans avec l\u2019Allemagne"},"content":{"rendered":"<p data-start=\"168\" data-end=\"435\">La compagnie p\u00e9troli\u00e8re et gazi\u00e8re nationale d\u2019Azerba\u00efdjan, SOCAR, aurait conclu un contrat de dix ans pour livrer du gaz naturel \u00e0 l\u2019Allemagne. Selon l\u2019agence d\u2019\u00c9tat Azertac, l\u2019accord a \u00e9t\u00e9 scell\u00e9 avec la soci\u00e9t\u00e9 publique allemande Securing Energy for Europe (SEFE).<\/p>\n<p data-start=\"437\" data-end=\"601\">Ce partenariat pr\u00e9voit que SOCAR fournisse du gaz \u00e0 SEFE en Europe, avec des volumes croissants chaque ann\u00e9e, jusqu\u2019\u00e0 atteindre 1,5 milliard de m\u00e8tres cubes par an.<\/p>\n<p data-start=\"603\" data-end=\"940\">D\u2019apr\u00e8s Azertac, l\u2019accord favorisera les investissements dans la production et les infrastructures, notamment les stations de compression, afin d\u2019acheminer davantage de gaz par pipeline vers l\u2019Europe et de \u00ab contribuer \u00e0 la s\u00e9curit\u00e9 \u00e9nerg\u00e9tique du continent \u00bb. SEFE, dans un communiqu\u00e9, a pr\u00e9cis\u00e9 que les livraisons d\u00e9buteraient en 2025.<\/p>\n<p data-start=\"942\" data-end=\"1091\">Le PDG de SEFE, Egbert Laege, a salu\u00e9 l\u2019accord, qu\u2019il consid\u00e8re comme \u00ab une preuve de la solidit\u00e9 des relations entre l\u2019Allemagne et l\u2019Azerba\u00efdjan \u00bb. \u00ab Ce partenariat ouvre une nouvelle voie pour livrer des volumes significatifs de gaz \u00e0 l\u2019Europe, diversifiant notre portefeuille et renfor\u00e7ant l\u2019approvisionnement de nos clients \u00bb, a-t-il d\u00e9clar\u00e9.<\/p>\n<p data-start=\"1292\" data-end=\"1446\">SEFE, selon son site officiel, est une entreprise internationale d\u00e9tenue par le gouvernement f\u00e9d\u00e9ral allemand. Elle fournit de l\u2019\u00e9nergie \u00e0 50 000 clients.<\/p>\n<p data-start=\"1448\" data-end=\"1613\">Le pr\u00e9sident de SOCAR, Rovshan Najaf, a lui aussi salu\u00e9 l\u2019accord, le d\u00e9crivant comme un levier de diversification \u00e9nerg\u00e9tique et de croissance durable pour l\u2019Europe.<\/p>\n<p data-start=\"1615\" data-end=\"1854\">L\u2019analyste \u00e9nerg\u00e9tique Ilham Shaban, interrog\u00e9 par OC Media, estime que l\u2019accord marque une avanc\u00e9e strat\u00e9gique : \u00ab Depuis le projet Shah Deniz-2, aucun contrat gazier \u00e0 long terme n\u2019avait \u00e9t\u00e9 sign\u00e9 avec des pays ou soci\u00e9t\u00e9s europ\u00e9ennes. \u00bb<\/p>\n<p data-start=\"1856\" data-end=\"2055\">\u00ab Cet accord avec SEFE, propri\u00e9t\u00e9 de l\u2019\u00c9tat allemand, montre que l\u2019Allemagne reconna\u00eet l\u2019Azerba\u00efdjan comme un fournisseur stable de ressources \u00e9nerg\u00e9tiques et fait confiance \u00e0 SOCAR \u00bb, a-t-il ajout\u00e9.<\/p>\n<p data-start=\"2057\" data-end=\"2242\">Cependant, il nuance : \u00ab M\u00eame si les deux entreprises parlent de livraisons par gazoduc, cela ne signifie pas n\u00e9cessairement que le gaz atteindra directement l\u2019Allemagne par ce moyen. \u00bb<\/p>\n<p data-start=\"2244\" data-end=\"2399\">Selon lui, SEFE pourrait acheter du gaz azerba\u00efdjanais, le convertir en \u00e9lectricit\u00e9 dans ses installations europ\u00e9ennes et alimenter ses clients en \u00e9nergie.<\/p>\n<p data-start=\"2401\" data-end=\"2778\">En septembre 2024, Bloomberg rapportait que SEFE, avant sa privatisation pr\u00e9vue d\u2019ici fin 2028, cherchait \u00e0 \u00e9largir ses sources d\u2019approvisionnement. Cr\u00e9\u00e9e en 2022 apr\u00e8s l\u2019invasion de l\u2019Ukraine, SEFE a \u00e9t\u00e9 nationalis\u00e9e par Berlin \u00e0 partir des actifs allemands de Gazprom PJSC. Elle dessert surtout des clients industriels et contr\u00f4le pr\u00e8s d\u2019un huiti\u00e8me du march\u00e9 ouest-europ\u00e9en.<\/p>\n<p data-start=\"2780\" data-end=\"2963\">Depuis le conflit ukrainien, l\u2019Azerba\u00efdjan est per\u00e7u comme une alternative \u00e9nerg\u00e9tique. Pourtant, certains accusent Moscou d\u2019acheminer son gaz via Bakou pour contourner les sanctions.<\/p>\n<p data-start=\"2965\" data-end=\"3154\">L\u2019Union europ\u00e9enne, quant \u00e0 elle, est critiqu\u00e9e pour ses liens \u00e9troits avec Bakou, en d\u00e9pit des atteintes aux droits de l\u2019homme et de la r\u00e9pression contre les voix dissidentes dans le pays.<\/p>\n<p>\u00a0<\/p>\n<p>\u00a0<\/p>\n","protected":false},"excerpt":{"rendered":"La compagnie p\u00e9troli\u00e8re et gazi\u00e8re nationale d\u2019Azerba\u00efdjan, SOCAR, aurait conclu un contrat de dix ans pour livrer du&hellip;\n","protected":false},"author":2,"featured_media":167769,"comment_status":"","ping_status":"","sticky":false,"template":"","format":"standard","meta":{"footnotes":""},"categories":[1587],"tags":[11,672,15149,1804,1805,1803,1777,674,1801,12,1802],"class_list":{"0":"post-167768","1":"post","2":"type-post","3":"status-publish","4":"format-standard","5":"has-post-thumbnail","7":"category-allemagne","8":"tag-actualites","9":"tag-allemagne","10":"tag-azerbaidjan","11":"tag-bundesrepublik-deutschland","12":"tag-de","13":"tag-deutschland","14":"tag-eu","15":"tag-europe","16":"tag-germany","17":"tag-news","18":"tag-republique-federale-dallemagne"},"share_on_mastodon":{"url":"","error":""},"_links":{"self":[{"href":"https:\/\/www.europesays.com\/fr\/wp-json\/wp\/v2\/posts\/167768","targetHints":{"allow":["GET"]}}],"collection":[{"href":"https:\/\/www.europesays.com\/fr\/wp-json\/wp\/v2\/posts"}],"about":[{"href":"https:\/\/www.europesays.com\/fr\/wp-json\/wp\/v2\/types\/post"}],"author":[{"embeddable":true,"href":"https:\/\/www.europesays.com\/fr\/wp-json\/wp\/v2\/users\/2"}],"replies":[{"embeddable":true,"href":"https:\/\/www.europesays.com\/fr\/wp-json\/wp\/v2\/comments?post=167768"}],"version-history":[{"count":0,"href":"https:\/\/www.europesays.com\/fr\/wp-json\/wp\/v2\/posts\/167768\/revisions"}],"wp:featuredmedia":[{"embeddable":true,"href":"https:\/\/www.europesays.com\/fr\/wp-json\/wp\/v2\/media\/167769"}],"wp:attachment":[{"href":"https:\/\/www.europesays.com\/fr\/wp-json\/wp\/v2\/media?parent=167768"}],"wp:term":[{"taxonomy":"category","embeddable":true,"href":"https:\/\/www.europesays.com\/fr\/wp-json\/wp\/v2\/categories?post=167768"},{"taxonomy":"post_tag","embeddable":true,"href":"https:\/\/www.europesays.com\/fr\/wp-json\/wp\/v2\/tags?post=167768"}],"curies":[{"name":"wp","href":"https:\/\/api.w.org\/{rel}","templated":true}]}}