{"id":167770,"date":"2025-06-11T08:49:09","date_gmt":"2025-06-11T08:49:09","guid":{"rendered":"https:\/\/www.europesays.com\/fr\/167770\/"},"modified":"2025-06-11T08:49:09","modified_gmt":"2025-06-11T08:49:09","slug":"interdiction-des-reseaux-sociaux-aux-jeunes-sans-consensus-europeen-la-france-montrera-la-voie-selon-le-ministre-de-leurope","status":"publish","type":"post","link":"https:\/\/www.europesays.com\/fr\/167770\/","title":{"rendered":"Interdiction des r\u00e9seaux sociaux aux jeunes\u00a0: sans consensus europ\u00e9en, la France \u00ab\u00a0montrera la voie\u00a0\u00bb, selon le ministre de l\u2019Europe"},"content":{"rendered":"<p>Apr\u00e8s l\u2019assassinat d\u2019une surveillante par un coll\u00e9gien de 14 ans en Haute-Marne, Benjamin Haddad s\u2019est dit \u00ab\u00a0choqu\u00e9\u00a0\u00bb par un \u00ab\u00a0d\u00e9ferlement de violence chez une partie de la jeunesse.\u00a0\u00bb Le ministre d\u00e9l\u00e9gu\u00e9 charg\u00e9 de l\u2019Europe a d\u00e9fendu une \u00ab\u00a0r\u00e9ponse extr\u00eamement ferme\u00a0\u00bb \u00e0 cette \u00ab\u00a0am\u00e9ricanisation de la soci\u00e9t\u00e9\u00a0\u00bb, sur l\u2019interdiction de la vente d\u2019armes blanches aux mineurs notamment.<\/p>\n<p>\u00ab\u00a0L\u2019interdiction des r\u00e9seaux sociaux aux moins de 15 ans doit \u00eatre port\u00e9e au niveau europ\u00e9en\u00a0\u00bb<\/p>\n<p>\u00ab\u00a0Le Pr\u00e9sident de la R\u00e9publique a eu raison d\u2019invoquer la question des r\u00e9seaux sociaux\u00a0\u00bb, a ajout\u00e9 Benjamin Haddad, qui en fait aussi \u00ab\u00a0une question de sant\u00e9 mentale pour les plus jeunes.\u00a0\u00bb \u00ab\u00a0Vu les ph\u00e9nom\u00e8nes d\u00e9pressifs et d\u2019isolement, l\u2019interdiction des r\u00e9seaux sociaux aux moins de 15 ans doit \u00eatre port\u00e9e au niveau europ\u00e9en\u00a0\u00bb, a estim\u00e9 le ministre d\u00e9l\u00e9gu\u00e9 charg\u00e9 de l\u2019Europe, qui rappelle que l\u2019Union europ\u00e9enne \u00ab\u00a0a des outils\u00a0: \u00ab\u00a0Le Digital Service Act [DSA] permet de mettre plus de pression aux plateformes pour r\u00e9guler. Il va falloir aller plus loin et pr\u00e9server nos enfants de ce fl\u00e9au.\u00a0\u00bb<\/p>\n<p>D\u2019apr\u00e8s Benjamin Haddad, \u00ab\u00a0on aurait une r\u00e9ponse plus efficace si on pouvait le porter au niveau europ\u00e9en\u00a0: se mettre d\u2019accord \u00e0 27 c\u2019est mettre une plus grande pression aux plateformes.\u00a0\u00bb Le ministre d\u00e9l\u00e9gu\u00e9 charg\u00e9 de l\u2019Europe veut croire dans la \u00ab\u00a0prise de conscience\u00a0\u00bb des Etats-membres sur le sujet. \u00ab\u00a0Ce sont des sujets nouveaux, c\u2019est normal que les lignes bougent\u00a0\u00bb a-t-il ajout\u00e9. Et d\u2019ajouter\u00a0: \u00ab\u00a0Si un consensus ne se d\u00e9gage pas, la France montrera la voie dans les prochains mois.\u00a0\u00bb<\/p>\n","protected":false},"excerpt":{"rendered":"Apr\u00e8s l\u2019assassinat d\u2019une surveillante par un coll\u00e9gien de 14 ans en Haute-Marne, Benjamin Haddad s\u2019est dit \u00ab\u00a0choqu\u00e9\u00a0\u00bb par&hellip;\n","protected":false},"author":2,"featured_media":167771,"comment_status":"","ping_status":"","sticky":false,"template":"","format":"standard","meta":{"footnotes":""},"categories":[1586],"tags":[11,1777,674,1011,27,12,25,938],"class_list":{"0":"post-167770","1":"post","2":"type-post","3":"status-publish","4":"format-standard","5":"has-post-thumbnail","7":"category-europe","8":"tag-actualites","9":"tag-eu","10":"tag-europe","11":"tag-fr","12":"tag-france","13":"tag-news","14":"tag-republique-francaise","15":"tag-reseaux-sociaux"},"share_on_mastodon":{"url":"https:\/\/pubeurope.com\/@fr\/114663873831543014","error":""},"_links":{"self":[{"href":"https:\/\/www.europesays.com\/fr\/wp-json\/wp\/v2\/posts\/167770","targetHints":{"allow":["GET"]}}],"collection":[{"href":"https:\/\/www.europesays.com\/fr\/wp-json\/wp\/v2\/posts"}],"about":[{"href":"https:\/\/www.europesays.com\/fr\/wp-json\/wp\/v2\/types\/post"}],"author":[{"embeddable":true,"href":"https:\/\/www.europesays.com\/fr\/wp-json\/wp\/v2\/users\/2"}],"replies":[{"embeddable":true,"href":"https:\/\/www.europesays.com\/fr\/wp-json\/wp\/v2\/comments?post=167770"}],"version-history":[{"count":0,"href":"https:\/\/www.europesays.com\/fr\/wp-json\/wp\/v2\/posts\/167770\/revisions"}],"wp:featuredmedia":[{"embeddable":true,"href":"https:\/\/www.europesays.com\/fr\/wp-json\/wp\/v2\/media\/167771"}],"wp:attachment":[{"href":"https:\/\/www.europesays.com\/fr\/wp-json\/wp\/v2\/media?parent=167770"}],"wp:term":[{"taxonomy":"category","embeddable":true,"href":"https:\/\/www.europesays.com\/fr\/wp-json\/wp\/v2\/categories?post=167770"},{"taxonomy":"post_tag","embeddable":true,"href":"https:\/\/www.europesays.com\/fr\/wp-json\/wp\/v2\/tags?post=167770"}],"curies":[{"name":"wp","href":"https:\/\/api.w.org\/{rel}","templated":true}]}}