{"id":167784,"date":"2025-06-11T08:59:08","date_gmt":"2025-06-11T08:59:08","guid":{"rendered":"https:\/\/www.europesays.com\/fr\/167784\/"},"modified":"2025-06-11T08:59:08","modified_gmt":"2025-06-11T08:59:08","slug":"aldeguer-opere-du-syndrome-des-loges","status":"publish","type":"post","link":"https:\/\/www.europesays.com\/fr\/167784\/","title":{"rendered":"Aldeguer op\u00e9r\u00e9 du syndrome des loges"},"content":{"rendered":"<p>Ferm\u00edn Aldeguer (BK8 Gresini Racing MotoGP\u2122) a \u00e9t\u00e9 op\u00e9r\u00e9 d&rsquo;un syndrome des loges apr\u00e8s un nouveau week-end de travail en Aragon.<\/p>\n<p>Gresini a donn\u00e9 des nouvelles de son pilote mardi apr\u00e8s-midi sur les r\u00e9seaux sociaux. Sur cette publication, on y voit l&rsquo;homme aux deux podiums en Tissot Sprint tout sourire apr\u00e8s un \u00ab examen m\u00e9dical rapide \u00bb.<\/p>\n<p>Ferm\u00edn Aldeguer devrait \u00eatre apte \u00e0 rouler au Mugello dans moins de deux semaines \u00e0 l&rsquo;occasion du GP national de Gresini. Le rookie tentera d&rsquo;y d\u00e9crocher un nouveau podium et de continuer sa belle entame de saison en MotoGP\u2122.<\/p>\n","protected":false},"excerpt":{"rendered":"Ferm\u00edn Aldeguer (BK8 Gresini Racing MotoGP\u2122) a \u00e9t\u00e9 op\u00e9r\u00e9 d&rsquo;un syndrome des loges apr\u00e8s un nouveau week-end de&hellip;\n","protected":false},"author":2,"featured_media":167785,"comment_status":"","ping_status":"","sticky":false,"template":"","format":"standard","meta":{"footnotes":""},"categories":[1413],"tags":[1011,27,1457,1456,60,2032],"class_list":{"0":"post-167784","1":"post","2":"type-post","3":"status-publish","4":"format-standard","5":"has-post-thumbnail","7":"category-moto","8":"tag-fr","9":"tag-france","10":"tag-moto","11":"tag-motocycle","12":"tag-sports","13":"tag-text"},"share_on_mastodon":{"url":"https:\/\/pubeurope.com\/@fr\/114663913102096594","error":""},"_links":{"self":[{"href":"https:\/\/www.europesays.com\/fr\/wp-json\/wp\/v2\/posts\/167784","targetHints":{"allow":["GET"]}}],"collection":[{"href":"https:\/\/www.europesays.com\/fr\/wp-json\/wp\/v2\/posts"}],"about":[{"href":"https:\/\/www.europesays.com\/fr\/wp-json\/wp\/v2\/types\/post"}],"author":[{"embeddable":true,"href":"https:\/\/www.europesays.com\/fr\/wp-json\/wp\/v2\/users\/2"}],"replies":[{"embeddable":true,"href":"https:\/\/www.europesays.com\/fr\/wp-json\/wp\/v2\/comments?post=167784"}],"version-history":[{"count":0,"href":"https:\/\/www.europesays.com\/fr\/wp-json\/wp\/v2\/posts\/167784\/revisions"}],"wp:featuredmedia":[{"embeddable":true,"href":"https:\/\/www.europesays.com\/fr\/wp-json\/wp\/v2\/media\/167785"}],"wp:attachment":[{"href":"https:\/\/www.europesays.com\/fr\/wp-json\/wp\/v2\/media?parent=167784"}],"wp:term":[{"taxonomy":"category","embeddable":true,"href":"https:\/\/www.europesays.com\/fr\/wp-json\/wp\/v2\/categories?post=167784"},{"taxonomy":"post_tag","embeddable":true,"href":"https:\/\/www.europesays.com\/fr\/wp-json\/wp\/v2\/tags?post=167784"}],"curies":[{"name":"wp","href":"https:\/\/api.w.org\/{rel}","templated":true}]}}