{"id":167786,"date":"2025-06-11T09:00:10","date_gmt":"2025-06-11T09:00:10","guid":{"rendered":"https:\/\/www.europesays.com\/fr\/167786\/"},"modified":"2025-06-11T09:00:10","modified_gmt":"2025-06-11T09:00:10","slug":"max-verstappen-se-dit-impatient-de-voir-le-rythme-des-aston-martin-en-2026","status":"publish","type":"post","link":"https:\/\/www.europesays.com\/fr\/167786\/","title":{"rendered":"Max Verstappen se dit \u00ab\u00a0impatient\u00a0\u00bb de voir le rythme des Aston Martin en 2026"},"content":{"rendered":"<p>Max Verstappen s\u2019est montr\u00e9 curieux et enthousiaste \u00e0 l\u2019id\u00e9e de d\u00e9couvrir ce qu\u2019Aston Martin pourra accomplir en 2026, \u00e0 la faveur de l\u2019arriv\u00e9e d\u2019Adrian Newey.<\/p>\n<p>Le c\u00e9l\u00e8bre ing\u00e9nieur britannique, \u00e0 l\u2019origine de huit monoplaces championnes du monde chez Red Bull, dont celles pilot\u00e9es par Verstappen lors de ses quatre sacres, a rejoint Aston Martin apr\u00e8s avoir officialis\u00e9 son d\u00e9part de Milton Keynes il y a d\u00e9j\u00e0 plusieurs mois. Pr\u00e9sent dans le paddock aux c\u00f4t\u00e9s de sa nouvelle \u00e9quipe lors du Grand Prix de Monaco, Newey se consacre d\u2019ores et d\u00e9j\u00e0 au d\u00e9veloppement de la voiture destin\u00e9e \u00e0 r\u00e9pondre aux futurs r\u00e8glements techniques, attendus pour 2026.<\/p>\n<p>Interrog\u00e9 sur cette pr\u00e9sence remarqu\u00e9e, <a href=\"https:\/\/f1only.fr\/red-bull-hadjar-absence-verstappen\/\" target=\"_blank\" rel=\"noopener\">Verstappen<\/a> a confi\u00e9 que,\u00a0 \u00ab Le voir dans le garage me rappelle simplement comment c\u2019\u00e9tait lorsqu\u2019il \u00e9tait avec nous. Mais il ne fait plus partie de notre \u00e9quipe, donc cela ne sert \u00e0 rien d\u2019y penser. \u00bb<\/p>\n<p>Le quadruple champion du monde de F1 n\u2019a toutefois pas manqu\u00e9 de souligner son admiration pour l\u2019ing\u00e9nieur britannique :<\/p>\n<p>\u00ab J\u2019ai toujours \u00e9norm\u00e9ment de respect pour Adrian. C\u2019est une personne formidable, au-del\u00e0 de tous les succ\u00e8s qu\u2019il a connus avec nous. \u00bb<\/p>\n<p>\u00c0 l\u2019aube d\u2019un changement r\u00e9glementaire majeur en Formule 1, pr\u00e9vu pour 2026, les \u00e9quipes se pr\u00e9parent \u00e0 une redistribution des cartes. Connu pour sa capacit\u00e9 \u00e0 tirer parti de nouvelles r\u00e8gles techniques, <a href=\"https:\/\/f1only.fr\/f1-adrian-newey-verstappen-meilleur-voiture\/\" target=\"_blank\" rel=\"noopener\">Newey<\/a> repr\u00e9sente un atout strat\u00e9gique majeur pour Aston Martin. Un point que Verstappen reconna\u00eet volontiers, avouant suivre avec int\u00e9r\u00eat l\u2019\u00e9volution du projet de Silverstone.<\/p>\n<p>\u00ab Le voir en vert, bien s\u00fbr, c\u2019est un peu diff\u00e9rent, mais je suis heureux pour lui. J\u2019esp\u00e8re qu\u2019il est heureux \u00bb, a ajout\u00e9 Verstappen. \u00ab C\u2019est ce qui compte le plus au final. Et je suis s\u00fbr qu\u2019il contribuera \u00e0 leur succ\u00e8s. Je suis impatient de voir ce qu\u2019ils pourront faire l\u2019ann\u00e9e prochaine, quand il sera enfin pleinement impliqu\u00e9. \u00bb<\/p>\n","protected":false},"excerpt":{"rendered":"Max Verstappen s\u2019est montr\u00e9 curieux et enthousiaste \u00e0 l\u2019id\u00e9e de d\u00e9couvrir ce qu\u2019Aston Martin pourra accomplir en 2026,&hellip;\n","protected":false},"author":2,"featured_media":107567,"comment_status":"","ping_status":"","sticky":false,"template":"","format":"standard","meta":{"footnotes":""},"categories":[1412],"tags":[5080,5081,1709,1451,5083,5084,5085,5086,5087,5088,1452,1453,1454,1455,1011,27,2236,5089,5090,2255,60,5091,3030],"class_list":{"0":"post-167786","1":"post","2":"type-post","3":"status-publish","4":"format-standard","5":"has-post-thumbnail","7":"category-f1","8":"tag-actualites-f1","9":"tag-actuf1","10":"tag-aston-martin","11":"tag-f1","12":"tag-f1-actu","13":"tag-f1-direct","14":"tag-f1-live","15":"tag-f1-news","16":"tag-f1news","17":"tag-fia","18":"tag-formula-1","19":"tag-formula1","20":"tag-formule-1","21":"tag-formule1","22":"tag-fr","23":"tag-france","24":"tag-max-verstappen","25":"tag-news-f1","26":"tag-newsf1","27":"tag-red-bull","28":"tag-sports","29":"tag-tip","30":"tag-top"},"share_on_mastodon":{"url":"https:\/\/pubeurope.com\/@fr\/114663917044893761","error":""},"_links":{"self":[{"href":"https:\/\/www.europesays.com\/fr\/wp-json\/wp\/v2\/posts\/167786","targetHints":{"allow":["GET"]}}],"collection":[{"href":"https:\/\/www.europesays.com\/fr\/wp-json\/wp\/v2\/posts"}],"about":[{"href":"https:\/\/www.europesays.com\/fr\/wp-json\/wp\/v2\/types\/post"}],"author":[{"embeddable":true,"href":"https:\/\/www.europesays.com\/fr\/wp-json\/wp\/v2\/users\/2"}],"replies":[{"embeddable":true,"href":"https:\/\/www.europesays.com\/fr\/wp-json\/wp\/v2\/comments?post=167786"}],"version-history":[{"count":0,"href":"https:\/\/www.europesays.com\/fr\/wp-json\/wp\/v2\/posts\/167786\/revisions"}],"wp:featuredmedia":[{"embeddable":true,"href":"https:\/\/www.europesays.com\/fr\/wp-json\/wp\/v2\/media\/107567"}],"wp:attachment":[{"href":"https:\/\/www.europesays.com\/fr\/wp-json\/wp\/v2\/media?parent=167786"}],"wp:term":[{"taxonomy":"category","embeddable":true,"href":"https:\/\/www.europesays.com\/fr\/wp-json\/wp\/v2\/categories?post=167786"},{"taxonomy":"post_tag","embeddable":true,"href":"https:\/\/www.europesays.com\/fr\/wp-json\/wp\/v2\/tags?post=167786"}],"curies":[{"name":"wp","href":"https:\/\/api.w.org\/{rel}","templated":true}]}}