{"id":167789,"date":"2025-06-11T09:02:08","date_gmt":"2025-06-11T09:02:08","guid":{"rendered":"https:\/\/www.europesays.com\/fr\/167789\/"},"modified":"2025-06-11T09:02:08","modified_gmt":"2025-06-11T09:02:08","slug":"psg-la-nouvelle-sortie-dal-khelaifi-sur-kylian-mbappe-cette-annee-sans-lui","status":"publish","type":"post","link":"https:\/\/www.europesays.com\/fr\/167789\/","title":{"rendered":"PSG &#8211; La nouvelle sortie d\u2019Al-Khela\u00effi sur Kylian Mbapp\u00e9 : \u00ab\u00a0Cette ann\u00e9e sans lui&#8230;\u00a0\u00bb"},"content":{"rendered":"<p data-testid=\"article-teaser\">Une victoire, un d\u00e9part, un avenir incertain : Nasser Al-Khela\u00effi s\u2019est confi\u00e9 sans filtre dans une rare interview donn\u00e9e en France.<\/p>\n<p>Alors que <a href=\"https:\/\/www.goal.com\/fr\/listes\/desire-doue-etincelant-un-psg-hyper-realiste-ecrase-l-inter-milan-et-monte-sur-le-toit-de-l-europe-5-0\/blt2bc539db22142d1a\" target=\"_self\" rel=\"nofollow noopener\">le PSG vient d\u2019entrer dans l\u2019histoire en d\u00e9crochant sa premi\u00e8re Ligue des champions<\/a>, son pr\u00e9sident a fait une apparition remarqu\u00e9e \u00e0 la t\u00e9l\u00e9vision fran\u00e7aise. Nasser Al-Khela\u00effi, rarement aussi disponible, a livr\u00e9 ses sentiments \u00e0 chaud, entre gratitude, fiert\u00e9 et \u00e9motions personnelles.<\/p>\n<p>L&rsquo;article continue ci-dessous<\/p>\n","protected":false},"excerpt":{"rendered":"Une victoire, un d\u00e9part, un avenir incertain : Nasser Al-Khela\u00effi s\u2019est confi\u00e9 sans filtre dans une rare interview&hellip;\n","protected":false},"author":2,"featured_media":95711,"comment_status":"","ping_status":"","sticky":false,"template":"","format":"standard","meta":{"footnotes":""},"categories":[1410],"tags":[448,63,1011,27,28967,6477,19317,66,447,91,4790,60],"class_list":{"0":"post-167789","1":"post","2":"type-post","3":"status-publish","4":"format-standard","5":"has-post-thumbnail","7":"category-football","8":"tag-champions-league","9":"tag-football","10":"tag-fr","11":"tag-france","12":"tag-k-mbappe","13":"tag-kylian-mbappe","14":"tag-laliga","15":"tag-ligue-1","16":"tag-ligue-des-champions","17":"tag-paris-saint-germain","18":"tag-real-madrid","19":"tag-sports"},"share_on_mastodon":{"url":"https:\/\/pubeurope.com\/@fr\/114663924920762130","error":""},"_links":{"self":[{"href":"https:\/\/www.europesays.com\/fr\/wp-json\/wp\/v2\/posts\/167789","targetHints":{"allow":["GET"]}}],"collection":[{"href":"https:\/\/www.europesays.com\/fr\/wp-json\/wp\/v2\/posts"}],"about":[{"href":"https:\/\/www.europesays.com\/fr\/wp-json\/wp\/v2\/types\/post"}],"author":[{"embeddable":true,"href":"https:\/\/www.europesays.com\/fr\/wp-json\/wp\/v2\/users\/2"}],"replies":[{"embeddable":true,"href":"https:\/\/www.europesays.com\/fr\/wp-json\/wp\/v2\/comments?post=167789"}],"version-history":[{"count":0,"href":"https:\/\/www.europesays.com\/fr\/wp-json\/wp\/v2\/posts\/167789\/revisions"}],"wp:featuredmedia":[{"embeddable":true,"href":"https:\/\/www.europesays.com\/fr\/wp-json\/wp\/v2\/media\/95711"}],"wp:attachment":[{"href":"https:\/\/www.europesays.com\/fr\/wp-json\/wp\/v2\/media?parent=167789"}],"wp:term":[{"taxonomy":"category","embeddable":true,"href":"https:\/\/www.europesays.com\/fr\/wp-json\/wp\/v2\/categories?post=167789"},{"taxonomy":"post_tag","embeddable":true,"href":"https:\/\/www.europesays.com\/fr\/wp-json\/wp\/v2\/tags?post=167789"}],"curies":[{"name":"wp","href":"https:\/\/api.w.org\/{rel}","templated":true}]}}