{"id":167790,"date":"2025-06-11T09:03:10","date_gmt":"2025-06-11T09:03:10","guid":{"rendered":"https:\/\/www.europesays.com\/fr\/167790\/"},"modified":"2025-06-11T09:03:10","modified_gmt":"2025-06-11T09:03:10","slug":"sans-filtre-pierre-niney-se-lache-en-evoquant-ses-ex-compagnes-pas-la-plus-jolie","status":"publish","type":"post","link":"https:\/\/www.europesays.com\/fr\/167790\/","title":{"rendered":"Sans filtre, Pierre Niney se l\u00e2che en \u00e9voquant ses ex-compagnes : \u00ab\u00a0Pas la plus jolie\u00a0\u00bb"},"content":{"rendered":"<p>On ne le pr\u00e9sente plus. Depuis plusieurs ann\u00e9es maintenant,<br \/>\nPierre Niney est consid\u00e9r\u00e9 comme l\u2019un des acteurs pr\u00e9f\u00e9r\u00e9s des<br \/>\nFran\u00e7ais et l\u2019un des plus en vogue. Bo\u00eete noire, Un<br \/>\nhomme id\u00e9al, 20 ans d\u2019\u00e9cart, Yves Saint<br \/>\nLaurent, Sauver ou p\u00e9rir, La Promesse de<br \/>\nl\u2019aube, Le Comte de Monte-Cristo\u2026 impossible de<br \/>\npasser \u00e0 c\u00f4t\u00e9 du com\u00e9dien tant ses p\u00e9pites cin\u00e9matographiques sont<br \/>\nnombreuses. Si tout roule c\u00f4t\u00e9 pro, sachez qu\u2019il en est de m\u00eame<br \/>\nc\u00f4t\u00e9 vie perso. Voil\u00e0 plusieurs ann\u00e9es que ce dernier file le<br \/>\nparfait amour avec Natasha Andrews. Ensemble, le couple a m\u00eame<br \/>\naccueilli deux petites filles.<\/p>\n<p>Pierre Niney \u00e9voque comme rarement son \u00e9pouse<\/p>\n<p>Tr\u00e8s discret lorsqu\u2019il s\u2019agit de son \u00e9pouse, Pierre Niney s\u2019est<br \/>\npourtant <strong>laiss\u00e9 aller \u00e0 quelques confidences<\/strong> sur<br \/>\nle plateau de Quotidien un peu plus t\u00f4t cette ann\u00e9e. Questionn\u00e9 sur<br \/>\n<strong>son \u00e9ventuelle envie de faire carri\u00e8re aux<br \/>\nEtats-Unis<\/strong>, celui qui a eu <a href=\"https:\/\/www.melty.fr\/people\/furax-pierre-niney-interpelle-jonathan-cohen-mes-avocats-vont-prendre-attache-avec-les-tiens-2241112.html\" target=\"_blank\" rel=\"noopener\"><br \/>\nun vif accrochage avec Jonathan Cohen<\/a> s\u2019est d\u2019abord permis de<br \/>\ntacler gentiment Yann Barth\u00e8s : <strong>\u00ab\u00a0Si je parle anglais<br \/>\naussi bien que vous, c\u2019est mort\u00a0\u00bb<\/strong>.<\/p>\n<p>Pierre Niney s\u2019est ensuite livr\u00e9 <strong>avec humour sur sa<br \/>\ncompagne Natasha Andrews<\/strong> : \u00ab\u00a0J\u2019ai pris de l\u2019avance en<br \/>\nprenant une femme australienne, \u00e7a m\u2019a permis de gagner quelques<br \/>\nann\u00e9es sur le coaching, a-t-il soulign\u00e9 avec le sourire.<br \/>\n<strong>Les engueulades en anglais, \u00e7a vous fait faire des<br \/>\nprogr\u00e8s<\/strong> parce que tu cherches vraiment ce que tu veux<br \/>\ndire. Avoir du vocabulaire dans les engueulades, je vous le<br \/>\nconseille, c\u2019est important. <strong>J\u2019ai eu la chance d\u2019apprendre<br \/>\ncette langue avec le c\u0153ur\u00a0\u00bb<\/strong>.<\/p>\n<p>Ce \u00ab\u00a0d\u00e9faut\u00a0\u00bb point\u00e9 du doigt par ses ex-compagnes<\/p>\n<p>Evidemment, avant de filer le parfait amour avec Natasha<br \/>\nAndrews, <strong>Pierre Niney a connu d\u2019autres femmes<\/strong>. Des<br \/>\nanciennes relations abord\u00e9es lors de sa venue sur Canal + en 2021<br \/>\ndans le cadre de la promotion du film Amants. Invit\u00e9 de La<br \/>\nBo\u00eete \u00e0 questions, le com\u00e9dien est revenu sans d\u00e9tour sur<br \/>\n<strong>ce d\u00e9tail que ses ex-compagnes d\u00e9testaient chez<br \/>\nlui<\/strong>.<\/p>\n<p>Si Pierre Niney a certainement quelques d\u00e9fauts, <strong>la<br \/>\njalousie n\u2019en est pas un<\/strong>. Pour preuve, le pourcentage<br \/>\ntournerait <strong>\u00ab\u00a0autour de 0%, 1% grand<br \/>\nmaximum\u00a0\u00bb<\/strong>. Une v\u00e9ritable qualit\u00e9 qui a pourtant<br \/>\n\u00ab\u00a0\u00e9nerv\u00e9\u00a0\u00bb les femmes qui ont partag\u00e9 sa vie. Et pour cause,<br \/>\ncertaines personnes per\u00e7oivent <strong>la jalousie comme une preuve<br \/>\nd\u2019attachement<\/strong>. Une fa\u00e7on de voir les choses avec laquelle<br \/>\nPierre Niney n\u2019est pas d\u2019accord. <strong>\u00ab\u00a0Je trouve que ce<br \/>\nn\u2019est pas la meilleure mani\u00e8re de prouver son amour. Ce n\u2019est pas<br \/>\nla plus jolie\u00a0\u00bb<\/strong>, avait-il estim\u00e9. Voil\u00e0 qui a le<br \/>\nm\u00e9rite d\u2019\u00eatre clair.<\/p>\n<p>Pierre Niney au c\u0153ur d\u2019une r\u00e9cente<br \/>\npol\u00e9mique<\/p>\n<p>Aujourd\u2019hui pourtant, c\u2019est pour <strong>une autre raison que<br \/>\nPierre Niney fait parler de lui<\/strong>. Pr\u00e9sent \u00e0 Roland-Garros<br \/>\nce dimanche 8 juin pour assister \u00e0 <strong>la grande finale<br \/>\nopposant Carlos Alcaraz \u00e0 Jannik Sinner<\/strong>, l\u2019acteur de 36<br \/>\nans s\u2019est <strong>longuement absent\u00e9 des tribunes<\/strong>. Ce<br \/>\ndernier a \u00e9galement \u00e9t\u00e9 aper\u00e7u <strong>en train de scroller sur son<br \/>\nt\u00e9l\u00e9phone<\/strong> \u00e0 de nombreuses reprises.<\/p>\n<p><a href=\"https:\/\/www.melty.fr\/people\/finale-de-roland-garros-pierre-niney-violemment-tacle-pour-son-attitude-en-tribunes-le-billet-vaut-un-smic-2240721.html\" target=\"_blank\" rel=\"noopener\"><br \/>\nUne attitude qui n\u2019a de toute \u00e9vidence pas plu aux internautes<\/a>,<br \/>\nalors nombreux \u00e0 partager leur col\u00e8re sur X. \u00ab\u00a0Mais Pierre<br \/>\nNiney, <strong>s\u2019il s\u2019emmerde tant \u00e0 Roland-Garros, qu\u2019il refile sa<br \/>\nplace hein<\/strong>, \u00e7a casse les couilles les stars qui ont des<br \/>\nplaces (gratuites) alors qu\u2019elles s\u2019en foutent totalement\u00a0\u00bb, \u00ab\u00a0Mais<br \/>\nPierre Niney, \u00e7a fait 45 minutes qu\u2019il est parti aux chiottes ou<br \/>\nquoi ?\u00a0\u00bb, \u00ab\u00a01h d\u2019absence, le temps d\u2019un caf\u00e9, deux stories, trois<br \/>\nposes. <strong>Le billet vaut un SMIC mais bon<\/strong>, chacun sa<br \/>\ndigestion\u00a0\u00bb, pouvait-on notamment lire. Un scandale dont le<br \/>\nprincipal int\u00e9ress\u00e9 se serait bien pass\u00e9.<\/p>\n","protected":false},"excerpt":{"rendered":"On ne le pr\u00e9sente plus. Depuis plusieurs ann\u00e9es maintenant, Pierre Niney est consid\u00e9r\u00e9 comme l\u2019un des acteurs pr\u00e9f\u00e9r\u00e9s&hellip;\n","protected":false},"author":2,"featured_media":167791,"comment_status":"","ping_status":"","sticky":false,"template":"","format":"standard","meta":{"footnotes":""},"categories":[1359],"tags":[905,58,59,1011,27,973,17758],"class_list":{"0":"post-167790","1":"post","2":"type-post","3":"status-publish","4":"format-standard","5":"has-post-thumbnail","7":"category-people","8":"tag-a-la-une-melty","9":"tag-divertissement","10":"tag-entertainment","11":"tag-fr","12":"tag-france","13":"tag-people","14":"tag-pierre-niney"},"share_on_mastodon":{"url":"https:\/\/pubeurope.com\/@fr\/114663928913615784","error":""},"_links":{"self":[{"href":"https:\/\/www.europesays.com\/fr\/wp-json\/wp\/v2\/posts\/167790","targetHints":{"allow":["GET"]}}],"collection":[{"href":"https:\/\/www.europesays.com\/fr\/wp-json\/wp\/v2\/posts"}],"about":[{"href":"https:\/\/www.europesays.com\/fr\/wp-json\/wp\/v2\/types\/post"}],"author":[{"embeddable":true,"href":"https:\/\/www.europesays.com\/fr\/wp-json\/wp\/v2\/users\/2"}],"replies":[{"embeddable":true,"href":"https:\/\/www.europesays.com\/fr\/wp-json\/wp\/v2\/comments?post=167790"}],"version-history":[{"count":0,"href":"https:\/\/www.europesays.com\/fr\/wp-json\/wp\/v2\/posts\/167790\/revisions"}],"wp:featuredmedia":[{"embeddable":true,"href":"https:\/\/www.europesays.com\/fr\/wp-json\/wp\/v2\/media\/167791"}],"wp:attachment":[{"href":"https:\/\/www.europesays.com\/fr\/wp-json\/wp\/v2\/media?parent=167790"}],"wp:term":[{"taxonomy":"category","embeddable":true,"href":"https:\/\/www.europesays.com\/fr\/wp-json\/wp\/v2\/categories?post=167790"},{"taxonomy":"post_tag","embeddable":true,"href":"https:\/\/www.europesays.com\/fr\/wp-json\/wp\/v2\/tags?post=167790"}],"curies":[{"name":"wp","href":"https:\/\/api.w.org\/{rel}","templated":true}]}}