{"id":167794,"date":"2025-06-11T09:05:14","date_gmt":"2025-06-11T09:05:14","guid":{"rendered":"https:\/\/www.europesays.com\/fr\/167794\/"},"modified":"2025-06-11T09:05:14","modified_gmt":"2025-06-11T09:05:14","slug":"100-livres-les-coups-de-coeur-de-la-librairie-le-neuf-a-saint-die","status":"publish","type":"post","link":"https:\/\/www.europesays.com\/fr\/167794\/","title":{"rendered":"100 % livres : les Coups de c\u0153ur de la Librairie Le Neuf \u00e0 Saint-Di\u00e9"},"content":{"rendered":"<p>Le 11 juin 2025 par Librairie Le Neuf Partenaire<\/p>\n<p><img width=\"500\" height=\"333\" src=\"https:\/\/www.europesays.com\/fr\/wp-content\/uploads\/2025\/06\/justin-dream-b-h6dyoycbc-unsplash-500x333.jpg\" class=\"attachment-x500 size-x500 wp-post-image\" alt=\"\" decoding=\"async\" fetchpriority=\"high\"  \/>\t\t\t\t\t\t\t\t<\/p>\n<p>\u00a9 Unsplash<\/p>\n<p>Prenez le temps et \u00e9vadez-vous gr\u00e2ce \u00e0 la librairie Le Neuf \u00e0 Saint-Di\u00e9-des-Vosges qui vous propose sa s\u00e9lection Coups de C\u0153ur.<\/p>\n<p>Roman<br \/>\n<img loading=\"lazy\" decoding=\"async\" width=\"386\" height=\"491\" src=\"https:\/\/www.europesays.com\/fr\/wp-content\/uploads\/2025\/06\/sacha-bertrand.png\" alt=\"\" class=\"wp-image-167347\" style=\"width:158px;height:auto\"  \/><\/p>\n<p>SACHA BERTRAND \/ 11 h 02, le vent se l\u00e8ve<\/p>\n<p><img loading=\"lazy\" decoding=\"async\" width=\"900\" height=\"1013\" src=\"https:\/\/www.europesays.com\/fr\/wp-content\/uploads\/2025\/06\/1749632713_314_image-5.png\" alt=\"\" class=\"wp-image-167349\" style=\"width:267px;height:auto\"  \/><\/p>\n<p><strong>\u00c9<\/strong><strong>ditions Paulsen \u2013 mai 2025 \u2013 19 \u20ac<\/strong><\/p>\n<p>Une cabane nich\u00e9e entre d\u2019immenses parois de granit, deux masques \u00e0 gaz, une horloge fig\u00e9e sur 11 h 02. Du monde d\u2019avant, il ne reste que Myriam qui lutte seule pour sa survie depuis sept ans. Et puis elle le trouve, lui, le petit \u00eatre de la tani\u00e8re, un enfant sauvage, elle l\u2019appellera Jonas et fera de lui son rempart contre la solitude. Elle lui apprendra tout de la vie, du langage, des livres.<\/p>\n<p>Un premier roman f\u00e9roce sur l\u2019emprise et une ode \u00e0 la vie sauvage par un jeune auteur qui a grandi dans le Champsaur, une r\u00e9gion \u00e0 laquelle il est rest\u00e9 attach\u00e9. Il travaille \u00e0 GAP.<\/p>\n<p>Olivier<\/p>\n<p>DIEGO MUZZIO \/ L\u2019\u0153il du Goliath<br \/>\n<img loading=\"lazy\" decoding=\"async\" width=\"683\" height=\"1000\" src=\"https:\/\/www.europesays.com\/fr\/wp-content\/uploads\/2025\/06\/image-6.png\" alt=\"\" class=\"wp-image-167350\" style=\"width:204px;height:auto\"  \/><\/p>\n<p>\u00c9ditions Ph\u00e9bus \u2013 avril 2025 \u2013 21,50 \u20ac<\/p>\n<p>\u00c9dimbourg, d\u00e9but du XXe\u00a0si\u00e8cle.<\/p>\n<p>Par une nuit d\u2019hiver, un psychiatre accueille un patient \u00e9trange : un jeune homme \u00e9puis\u00e9, qui mime la nage sans rel\u00e2che depuis des semaines. Ancien ing\u00e9nieur promis \u00e0 un brillant avenir, il a sombr\u00e9 apr\u00e8s un s\u00e9jour au phare de l\u2019\u0152il du Goliath, perdu au large de l\u2019Argentine. L\u00e0-bas, quelque chose l\u2019a suivi\u2026 et ne l\u2019a plus jamais quitt\u00e9.<\/p>\n<p>Laurena<\/p>\n<p>Essais<\/p>\n<p>OLIVIER LEGRAIN ET VINCENT EDIN \/ Sauver l\u2019information de l\u2019emprise des milliardaires<\/p>\n<p><img loading=\"lazy\" decoding=\"async\" width=\"223\" height=\"326\" src=\"https:\/\/www.europesays.com\/fr\/wp-content\/uploads\/2025\/06\/sauver-l-information.png\" alt=\"\" class=\"wp-image-167348\"\/><\/p>\n<p>\u00c9ditions Payot \u2013 mai 2025 \u2013 5 \u20ac<\/p>\n<p>La concentration des m\u00e9dias est \u00e0 son paroxysme, dix milliardaires accaparent \u00e0 eux seuls 90 % des ventes de quotidiens nationaux, 55 % de l\u2019audience des t\u00e9l\u00e9s et 40 % de celles des radios, auxquels on peut ajouter que deux d\u2019entre eux poss\u00e8dent aussi plus de 50 % du march\u00e9 de l\u2019\u00e9dition. Cette concentration est dangereuse pour la d\u00e9mocratie. Un petit livre salutaire \u00e0 mettre entre toutes les mains.<\/p>\n<p>Olivier<\/p>\n<p class=\"has-luminous-vivid-orange-color has-text-color has-link-color wp-elements-3ffde8cfbf7b82e04d0262fb92e2d5ff\"><strong>Librairie Le Neuf<\/strong><\/p>\n<p>5 Quai du Mar\u00e9chal Leclerc, Saint-Di\u00e9-des-Vosges<br \/>T\u00c9L. 03 29 56 16 71<\/p>\n<p><strong><a href=\"http:\/\/www.librairieleneuf.fr\/\" rel=\"nofollow noopener\" target=\"_blank\">www.librairieleneuf.fr<\/a><\/strong><\/p>\n","protected":false},"excerpt":{"rendered":"Le 11 juin 2025 par Librairie Le Neuf Partenaire \u00a9 Unsplash Prenez le temps et \u00e9vadez-vous gr\u00e2ce \u00e0&hellip;\n","protected":false},"author":2,"featured_media":167795,"comment_status":"","ping_status":"","sticky":false,"template":"","format":"standard","meta":{"footnotes":""},"categories":[1357],"tags":[1379,58,59,1011,27,14783,1380,2004],"class_list":{"0":"post-167794","1":"post","2":"type-post","3":"status-publish","4":"format-standard","5":"has-post-thumbnail","7":"category-livres","8":"tag-books","9":"tag-divertissement","10":"tag-entertainment","11":"tag-fr","12":"tag-france","13":"tag-librairie","14":"tag-livres","15":"tag-roman"},"share_on_mastodon":{"url":"https:\/\/pubeurope.com\/@fr\/114663936909436555","error":""},"_links":{"self":[{"href":"https:\/\/www.europesays.com\/fr\/wp-json\/wp\/v2\/posts\/167794","targetHints":{"allow":["GET"]}}],"collection":[{"href":"https:\/\/www.europesays.com\/fr\/wp-json\/wp\/v2\/posts"}],"about":[{"href":"https:\/\/www.europesays.com\/fr\/wp-json\/wp\/v2\/types\/post"}],"author":[{"embeddable":true,"href":"https:\/\/www.europesays.com\/fr\/wp-json\/wp\/v2\/users\/2"}],"replies":[{"embeddable":true,"href":"https:\/\/www.europesays.com\/fr\/wp-json\/wp\/v2\/comments?post=167794"}],"version-history":[{"count":0,"href":"https:\/\/www.europesays.com\/fr\/wp-json\/wp\/v2\/posts\/167794\/revisions"}],"wp:featuredmedia":[{"embeddable":true,"href":"https:\/\/www.europesays.com\/fr\/wp-json\/wp\/v2\/media\/167795"}],"wp:attachment":[{"href":"https:\/\/www.europesays.com\/fr\/wp-json\/wp\/v2\/media?parent=167794"}],"wp:term":[{"taxonomy":"category","embeddable":true,"href":"https:\/\/www.europesays.com\/fr\/wp-json\/wp\/v2\/categories?post=167794"},{"taxonomy":"post_tag","embeddable":true,"href":"https:\/\/www.europesays.com\/fr\/wp-json\/wp\/v2\/tags?post=167794"}],"curies":[{"name":"wp","href":"https:\/\/api.w.org\/{rel}","templated":true}]}}