{"id":167796,"date":"2025-06-11T09:06:10","date_gmt":"2025-06-11T09:06:10","guid":{"rendered":"https:\/\/www.europesays.com\/fr\/167796\/"},"modified":"2025-06-11T09:06:10","modified_gmt":"2025-06-11T09:06:10","slug":"la-savoyarde-celine-eliminee-de-koh-lanta-aux-portes-de-la-finale","status":"publish","type":"post","link":"https:\/\/www.europesays.com\/fr\/167796\/","title":{"rendered":"la Savoyarde C\u00e9line \u00e9limin\u00e9e de Koh-Lanta aux portes de la finale"},"content":{"rendered":"<p>C\u00e9line, <a href=\"https:\/\/www.ledauphine.com\/societe\/2025\/02\/21\/une-monitrice-de-ski-dans-koh-lanta-sur-tf1-mon-fort-caractere-et-mon-hypersensibilite-peuvent-me-jouer-des-tours\" target=\"_blank\" rel=\"nofollow noopener\">la candidate savoyarde<\/a> de la 27e \u00e9dition du jeu t\u00e9l\u00e9vis\u00e9 Koh-Lanta, a \u00e9t\u00e9 \u00e9limin\u00e9e mardi 10\u00a0juin, aux portes de la finale.<\/p>\n<p>La candidate issue de l\u2019\u00e9quipe verte, de l\u2019Est de la France, venait de remporter le jeu de confort et elle a \u00e9t\u00e9 \u00e9limin\u00e9e au dernier conseil, victime du \u00ab\u00a0plus gros coup de bluff de l\u2019histoire de Koh Lanta\u00a0\u00bb, selon les mots de l\u2019animateur <a href=\"https:\/\/www.ledauphine.com\/p\/denis-brogniart\" target=\"_blank\" rel=\"nofollow noopener\">Denis Brogniart<\/a>, au moment d\u2019\u00e9teindre son flambeau.<\/p>\n<p>  \u00ab\u00a0C&rsquo;est hyper dur\u00a0\u00bb<\/p>\n<p>\u00ab\u00a0Vous mettez fin \u00e0 mon aventure. Je ne vous en remercie pas, c\u2019est hyper dur. Je m\u2019\u00e9tais dit que je ne pleurerais pas, que je n\u2019en voudrais \u00e0 personne\u2026 Je pleure et franchement je vous en veux \u00e0 mort\u00a0\u00bb d\u00e9clarait C\u00e9line aux candidats qui l\u2019ont \u00e9limin\u00e9e.<\/p>\n<p><a href=\"https:\/\/www.ledauphine.com\/societe\/2025\/04\/15\/koh-lanta-depuis-le-cinquieme-jour-je-suis-en-mode-survie-la-savoyarde-celine-qualifiee-pour-la-reunification-vvvm\" target=\"_blank\" rel=\"nofollow noopener\">La Savoyarde<\/a>, maman de deux petites filles, commerciale dans le milieu sportif et membre de l\u2019\u00e9cole de ski de la station de Peisey-Vallandry, a particip\u00e9 \u00e0 l\u2019aventure sur l\u2019\u00eele pendant plus de 35 jours sur \u201cLa revanche des 4 Terres\u201d.<\/p>\n","protected":false},"excerpt":{"rendered":"C\u00e9line, la candidate savoyarde de la 27e \u00e9dition du jeu t\u00e9l\u00e9vis\u00e9 Koh-Lanta, a \u00e9t\u00e9 \u00e9limin\u00e9e mardi 10\u00a0juin, aux&hellip;\n","protected":false},"author":2,"featured_media":167797,"comment_status":"","ping_status":"","sticky":false,"template":"","format":"standard","meta":{"footnotes":""},"categories":[1356],"tags":[7002,7004,30118,5509,1687,58,7001,7003,59,107,1011,27,329,30119,30117,17015,5508,273,104,252,2205,1364],"class_list":{"0":"post-167796","1":"post","2":"type-post","3":"status-publish","4":"format-standard","5":"has-post-thumbnail","7":"category-television","8":"tag-aix-les-bains","9":"tag-albertville","10":"tag-bourg-saint-maurice","11":"tag-chambery","12":"tag-culture-loisirs","13":"tag-divertissement","14":"tag-edition-chambery-aix-les-bains","15":"tag-edition-tarentaise-maurienne","16":"tag-entertainment","17":"tag-fil-info","18":"tag-fr","19":"tag-france","20":"tag-france-monde","21":"tag-peisey-nancroix","22":"tag-peisey-vallandry","23":"tag-saint-jean-de-maurienne","24":"tag-savoie","25":"tag-selection-de-la-redaction","26":"tag-societe","27":"tag-television","28":"tag-television-medias","29":"tag-tv"},"share_on_mastodon":{"url":"https:\/\/pubeurope.com\/@fr\/114663940838132705","error":""},"_links":{"self":[{"href":"https:\/\/www.europesays.com\/fr\/wp-json\/wp\/v2\/posts\/167796","targetHints":{"allow":["GET"]}}],"collection":[{"href":"https:\/\/www.europesays.com\/fr\/wp-json\/wp\/v2\/posts"}],"about":[{"href":"https:\/\/www.europesays.com\/fr\/wp-json\/wp\/v2\/types\/post"}],"author":[{"embeddable":true,"href":"https:\/\/www.europesays.com\/fr\/wp-json\/wp\/v2\/users\/2"}],"replies":[{"embeddable":true,"href":"https:\/\/www.europesays.com\/fr\/wp-json\/wp\/v2\/comments?post=167796"}],"version-history":[{"count":0,"href":"https:\/\/www.europesays.com\/fr\/wp-json\/wp\/v2\/posts\/167796\/revisions"}],"wp:featuredmedia":[{"embeddable":true,"href":"https:\/\/www.europesays.com\/fr\/wp-json\/wp\/v2\/media\/167797"}],"wp:attachment":[{"href":"https:\/\/www.europesays.com\/fr\/wp-json\/wp\/v2\/media?parent=167796"}],"wp:term":[{"taxonomy":"category","embeddable":true,"href":"https:\/\/www.europesays.com\/fr\/wp-json\/wp\/v2\/categories?post=167796"},{"taxonomy":"post_tag","embeddable":true,"href":"https:\/\/www.europesays.com\/fr\/wp-json\/wp\/v2\/tags?post=167796"}],"curies":[{"name":"wp","href":"https:\/\/api.w.org\/{rel}","templated":true}]}}