{"id":167798,"date":"2025-06-11T09:07:11","date_gmt":"2025-06-11T09:07:11","guid":{"rendered":"https:\/\/www.europesays.com\/fr\/167798\/"},"modified":"2025-06-11T09:07:11","modified_gmt":"2025-06-11T09:07:11","slug":"je-souffre-elodie-frege-devoile-la-douloureuse-raison-pour-laquelle-elle-na-pas-denfants","status":"publish","type":"post","link":"https:\/\/www.europesays.com\/fr\/167798\/","title":{"rendered":"\u00ab\u00a0Je souffre\u00a0\u00bb\u00a0: \u00c9lodie Fr\u00e9g\u00e9 d\u00e9voile la douloureuse raison pour laquelle elle n&rsquo;a pas d&rsquo;enfants"},"content":{"rendered":"<p>      R\u00e9sum\u00e9<\/p>\n<p>Face \u00e0 Laurent Baffie, \u00c9lodie Fr\u00e9g\u00e9 a r\u00e9v\u00e9l\u00e9 ce dimanche 8 juin les raisons pour lesquelles elle n&rsquo;a pas d&rsquo;enfants. <\/p>\n<p>        Sommaire<\/p>\n<p>Pour \u00c9lodie Fr\u00e9g\u00e9, tout a commenc\u00e9 <strong>en 2003<\/strong> lors de la <strong>troisi\u00e8me saison de la \u00ab\u00a0Star Academy\u00a0\u00bb<\/strong>. Cette ann\u00e9e, face \u00e0 Michal, <a href=\"https:\/\/www.public.fr\/exclu-public-elodie-frege-star-academy-sa-nouvelle-conquete-un-vrai-top-chef\" target=\"_blank\" rel=\"noopener\">la candidate<\/a> a pu acc\u00e9der \u00e0 la notori\u00e9t\u00e9 en remportant le c\u00e9l\u00e8bre t\u00e9l\u00e9-crochet de TF1 <strong>derri\u00e8re Jenifer et Nolwenn Leroy<\/strong>. Depuis, elle chante, elle joue la com\u00e9die, elle s&rsquo;amuse \u00e0 la TV dans divers programmes. En effet, <a href=\"https:\/\/www.public.fr\/armande-altai-encense-elodie-frege-elle-la-prefere-a-jenifer-elle-peut-aller-se-coucher\" target=\"_blank\" rel=\"noopener\">la Bourguignonne<\/a> a <strong>plus d&rsquo;une corde \u00e0 son arc<\/strong>. Depuis sa sortie du ch\u00e2teau, elle a sorti <strong>quatre albums<\/strong>. Amuse-Bouches, le tout dernier, est sorti en 2013. Si ses fans r\u00eaveraient que leur idole sorte un nouvel opus, <a href=\"https:\/\/www.public.fr\/elodie-frege-j-ai-eu-envie-de-me-foutre-en-l-air\" target=\"_blank\" rel=\"noopener\">cette derni\u00e8re<\/a> n&rsquo;a toutefois <strong>pas le temps de s&rsquo;ennuyer.<\/strong><\/p>\n<p>En effet, c\u00f4t\u00e9 chant, elle <strong>multiplie les collaborations <\/strong>depuis dix ans. Ainsi, <a href=\"https:\/\/www.public.fr\/elle-a-bien-pris-la-grosse-tete-une-sacree-couche-d-orgueil-elle-se-prend-pas-pour-une-merde-cette-phrase-d-elodie-frege-qui-a-agace-les-internautes\" target=\"_blank\" rel=\"noopener\">la jeune femme de 43 ans<\/a> a partag\u00e9 le micro avec Alain Chamfort, Pascal Obispo, Emmanuel Moire et derni\u00e8rement <strong><a href=\"https:\/\/www.public.fr\/elisa-tovati-de-retour-en-chanson-son-etonnante-reprise-de-veronique-sanson-en-duo-avec-elodie-frege\" target=\"_blank\" rel=\"noopener\">avec \u00c9lisa Tovati<\/a><\/strong>. L&rsquo;an dernier, toutes les deux ont repris Dr\u00f4le de vie, chanson embl\u00e9matique de V\u00e9ronique Sanson. Mais ce n&rsquo;est pas tout. Outre la musique,<strong> \u00c9lodie Fr\u00e9g\u00e9 s&rsquo;est essay\u00e9e \u00e0 la com\u00e9die<\/strong>. Ainsi a-t-elle \u00e9t\u00e9 <strong>au casting d&rsquo;une dizaine de s\u00e9rie<\/strong>s dont Meurtres \u00e0 Millau, prochainement diffus\u00e9e sur France 3. Par ailleurs, au cin\u00e9ma, <a href=\"https:\/\/www.public.fr\/star-academy-elodie-frege-a-t-elle-vraiment-donne-500-000-euros-a-michal\" target=\"_blank\" rel=\"noopener\">la jolie rousse<\/a> a tourn\u00e9 en 2010 <strong>dans la com\u00e9die Potiche<\/strong> de Fran\u00e7ois Ozon avec Catherine Deneuve.<\/p>\n<p>Enfin, \u00e0 la TV, \u00c9lodie Fr\u00e9g\u00e9 s&rsquo;est aussi<strong> beaucoup amus\u00e9e<\/strong>. <a href=\"https:\/\/www.public.fr\/si-les-images-pouvaient-disparaitre-elodie-frege-s-en-prend-a-la-star-academy\" target=\"_blank\" rel=\"noopener\">Chroniqueuse <\/a>dans l&rsquo;\u00e9mission \u00ab\u00a0Monte le son\u00a0!\u00a0\u00bb en 2013 sur France 4, elle a aussi \u00e9t\u00e9 <strong>jur\u00e9e lors de l&rsquo;\u00e9lection de Miss France 2\u00a0014<\/strong>. L&rsquo;ann\u00e9e suivante, les t\u00e9l\u00e9spectateurs ont pu la retrouver dans la <strong>troisi\u00e8me saison de \u00ab\u00a0The Voice\u00a0\u00bb <\/strong>en tant que co-coach. Elle a \u00e9galement \u00e9t\u00e9 <a href=\"https:\/\/www.public.fr\/elodie-frege-se-confie-sur-ses-problemes-psychologiques\" target=\"_blank\" rel=\"noopener\">jur\u00e9e de \u00ab\u00a0Nouvelle Star\u00a0\u00bb<\/a> sur D8 de 2014 \u00e0 2016, jur\u00e9e de \u00ab\u00a0The Artist\u00a0\u00bb sur France 2 en 2021 ou encore de \u00ab\u00a0Mask Singer\u00a0\u00bb en 2023. Et <strong>la vie priv\u00e9e dans tout \u00e7a\u00a0?<\/strong><\/p>\n<p>\u00c9lodie Fr\u00e9g\u00e9\u00a0: ses confidences in\u00e9dites sur sa vie perso<\/p>\n<p>Ce dimanche 8\u00a0juin 2025, \u00c9lodie Fr\u00e9g\u00e9 \u00e9tait l&rsquo;invit\u00e9e de <a href=\"https:\/\/www.google.com\/url?sa=t&amp;source=web&amp;rct=j&amp;opi=89978449&amp;url=https:\/\/vsd.fr\/53332-meme-mon-pere-ne-ma-pas-reconnu-laurent-baffie-se-confie-sur-la-chirurgie-esthetique\/&amp;ved=2ahUKEwiqofv66-iNAxXEKvsDHSGPA00QFnoECBkQAQ&amp;usg=AOvVaw0fHLOytEbKjshlug52j8XO\" target=\"_blank\" rel=\"noopener\">Laurent Baffie<\/a> dans le podcast Coloscopie. La chanteuse, habituellement tr\u00e8s discr\u00e8te sur sa vie priv\u00e9e, s&rsquo;est confi\u00e9e sans filtre face \u00e0 <a href=\"https:\/\/www.google.com\/url?sa=t&amp;source=web&amp;rct=j&amp;opi=89978449&amp;url=https:\/\/vsd.fr\/6161-desabuse-laurent-baffie-explique-pourquoi-il-pourrait-bientot-arreter-la-tele\/&amp;ved=2ahUKEwiqofv66-iNAxXEKvsDHSGPA00QFnoECCMQAQ&amp;usg=AOvVaw2IyyZZeeSA-g0So-XBuoKu\" target=\"_blank\" rel=\"noopener\">l&rsquo;ex sniper de Thierry Ardisson<\/a>. Si elle demeure tr\u00e8s discr\u00e8te en ce qui concerne ses relations amoureuses, <a href=\"https:\/\/www.google.com\/url?sa=t&amp;source=web&amp;rct=j&amp;opi=89978449&amp;url=https:\/\/vsd.fr\/64462-ca-peut-etre-violent-elodie-frege-leve-le-voile-sur-les-consequences-de-sa-victoire-a-la-star-academy\/&amp;ved=2ahUKEwi2t43P7OiNAxWSVqQEHdWsMaQQFnoECBQQAQ&amp;usg=AOvVaw2YKe7xw3AbSCNtBrOB_lPj\" target=\"_blank\" rel=\"noopener\">la quadrag\u00e9naire<\/a> a toutefois expliqu\u00e9 <strong>la raison pour laquelle elle n&rsquo;avait pas d&rsquo;enfant<\/strong> <strong>\u00e0 ce stade<\/strong>. <\/p>\n<p>Ainsi quand <a href=\"https:\/\/www.google.com\/url?sa=t&amp;source=web&amp;rct=j&amp;opi=89978449&amp;url=https:\/\/vsd.fr\/59388-une-vache-un-boudin-lara-fabian-regle-ses-comptes-avec-thierry-ardisson-et-laurent-baffie-gros-derapages-en-plateau\/&amp;ved=2ahUKEwjN3cLh7eiNAxWdUaQEHWuwFAEQFnoECCIQAQ&amp;usg=AOvVaw2iZt_UHpey-gERFxYmvxvO\" target=\"_blank\" rel=\"noopener\">l&rsquo;humoriste de 67 ans<\/a> lui a demand\u00e9 si c&rsquo;\u00e9tait un choix, <a href=\"https:\/\/www.google.com\/url?sa=t&amp;source=web&amp;rct=j&amp;opi=89978449&amp;url=https:\/\/vsd.fr\/63678-pas-une-tache-facile-elodie-frege-scotchee-par-letrange-demande-de-son-ami-michal\/&amp;ved=2ahUKEwi2t43P7OiNAxWSVqQEHdWsMaQQFnoECBwQAQ&amp;usg=AOvVaw2trfaOJpoG86oL4Q7iYV46\" target=\"_blank\" rel=\"noopener\">cette derni\u00e8re<\/a> a r\u00e9torqu\u00e9\u00a0: \u00ab\u00a0<strong>Oui et non<\/strong>. C\u2019est vrai que<strong> ce n\u2019est pas quelque chose qui m\u2019a obs\u00e9d\u00e9e.<\/strong> [\u2026] Je connais beaucoup de gens qui me disent\u00a0: &lsquo;Mais moi je l\u2019ai senti en moi, j\u2019ai senti monter cette envie de vivre une maternit\u00e9, d\u2019\u00eatre m\u00e8re&rsquo;. Ou alors je me mens \u00e0 moi-m\u00eame, parce que je savais au fond de moi que j\u2019avais un souci\u00a0\u00bb, a-t-elle commenc\u00e9.<\/p>\n<p> Par ailleurs, <a href=\"https:\/\/www.google.com\/url?sa=t&amp;source=web&amp;rct=j&amp;opi=89978449&amp;url=https:\/\/vsd.fr\/74982-elodie-frege-et-benjamin-biolay-retour-sur-leur-collaboration\/&amp;ved=2ahUKEwj9gr6B7uiNAxVaZqQEHabsLVUQFnoECBQQAQ&amp;usg=AOvVaw0Bz3fw9M-Z1vj4EsrzeiNe\" target=\"_blank\" rel=\"noopener\">l&rsquo;ex candidate de la \u00ab\u00a0Star Academy\u00a0\u00bb<\/a> a confi\u00e9\u00a0: \u00ab\u00a0<strong>Je souffre d\u2019endom\u00e9triose donc j\u2019ai quelques difficult\u00e9s.<\/strong> [\u2026] \u00c7a peut provoquer le fait d\u2019\u00eatre infertile. <strong>Tu es st\u00e9rile, ou pas. Moi je ne le suis pas<\/strong>\u00ab\u00a0, a-t-elle divulgu\u00e9 en toute transparence. Une <strong>maladie qui touche une femme sur dix<\/strong> en France.<\/p>\n<p>      Mentionn\u00e9s dans cet article<\/p>\n<p>\u00c0 lire aussi<\/p>\n","protected":false},"excerpt":{"rendered":"R\u00e9sum\u00e9 Face \u00e0 Laurent Baffie, \u00c9lodie Fr\u00e9g\u00e9 a r\u00e9v\u00e9l\u00e9 ce dimanche 8 juin les raisons pour lesquelles elle&hellip;\n","protected":false},"author":2,"featured_media":167799,"comment_status":"","ping_status":"","sticky":false,"template":"","format":"standard","meta":{"footnotes":""},"categories":[1355],"tags":[58,30120,847,59,1011,27,196,15761,5875,1361,873,5095,199],"class_list":{"0":"post-167798","1":"post","2":"type-post","3":"status-publish","4":"format-standard","5":"has-post-thumbnail","7":"category-musique","8":"tag-divertissement","9":"tag-elodie-frege","10":"tag-enfant","11":"tag-entertainment","12":"tag-fr","13":"tag-france","14":"tag-grossesse","15":"tag-maternite","16":"tag-mere","17":"tag-music","18":"tag-musique","19":"tag-star-academy","20":"tag-tf1"},"share_on_mastodon":{"url":"https:\/\/pubeurope.com\/@fr\/114663944774467658","error":""},"_links":{"self":[{"href":"https:\/\/www.europesays.com\/fr\/wp-json\/wp\/v2\/posts\/167798","targetHints":{"allow":["GET"]}}],"collection":[{"href":"https:\/\/www.europesays.com\/fr\/wp-json\/wp\/v2\/posts"}],"about":[{"href":"https:\/\/www.europesays.com\/fr\/wp-json\/wp\/v2\/types\/post"}],"author":[{"embeddable":true,"href":"https:\/\/www.europesays.com\/fr\/wp-json\/wp\/v2\/users\/2"}],"replies":[{"embeddable":true,"href":"https:\/\/www.europesays.com\/fr\/wp-json\/wp\/v2\/comments?post=167798"}],"version-history":[{"count":0,"href":"https:\/\/www.europesays.com\/fr\/wp-json\/wp\/v2\/posts\/167798\/revisions"}],"wp:featuredmedia":[{"embeddable":true,"href":"https:\/\/www.europesays.com\/fr\/wp-json\/wp\/v2\/media\/167799"}],"wp:attachment":[{"href":"https:\/\/www.europesays.com\/fr\/wp-json\/wp\/v2\/media?parent=167798"}],"wp:term":[{"taxonomy":"category","embeddable":true,"href":"https:\/\/www.europesays.com\/fr\/wp-json\/wp\/v2\/categories?post=167798"},{"taxonomy":"post_tag","embeddable":true,"href":"https:\/\/www.europesays.com\/fr\/wp-json\/wp\/v2\/tags?post=167798"}],"curies":[{"name":"wp","href":"https:\/\/api.w.org\/{rel}","templated":true}]}}