{"id":167800,"date":"2025-06-11T09:08:08","date_gmt":"2025-06-11T09:08:08","guid":{"rendered":"https:\/\/www.europesays.com\/fr\/167800\/"},"modified":"2025-06-11T09:08:08","modified_gmt":"2025-06-11T09:08:08","slug":"le-rendez-vous-de-lete-indomptables-life-of-chuck-nos-critiques-des-sorties-cinema-de-la-semaine-liberation","status":"publish","type":"post","link":"https:\/\/www.europesays.com\/fr\/167800\/","title":{"rendered":"\u00abLe Rendez-vous de l\u2019\u00e9t\u00e9\u00bb, \u00abIndomptables\u00bb, \u00abLife of Chuck\u00bb\u2026 Nos critiques des sorties cin\u00e9ma de la semaine \u2013 Lib\u00e9ration"},"content":{"rendered":"<p class=\"sc-ksZaOG ehjQrN text-element\">Pour aider nos lecteurs \u00e0 s\u2019y retrouver dans une offre culturelle foisonnante, les journalistes du service Culture de Lib\u00e9 vous d\u00e9blaient le terrain dans l\u2019actualit\u00e9 des sorties de films, d\u2019albums, de spectacles, de s\u00e9ries et d\u2019expositions. <a href=\"https:\/\/www.liberation.fr\/selections-culture\/\" rel=\"noopener\" title=\"https:\/\/www.liberation.fr\/selections-culture\/\" target=\"_blank\">Retrouvez l\u2019ensemble de nos s\u00e9lections<\/a>.<\/p>\n<p class=\"sc-ksZaOG ehjQrN text-element\">Tourn\u00e9 en pleine fi\u00e8vre des JO, le premier long m\u00e9trage de Valentine Cadic suit l\u2019errance d\u2019une vacanci\u00e8re venue retrouver une s\u0153ur perdue de vue, dans un Paris chamboul\u00e9. Une chronique burlesque et m\u00e9lancolique. <a href=\"https:\/\/www.liberation.fr\/culture\/cinema\/le-rendez-vous-de-lete-sort-les-grands-jeux-20250610_WP5IT3E7PRG6JIL4F4FNI2IABM\/\" target=\"_blank\" rel=\"noopener\" title=\"https:\/\/www.liberation.fr\/culture\/cinema\/le-rendez-vous-de-lete-sort-les-grands-jeux-20250610_WP5IT3E7PRG6JIL4F4FNI2IABM\/\">Lire notre critique<\/a> et <a href=\"https:\/\/www.liberation.fr\/culture\/cinema\/valentine-cadic-on-voulait-creuser-la-vulnerabilite-detre-dans-un-endroit-quon-ne-connait-pas-20250611_QLSMMMWUHJHBDK2QYC3L4CRLEE\/\" target=\"_blank\" rel=\"noopener\" title=\"https:\/\/www.liberation.fr\/culture\/cinema\/valentine-cadic-on-voulait-creuser-la-vulnerabilite-detre-dans-un-endroit-quon-ne-connait-pas-20250611_QLSMMMWUHJHBDK2QYC3L4CRLEE\/\">interview de la r\u00e9alisatrice<\/a>. <\/p>\n<\/p>\n<p class=\"sc-ksZaOG ehjQrN text-element\">Le premier long m\u00e9trage de Luna Carmoon plonge sans jugement dans le fatras naus\u00e9eux d\u2019une relation m\u00e8re-fille dysfonctionnelle, avec deux actrices ph\u00e9nom\u00e9nales. <a href=\"https:\/\/www.liberation.fr\/culture\/cinema\/une-cineaste-touchee-par-la-crasse-20250610_VWSWFCEOMVFPFAYX2GMVD7RH3U \/\" target=\"_blank\" rel=\"noopener\" title=\"https:\/\/www.liberation.fr\/culture\/cinema\/une-cineaste-touchee-par-la-crasse-20250610_VWSWFCEOMVFPFAYX2GMVD7RH3U \/\">Lire notre critique<\/a>. <\/p>\n<\/p>\n<p class=\"sc-ksZaOG ehjQrN text-element\">En qu\u00eate des paroles perdues d\u2019activistes de l\u2019ind\u00e9pendance alg\u00e9rienne, Rapha\u00ebl Pillosio fait \u00e9merger l\u2019\u00e9motion, \u00e0 d\u00e9faut de certitudes. <a href=\"https:\/\/www.liberation.fr\/culture\/cinema\/les-mots-quelles-eurent-un-jour-histoire-sans-paroles-20250610_VG5COQRKGRCU5JV7FRDBDNZS5A\/\" target=\"_blank\" rel=\"noopener\" title=\"https:\/\/www.liberation.fr\/culture\/cinema\/les-mots-quelles-eurent-un-jour-histoire-sans-paroles-20250610_VG5COQRKGRCU5JV7FRDBDNZS5A\/\">Lire notre critique<\/a>.<\/p>\n<\/p>\n<p class=\"sc-ksZaOG ehjQrN text-element\">Evocation \u00e9l\u00e9giaque de la vie d\u2019un comptable myst\u00e9rieusement li\u00e9 \u00e0 l\u2019apocalypse, le film de Mike Flanagan fr\u00f4le l\u2019overdose de bons sentiments mais brille par son regard port\u00e9 sur la fin de l\u2019enfance, entre na\u00efvet\u00e9 et noirceur. <a href=\"https:\/\/www.liberation.fr\/culture\/cinema\/life-of-chuck-dapres-stephen-king-candeur-dame-20250610_VA3CA3UH4ZGHBKPMES2UQ45U3U\/\" target=\"_blank\" rel=\"noopener\" title=\"https:\/\/www.liberation.fr\/culture\/cinema\/life-of-chuck-dapres-stephen-king-candeur-dame-20250610_VA3CA3UH4ZGHBKPMES2UQ45U3U\/\">Lire notre critique.<\/a><\/p>\n<\/p>\n<p class=\"sc-ksZaOG ehjQrN text-element\">La cin\u00e9aste fran\u00e7aise d\u2019origine irakienne propose un tr\u00e8s r\u00e9ussi autoportrait musical et polyglotte autour de ses souvenirs et de la place que chacun doit se trouver dans le monde. <a href=\"https:\/\/www.liberation.fr\/culture\/cinema\/dabdul-a-leila-leila-albayaty-retisse-les-fils-de-sa-memoire-20250611_5CMXFYGHRFHIVEIPLOPV4LX32Q\/\" target=\"_blank\" rel=\"noreferrer noopener\" title=\"https:\/\/www.liberation.fr\/culture\/cinema\/dabdul-a-leila-leila-albayaty-retisse-les-fils-de-sa-memoire-20250611_5CMXFYGHRFHIVEIPLOPV4LX32Q\/\">Lire notre critique.<\/a><\/p>\n<\/p>\n<p class=\"sc-ksZaOG ehjQrN text-element\">Loin du registre comique, l\u2019humoriste fictionnalise un documentaire tourn\u00e9 en C\u00f4te-d\u2019Ivoire et le transpose au Cameroun. Original et efficace. <a href=\"https:\/\/www.liberation.fr\/culture\/cinema\/indomptables-thomas-ngijol-et-la-mecanique-dun-flic-20250610_WRHQATXMEFFVTKEPV2UE5PFLI4\/\" target=\"_blank\" rel=\"noopener\" title=\"https:\/\/www.liberation.fr\/culture\/cinema\/indomptables-thomas-ngijol-et-la-mecanique-dun-flic-20250610_WRHQATXMEFFVTKEPV2UE5PFLI4\/\">Lire notre critique.<\/a><\/p>\n<\/p>\n<p class=\"sc-ksZaOG ehjQrN text-element\">Port\u00e9 par une formidable actrice, Jehnny Beth, le film prend la forme d\u2019un expos\u00e9 trop appliqu\u00e9 et p\u00e9dagogique sur l\u2019autisme. <a href=\"https:\/\/www.liberation.fr\/culture\/cinema\/differente-met-les-bouchees-troubles-20250611_JSAW6WY2CRBX5NQCNZ6DDNNP4A\/\" target=\"_blank\" rel=\"noopener\" title=\"https:\/\/www.liberation.fr\/culture\/cinema\/differente-met-les-bouchees-troubles-20250611_JSAW6WY2CRBX5NQCNZ6DDNNP4A\/\">Lire notre critique<\/a>. <\/p>\n<\/p>\n<p class=\"sc-ksZaOG ehjQrN text-element\">Vif mais parfois maladroit, le film de Karan Kandhari trouve tout son int\u00e9r\u00eat dans son regard sur la m\u00e9gapole. <a href=\"https:\/\/www.liberation.fr\/culture\/cinema\/sister-midnight-bombay-a-la-renverse-20250610_VWLIPM3V5JGCZHZIONCYSMJUAY\/\" target=\"_blank\" rel=\"noopener\" title=\"https:\/\/www.liberation.fr\/culture\/cinema\/sister-midnight-bombay-a-la-renverse-20250610_VWLIPM3V5JGCZHZIONCYSMJUAY\/\">Lire notre critique.<\/a> <\/p>\n<\/p>\n<p class=\"sc-ksZaOG ehjQrN text-element\"><b>Bref, riche semaine, o\u00f9 l\u2019on erre dans le Paris des JO 2024 avec Blandine Madec, on part en qu\u00eate des paroles oubli\u00e9es d\u2019activistes de l\u2019ind\u00e9pendance alg\u00e9rienne, on relit Stephen King avec Mike Flanagan et on plonge dans un maelstr\u00f6m oedipien dans le Londres des ann\u00e9es 80. Chaque jour, retrouvez les choix du service Culture de <\/b><b>Lib\u00e9 <\/b><b>: expositions le lundi, th\u00e9\u00e2tre, danse et op\u00e9ra le mardi, sorties cin\u00e9 le mercredi, musique le vendredi, s\u00e9ries le dimanche. Ainsi que le Top 10 de la semaine le samedi. Tout ce qui nous a plu (et parfois d\u00e9plu) dans l\u2019actualit\u00e9 de la culture.<\/b><\/p>\n","protected":false},"excerpt":{"rendered":"Pour aider nos lecteurs \u00e0 s\u2019y retrouver dans une offre culturelle foisonnante, les journalistes du service Culture de&hellip;\n","protected":false},"author":2,"featured_media":167801,"comment_status":"","ping_status":"","sticky":false,"template":"","format":"standard","meta":{"footnotes":""},"categories":[1354],"tags":[58,59,1346,1011,27,1360,6517],"class_list":{"0":"post-167800","1":"post","2":"type-post","3":"status-publish","4":"format-standard","5":"has-post-thumbnail","7":"category-films","8":"tag-divertissement","9":"tag-entertainment","10":"tag-films","11":"tag-fr","12":"tag-france","13":"tag-movies","14":"tag-sorties-cinema"},"share_on_mastodon":{"url":"https:\/\/pubeurope.com\/@fr\/114663948837004099","error":""},"_links":{"self":[{"href":"https:\/\/www.europesays.com\/fr\/wp-json\/wp\/v2\/posts\/167800","targetHints":{"allow":["GET"]}}],"collection":[{"href":"https:\/\/www.europesays.com\/fr\/wp-json\/wp\/v2\/posts"}],"about":[{"href":"https:\/\/www.europesays.com\/fr\/wp-json\/wp\/v2\/types\/post"}],"author":[{"embeddable":true,"href":"https:\/\/www.europesays.com\/fr\/wp-json\/wp\/v2\/users\/2"}],"replies":[{"embeddable":true,"href":"https:\/\/www.europesays.com\/fr\/wp-json\/wp\/v2\/comments?post=167800"}],"version-history":[{"count":0,"href":"https:\/\/www.europesays.com\/fr\/wp-json\/wp\/v2\/posts\/167800\/revisions"}],"wp:featuredmedia":[{"embeddable":true,"href":"https:\/\/www.europesays.com\/fr\/wp-json\/wp\/v2\/media\/167801"}],"wp:attachment":[{"href":"https:\/\/www.europesays.com\/fr\/wp-json\/wp\/v2\/media?parent=167800"}],"wp:term":[{"taxonomy":"category","embeddable":true,"href":"https:\/\/www.europesays.com\/fr\/wp-json\/wp\/v2\/categories?post=167800"},{"taxonomy":"post_tag","embeddable":true,"href":"https:\/\/www.europesays.com\/fr\/wp-json\/wp\/v2\/tags?post=167800"}],"curies":[{"name":"wp","href":"https:\/\/api.w.org\/{rel}","templated":true}]}}