{"id":167811,"date":"2025-06-11T09:14:09","date_gmt":"2025-06-11T09:14:09","guid":{"rendered":"https:\/\/www.europesays.com\/fr\/167811\/"},"modified":"2025-06-11T09:14:09","modified_gmt":"2025-06-11T09:14:09","slug":"le-gouverneur-californien-gavin-newsom-accuse-donald-trump-de-menacer-la-democratie-americaine","status":"publish","type":"post","link":"https:\/\/www.europesays.com\/fr\/167811\/","title":{"rendered":"le gouverneur californien Gavin Newsom accuse Donald Trump de menacer la d\u00e9mocratie am\u00e9ricaine"},"content":{"rendered":"<p>Alors que Los Angeles est le th\u00e9\u00e2tre depuis cinq jours d\u2019affrontements entre forces de l\u2019ordre et des manifestants oppos\u00e9s aux expulsions de sans-papiers, le gouverneur d\u00e9mocrate de Californie s\u2019en est pris publiquement au pr\u00e9sident am\u00e9ricain dans un discours diffus\u00e9 ce mardi.<\/p>\n<p class=\"fig-paragraph\">Le gouverneur de\u00a0<a href=\"http:\/\/www.lefigaro.fr\/vox\/monde\/la-californie-incubateur-meconnu-du-trumpisme-20250610\" target=\"_blank\" data-fig-type=\"Article\" rel=\"noopener\" data-gtm-custom-categorie=\"navigation\" data-gtm-custom-action=\"crossclick\" data-gtm-custom-label=\"Contextuel\" data-gtm-event=\"customEventSPE\" data-fig-domain=\"LEFIGARO\">Californie<\/a>\u00a0a hauss\u00e9 le ton et lanc\u00e9 un d\u00e9fi \u00e0 Donald Trump. \u00abLa d\u00e9mocratie est attaqu\u00e9e\u00bb, a dit Gavin Newsom dans une allocution diffus\u00e9e mardi soir, o\u00f9 il a accus\u00e9 le pr\u00e9sident de se livrer \u00e0 de dangereux abus de pouvoir. \u00abSous nos yeux, le moment que nous redoutions est arriv\u00e9. Trump entreprend la d\u00e9molition\u2026 de notre projet historique, les trois branches \u00e9gales d\u2019un gouvernement ind\u00e9pendant qui n\u2019ont plus aucun contrepoids\u00bb.\u00a0<\/p>\n<p class=\"fig-paragraph\">Le gouverneur d\u00e9mocrate de l\u2019\u00c9tat le plus riche et le plus peupl\u00e9 des \u00c9tats-Unis\u00a0<a href=\"http:\/\/www.lefigaro.fr\/international\/pourquoi-donald-trump-veut-utiliser-la-garde-nationale-a-los-angeles-20250610\" target=\"_blank\" data-fig-type=\"Article\" rel=\"noopener\" data-gtm-custom-categorie=\"navigation\" data-gtm-custom-action=\"crossclick\" data-gtm-custom-label=\"Contextuel\" data-gtm-event=\"customEventSPE\" data-fig-domain=\"LEFIGARO\">a d\u00e9nonc\u00e9 la f\u00e9d\u00e9ralisation de la Garde Nationale de Californie<\/a>, ce qui a selon lui contribu\u00e9 \u00e0 aggraver la situation dans les rues de Los Angeles. \u00abCet abus de pouvoir flagrant de la part d\u2019un pr\u00e9sident a envenim\u00e9 une situation explosive, mettant en danger notre population, nos agents et m\u00eame notre Garde nationale\u2026. Il attisait encore plus les flammes, et il l\u2019a fait d\u00e9lib\u00e9r\u00e9ment&#8230; Les manifestations ont repris. Dans la nuit, plusieurs dizaines de contrevenants sont\u2026<\/p>\n<p class=\"fig-premium-paywall__infos\">\n        Cet article est r\u00e9serv\u00e9 aux abonn\u00e9s.        Il vous reste 87% \u00e0 d\u00e9couvrir.\n    <\/p>\n<p>                <img  data- alt=\"Le Figaro\" class=\"fig-img--complete fig-img\"\/><\/p>\n<p class=\"fig-premium-paywall__title\">Vente Flash<\/p>\n<p class=\"fig-premium-paywall__subtitle\">3,99\u20ac par mois pendant 12 mois. Sans engagement.<\/p>\n<p class=\"fig-premium-paywall__connect\">\n                D\u00e9j\u00e0 abonn\u00e9\u00a0?                <a class=\"fig-premium-paywall__connect-link\" href=\"https:\/\/connect.lefigaro.fr\/login?client=horizon_web&amp;type=main&amp;redirect_uri=https%3A%2F%2Fwww.lefigaro.fr%2Finternational%2Femeutes-anti-expulsions-a-los-angeles-le-gouverneur-californien-gavin-newsom-accuse-donald-trump-de-menacer-la-democratie-americaine-20250611\" data-js-gtm=\"{&quot;customCategorie&quot;: &quot;conversion&quot;, &quot;customAction&quot;: &quot;before_Landing_Connexion_paywall_auto&quot;, &quot;customLabel&quot;: &quot;bGVmaWdhcm8uZnJfXzFmMDQ2NzcyLWU1OWMtNjMzYy1iZGMzLThkNzgwMDI4MGIwYl9fQXJ0aWNsZQ==_\u00c9meutes anti-expulsions \u00e0 Los Angeles\u00a0: le gouverneur californien Gavin Newsom accuse Donald Trump de menacer la d\u00e9mocratie am\u00e9ricaine_551&quot;, &quot;customIDSPE&quot;: &quot;bGVmaWdhcm8uZnJfXzFmMDQ2NzcyLWU1OWMtNjMzYy1iZGMzLThkNzgwMDI4MGIwYl9fQXJ0aWNsZQ==&quot;, &quot;event&quot;: &quot;customEventSPE&quot;}\" target=\"_blank\" rel=\"noopener\"><br \/>\n                    Connectez-vous<br \/>\n                <\/a>\n            <\/p>\n","protected":false},"excerpt":{"rendered":"Alors que Los Angeles est le th\u00e9\u00e2tre depuis cinq jours d\u2019affrontements entre forces de l\u2019ordre et des manifestants&hellip;\n","protected":false},"author":2,"featured_media":167812,"comment_status":"","ping_status":"","sticky":false,"template":"","format":"standard","meta":{"footnotes":""},"categories":[5],"tags":[259,11,260,2139,75,1011,27,30121,14,6116,261,12,262,28],"class_list":{"0":"post-167811","1":"post","2":"type-post","3":"status-publish","4":"format-standard","5":"has-post-thumbnail","7":"category-international","8":"tag-actualite-internationale","9":"tag-actualites","10":"tag-affaires-etrangeres","11":"tag-californie","12":"tag-donald-trump","13":"tag-fr","14":"tag-france","15":"tag-gavin-newsom","16":"tag-international","17":"tag-los-angeles","18":"tag-ministere-des-affaires-etrangeres","19":"tag-news","20":"tag-politique-etrangere","21":"tag-world"},"share_on_mastodon":{"url":"https:\/\/pubeurope.com\/@fr\/114663972131117759","error":""},"_links":{"self":[{"href":"https:\/\/www.europesays.com\/fr\/wp-json\/wp\/v2\/posts\/167811","targetHints":{"allow":["GET"]}}],"collection":[{"href":"https:\/\/www.europesays.com\/fr\/wp-json\/wp\/v2\/posts"}],"about":[{"href":"https:\/\/www.europesays.com\/fr\/wp-json\/wp\/v2\/types\/post"}],"author":[{"embeddable":true,"href":"https:\/\/www.europesays.com\/fr\/wp-json\/wp\/v2\/users\/2"}],"replies":[{"embeddable":true,"href":"https:\/\/www.europesays.com\/fr\/wp-json\/wp\/v2\/comments?post=167811"}],"version-history":[{"count":0,"href":"https:\/\/www.europesays.com\/fr\/wp-json\/wp\/v2\/posts\/167811\/revisions"}],"wp:featuredmedia":[{"embeddable":true,"href":"https:\/\/www.europesays.com\/fr\/wp-json\/wp\/v2\/media\/167812"}],"wp:attachment":[{"href":"https:\/\/www.europesays.com\/fr\/wp-json\/wp\/v2\/media?parent=167811"}],"wp:term":[{"taxonomy":"category","embeddable":true,"href":"https:\/\/www.europesays.com\/fr\/wp-json\/wp\/v2\/categories?post=167811"},{"taxonomy":"post_tag","embeddable":true,"href":"https:\/\/www.europesays.com\/fr\/wp-json\/wp\/v2\/tags?post=167811"}],"curies":[{"name":"wp","href":"https:\/\/api.w.org\/{rel}","templated":true}]}}